{"id":1168,"date":"2026-01-26T05:15:58","date_gmt":"2026-01-26T05:15:58","guid":{"rendered":"https:\/\/lifevery.biz.ua\/?p=1168"},"modified":"2026-01-26T05:15:58","modified_gmt":"2026-01-26T05:15:58","slug":"wkurzylem-sie-adam-malysz-nie-wytrzymal-po-doniesieniach-ws-wosp","status":"publish","type":"post","link":"https:\/\/lifevery.biz.ua\/?p=1168","title":{"rendered":"&#8220;Wkurzy\u0142em si\u0119&#8221;. Adam Ma\u0142ysz nie wytrzyma\u0142 po doniesieniach ws. WO\u015aP"},"content":{"rendered":"\n<p>Jedno zdanie wystarczy\u0142o, by wywo\u0142a\u0107 burz\u0119 wok\u00f3\u0142 nazwiska jednego z najbardziej rozpoznawalnych polskich sportowc\u00f3w. Adam Ma\u0142ysz, kt\u00f3ry od lat anga\u017cuje si\u0119 w pomoc charytatywn\u0105, nagle znalaz\u0142 si\u0119 w centrum medialnego zamieszania. Sprawa szybko nabra\u0142a emocji, a sam zainteresowany postanowi\u0142 jasno i bez ogr\u00f3dek zabra\u0107 g\u0142os.<\/p>\n\n\n\n<p>Adam Ma\u0142ysz i WO\u015aP \u2013 lata wsparcia oraz medialne nieporozumienia<br>\u201eSkok do \u017cycia\u201d wywo\u0142a\u0142 zamieszanie. Sk\u0105d wzi\u0119\u0142y si\u0119 plotki o odej\u015bciu Ma\u0142ysza z WO\u015aP?<br>\u201eWkurzy\u0142em si\u0119\u201d \u2013 Adam Ma\u0142ysz ostro dementuje doniesienia<br>Adam Ma\u0142ysz i WO\u015aP \u2013 lata wsparcia oraz medialne nieporozumienia<br>Adam Ma\u0142ysz od lat nie ukrywa, \u017ce wspieranie inicjatyw spo\u0142ecznych i charytatywnych jest dla niego czym\u015b naturalnym. Wielka Orkiestra \u015awi\u0105tecznej Pomocy to jedna z akcji, z kt\u00f3rymi by\u0142 i nadal jest kojarzony. W 2026 roku WO\u015aP ponownie zmobilizowa\u0142a setki tysi\u0119cy os\u00f3b w Polsce i za granic\u0105, zbieraj\u0105c \u015brodki na zakup sprz\u0119tu do diagnostyki i leczenia dzieci na oddzia\u0142ach gastroenterologii. W gronie wspieraj\u0105cych znalaz\u0142o si\u0119 wielu sportowc\u00f3w, artyst\u00f3w i celebryt\u00f3w, a nazwisko Ma\u0142ysza regularnie pojawia si\u0119 w tym kontek\u015bcie.<\/p>\n\n\n\n<p>Rok wcze\u015bniej wok\u00f3\u0142 by\u0142ego skoczka narciarskiego naros\u0142y jednak niejasno\u015bci. Wszystko za spraw\u0105 jego udzia\u0142u w innej inicjatywie charytatywnej, co zosta\u0142o przez cz\u0119\u015b\u0107 medi\u00f3w zinterpretowane w spos\u00f3b, kt\u00f3ry szybko wzbudzi\u0142 kontrowersje.<\/p>\n\n\n\n<p>\u201eSkok do \u017cycia\u201d wywo\u0142a\u0142 zamieszanie. Sk\u0105d wzi\u0119\u0142y si\u0119 plotki o odej\u015bciu Ma\u0142ysza z WO\u015aP?<br>W 2025 roku Adam Ma\u0142ysz wspar\u0142 akcj\u0119 charytatywn\u0105 \u201eSkok do \u017cycia\u201d, kt\u00f3rej celem by\u0142a pomoc wychowankom dom\u00f3w dziecka. Na potrzeby tej inicjatywy sportowiec przekaza\u0142 kilka swoich osobistych przedmiot\u00f3w przeznaczonych na licytacje. To w\u0142a\u015bnie ten gest sta\u0142 si\u0119 punktem wyj\u015bcia do publikacji portalu Interia, kt\u00f3ry zasugerowa\u0142, \u017ce Ma\u0142ysz rezygnuje ze wspierania Wielkiej Orkiestry \u015awi\u0105tecznej Pomocy i decyduje si\u0119 na rol\u0119 ambasadora innej akcji.<\/p>\n\n\n\n<p>Taka interpretacja szybko dotar\u0142a do samego zainteresowanego i wywo\u0142a\u0142a jego zdecydowan\u0105 reakcj\u0119. By\u0142y mistrz nie zamierza\u0142 pozostawi\u0107 sprawy bez komentarza i jednoznacznie zaprzeczy\u0142, jakoby odcina\u0142 si\u0119 od WO\u015aP czy zmienia\u0142 swoje podej\u015bcie do pomagania.<br><\/p>\n\n\n\n<p>\u201eWkurzy\u0142em si\u0119\u201d \u2013 Adam Ma\u0142ysz ostro dementuje doniesienia i jasno deklaruje poparcie dla WO\u015aP<br>Adam Ma\u0142ysz nie kry\u0142 emocji, komentuj\u0105c pojawiaj\u0105ce si\u0119 w przestrzeni publicznej sugestie. W rozmowach z dziennikarzami m\u00f3wi\u0142 wprost:&nbsp;<\/p>\n\n\n\n<p>\u2013 Wspieramy wszystkie akcje, kt\u00f3re tego potrzebuj\u0105. Wkurzy\u0142em si\u0119, powiem szczerze, jak gdzie\u015b us\u0142ysza\u0142em, \u017ce Ma\u0142ysz ju\u017c nie wspiera WO\u015aP, odszed\u0142 od WO\u015aP, bo wspiera akcj\u0119 Hormanna \u201cSkok do \u017cycia\u201d. No kurcz\u0119 blade, no! Nie powinno tego w og\u00f3le by\u0107 \u2013 podkre\u015bla\u0142 Adam Ma\u0142ysz, jasno dementuj\u0105c medialne doniesienia.<\/p>\n\n\n\n<p>W 2026 roku nie ma ju\u017c \u017cadnych w\u0105tpliwo\u015bci co do jego zaanga\u017cowania w dzie\u0142o Jurka Owsiaka. Na aukcjach WO\u015aP pojawi\u0142y si\u0119 bowiem wyj\u0105tkowe propozycje przekazane przez Ma\u0142ysza, w tym mo\u017cliwo\u015b\u0107 spotkania ze skoczkiem oraz udzia\u0142 w biegu flagowym Wings for Life World Run.&nbsp;<\/p>\n\n\n\n<p>R\u00f3wnolegle w fina\u0142 Orkiestry w\u0142\u0105czy\u0142y si\u0119 tak\u017ce inne znane postacie \u2013 Iga \u015awi\u0105tek przekaza\u0142a rakiet\u0119 z podpisem, kt\u00f3r\u0105 wygra\u0142a Wimbledon, Maciej Musia\u0142 zaoferowa\u0142 taniec poloneza w stroju z \u201ePana Tadeusza\u201d, a Wersow wystawi\u0142a na licytacj\u0119 swoj\u0105 sukni\u0119 \u015blubn\u0105. To wszystko pokazuje, \u017ce dla wielu os\u00f3b ze \u015bwiata sportu i show-biznesu wspieranie WO\u015aP pozostaje wa\u017cnym i wsp\u00f3lnym celem.<br><\/p>\n","protected":false},"excerpt":{"rendered":"Jedno zdanie wystarczy\u0142o, by wywo\u0142a\u0107 burz\u0119 wok\u00f3\u0142 nazwiska jednego z najbardziej rozpoznawalnych polskich sportowc\u00f3w. Adam Ma\u0142ysz, kt\u00f3ry od lat anga\u017cuje si\u0119 w pomoc \n<a class=\"moretag\" href=\"https:\/\/lifevery.biz.ua\/?p=1168\"> [...]<\/a>","protected":false},"author":1,"featured_media":1169,"comment_status":"open","ping_status":"open","sticky":false,"template":"","format":"standard","meta":{"footnotes":""},"categories":[1],"tags":[],"class_list":["post-1168","post","type-post","status-publish","format-standard","has-post-thumbnail","hentry","category-blog"],"_links":{"self":[{"href":"https:\/\/lifevery.biz.ua\/index.php?rest_route=\/wp\/v2\/posts\/1168","targetHints":{"allow":["GET"]}}],"collection":[{"href":"https:\/\/lifevery.biz.ua\/index.php?rest_route=\/wp\/v2\/posts"}],"about":[{"href":"https:\/\/lifevery.biz.ua\/index.php?rest_route=\/wp\/v2\/types\/post"}],"author":[{"embeddable":true,"href":"https:\/\/lifevery.biz.ua\/index.php?rest_route=\/wp\/v2\/users\/1"}],"replies":[{"embeddable":true,"href":"https:\/\/lifevery.biz.ua\/index.php?rest_route=%2Fwp%2Fv2%2Fcomments&post=1168"}],"version-history":[{"count":1,"href":"https:\/\/lifevery.biz.ua\/index.php?rest_route=\/wp\/v2\/posts\/1168\/revisions"}],"predecessor-version":[{"id":1170,"href":"https:\/\/lifevery.biz.ua\/index.php?rest_route=\/wp\/v2\/posts\/1168\/revisions\/1170"}],"wp:featuredmedia":[{"embeddable":true,"href":"https:\/\/lifevery.biz.ua\/index.php?rest_route=\/wp\/v2\/media\/1169"}],"wp:attachment":[{"href":"https:\/\/lifevery.biz.ua\/index.php?rest_route=%2Fwp%2Fv2%2Fmedia&parent=1168"}],"wp:term":[{"taxonomy":"category","embeddable":true,"href":"https:\/\/lifevery.biz.ua\/index.php?rest_route=%2Fwp%2Fv2%2Fcategories&post=1168"},{"taxonomy":"post_tag","embeddable":true,"href":"https:\/\/lifevery.biz.ua\/index.php?rest_route=%2Fwp%2Fv2%2Ftags&post=1168"}],"curies":[{"name":"wp","href":"https:\/\/api.w.org\/{rel}","templated":true}]}}