{"id":1162,"date":"2026-01-26T05:11:25","date_gmt":"2026-01-26T05:11:25","guid":{"rendered":"https:\/\/lifevery.biz.ua\/?p=1162"},"modified":"2026-01-26T05:11:25","modified_gmt":"2026-01-26T05:11:25","slug":"zona-owsiaka-nagle-pojawila-sie-w-tvn-widzowie-uslyszeli-to","status":"publish","type":"post","link":"https:\/\/lifevery.biz.ua\/?p=1162","title":{"rendered":"\u017bona Owsiaka nagle pojawi\u0142a si\u0119 w TVN. Widzowie us\u0142yszeli to"},"content":{"rendered":"\n<p>W trakcie trwaj\u0105cego 34. Fina\u0142u Wielkiej Orkiestry \u015awi\u0105tecznej Pomocy Lidia Nied\u017awiedzka-Owsiak, \u017cona Jerzego Owsiaka i dyrektorka ds. medycznych fundacji, pojawi\u0142a si\u0119 w programie &#8220;Fakty po Faktach&#8221; na antenie TVN24. Podzieli\u0142a si\u0119 swoimi obserwacjami na temat atmosfery wydarzenia, podkre\u015blaj\u0105c jego wyj\u0105tkowo\u015b\u0107.<\/p>\n\n\n\n<p>Fina\u0142 lepszy od poprzedniego<br>Atmosfera i obserwacje z ca\u0142ej Polski<br>Cel medyczny i nadzieje na przysz\u0142o\u015b\u0107<br>Rola fundacji i znaczenie wsparcia<br>Fina\u0142 lepszy od poprzedniego<br>Lidia Nied\u017awiedzka-Owsiak zaznaczy\u0142a, \u017ce tegoroczny Fina\u0142 WO\u015aP r\u00f3\u017cni si\u0119 znacz\u0105co od edycji z 2025 roku. W\u00f3wczas atmosfera by\u0142a napi\u0119ta, a organizatorzy musieli mierzy\u0107 si\u0119 z fal\u0105 krytyki i hejtu.&nbsp;<\/p>\n\n\n\n<ul class=\"wp-block-list\">\n<li>W zesz\u0142ym roku by\u0142o du\u017co hejtu, Fina\u0142 by\u0142 bardzo nerwowy. Bardzo niefajnie by\u0142o w pewnych momentach \u2013 powiedzia\u0142a dla \u201cTVN24\u201d.<\/li>\n<\/ul>\n\n\n\n<p>Tym razem wszystko przebiega inaczej. Od rana panuje optymizm, a uczestnicy wydarzenia s\u0105 pe\u0142ni entuzjazmu. Dyrektorka ds. medycznych fundacji podkre\u015bli\u0142a, \u017ce w studiu WO\u015aP czu\u0107 &#8220;cudown\u0105 atmosfer\u0119&#8221;, co widoczne jest r\u00f3wnie\u017c w relacjach z r\u00f3\u017cnych cz\u0119\u015bci kraju.<\/p>\n\n\n\n<p>Jej wypowied\u017a podkre\u015bla zmian\u0119 na lepsze, co mo\u017ce by\u0107 wynikiem wi\u0119kszego wsparcia spo\u0142ecznego. Widzowie us\u0142yszeli te s\u0142owa w kontek\u015bcie trwaj\u0105cej zbi\u00f3rki, co dodatkowo motywuje do udzia\u0142u w akcji.<\/p>\n\n\n\n<p>Atmosfera i obserwacje z ca\u0142ej Polski<br>Wed\u0142ug Lidii Nied\u017awiedzkiej-Owsiak, tegoroczny fina\u0142 toczy si\u0119 w rytmie rado\u015bci i spokoju.&nbsp;<\/p>\n\n\n\n<ul class=\"wp-block-list\">\n<li>Dzisiaj od rana jest cudownie. Wszyscy s\u0105 u\u015bmiechni\u0119ci, rado\u015bni. Robimy to wszystko p\u0142ynnie, nie spieszymy si\u0119 za bardzo \u2013 stwierdzi\u0142a.<\/li>\n<\/ul>\n\n\n\n<p>Patrz\u0105c na migawki z ca\u0142ej Polski, wsz\u0119dzie panuje podobna energia. To obejmuje zar\u00f3wno g\u0142\u00f3wne studio, jak i lokalne inicjatywy, gdzie wolontariusze zbieraj\u0105 datki na rzecz dzieci.<br><\/p>\n\n\n\n<p>Cel medyczny i nadzieje na przysz\u0142o\u015b\u0107<\/p>\n\n\n\n<ol start=\"34\" class=\"wp-block-list\">\n<li>Fina\u0142 WO\u015aP skupia si\u0119 na wsparciu najm\u0142odszych pacjent\u00f3w z chorobami przewodu pokarmowego. Has\u0142o &#8220;Zdrowe brzuszki naszych dzieci&#8221; podkre\u015bla potrzeb\u0119 inwestycji w diagnostyk\u0119 i leczenie, co jest priorytetem fundacji.<\/li>\n<\/ol>\n\n\n\n<p>Lidia Nied\u017awiedzka-Owsiak ma bezpo\u015bredni wgl\u0105d w te potrzeby. Jej wypowied\u017a nie tylko podsumowa\u0142a bie\u017c\u0105cy dzie\u0144, ale te\u017c wyrazi\u0142a optymizm co do efekt\u00f3w zbi\u00f3rki.<\/p>\n\n\n\n<p>Na zako\u0144czenie rozmowy podzieli\u0142a si\u0119 oczekiwaniami:&nbsp;<\/p>\n\n\n\n<ul class=\"wp-block-list\">\n<li>Mam nadziej\u0119, \u017ce ca\u0142y dzie\u0144 do ko\u0144ca b\u0119dzie tak pi\u0119kny i tak fantastyczny, jak do tej pory.<\/li>\n<\/ul>\n\n\n\n<p>Rola fundacji i znaczenie wsparcia<br>Fundacja WO\u015aP, kierowana przez Jerzego Owsiaka i jego \u017con\u0119, od lat wspiera polsk\u0105 s\u0142u\u017cb\u0119 zdrowia. Lidia Nied\u017awiedzka-Owsiak pe\u0142ni w niej kluczow\u0105 rol\u0119, nadzoruj\u0105c aspekty medyczne projekt\u00f3w.<\/p>\n\n\n\n<p>Jej obecno\u015b\u0107 w mediach pomaga w promocji cel\u00f3w fina\u0142u. Widzowie us\u0142yszeli nie tylko o pozytywnej atmosferze, ale te\u017c o realnym wp\u0142ywie datk\u00f3w na zdrowie dzieci.<br><\/p>\n","protected":false},"excerpt":{"rendered":"W trakcie trwaj\u0105cego 34. Fina\u0142u Wielkiej Orkiestry \u015awi\u0105tecznej Pomocy Lidia Nied\u017awiedzka-Owsiak, \u017cona Jerzego Owsiaka i dyrektorka ds. medycznych fundacji, pojawi\u0142a si\u0119 w programie \n<a class=\"moretag\" href=\"https:\/\/lifevery.biz.ua\/?p=1162\"> [...]<\/a>","protected":false},"author":1,"featured_media":1163,"comment_status":"open","ping_status":"open","sticky":false,"template":"","format":"standard","meta":{"footnotes":""},"categories":[1],"tags":[],"class_list":["post-1162","post","type-post","status-publish","format-standard","has-post-thumbnail","hentry","category-blog"],"_links":{"self":[{"href":"https:\/\/lifevery.biz.ua\/index.php?rest_route=\/wp\/v2\/posts\/1162","targetHints":{"allow":["GET"]}}],"collection":[{"href":"https:\/\/lifevery.biz.ua\/index.php?rest_route=\/wp\/v2\/posts"}],"about":[{"href":"https:\/\/lifevery.biz.ua\/index.php?rest_route=\/wp\/v2\/types\/post"}],"author":[{"embeddable":true,"href":"https:\/\/lifevery.biz.ua\/index.php?rest_route=\/wp\/v2\/users\/1"}],"replies":[{"embeddable":true,"href":"https:\/\/lifevery.biz.ua\/index.php?rest_route=%2Fwp%2Fv2%2Fcomments&post=1162"}],"version-history":[{"count":1,"href":"https:\/\/lifevery.biz.ua\/index.php?rest_route=\/wp\/v2\/posts\/1162\/revisions"}],"predecessor-version":[{"id":1164,"href":"https:\/\/lifevery.biz.ua\/index.php?rest_route=\/wp\/v2\/posts\/1162\/revisions\/1164"}],"wp:featuredmedia":[{"embeddable":true,"href":"https:\/\/lifevery.biz.ua\/index.php?rest_route=\/wp\/v2\/media\/1163"}],"wp:attachment":[{"href":"https:\/\/lifevery.biz.ua\/index.php?rest_route=%2Fwp%2Fv2%2Fmedia&parent=1162"}],"wp:term":[{"taxonomy":"category","embeddable":true,"href":"https:\/\/lifevery.biz.ua\/index.php?rest_route=%2Fwp%2Fv2%2Fcategories&post=1162"},{"taxonomy":"post_tag","embeddable":true,"href":"https:\/\/lifevery.biz.ua\/index.php?rest_route=%2Fwp%2Fv2%2Ftags&post=1162"}],"curies":[{"name":"wp","href":"https:\/\/api.w.org\/{rel}","templated":true}]}}