{"id":11512,"date":"2026-05-01T19:33:23","date_gmt":"2026-05-01T19:33:23","guid":{"rendered":"https:\/\/lifevery.biz.ua\/?p=11512"},"modified":"2026-05-01T19:33:23","modified_gmt":"2026-05-01T19:33:23","slug":"cialo-zolnierza-na-terenie-jednostki-wojskowej-w-akcji-prokuratura","status":"publish","type":"post","link":"https:\/\/lifevery.biz.ua\/?p=11512","title":{"rendered":"Cia\u0142o \u017co\u0142nierza na terenie jednostki wojskowej. W akcji prokuratura"},"content":{"rendered":"\n<p>Jak informuje dziennik \u201cRzeczpospolita\u201d, na terenie jednostki wojskowej w Braniewie (woj. warmi\u0144sko-mazurskie), znaleziono cia\u0142o \u017co\u0142nierza. Post\u0119powanie w tej sprawie prowadzi Prokuratura Rejonowa Olsztyn Po\u0142udnie.&nbsp;<\/p>\n\n\n\n<p>Znaleziono zw\u0142oki \u017co\u0142nierza<br>Do zdarzenia dosz\u0142o we wtorek 4 czerwca. W\u00f3wczas to na terenie og\u00f3lnodost\u0119pnego parkingu, przy mieszcz\u0105cej si\u0119 na ul. Sikorskiego 41 w Braniewie jednostce wojskowej, znaleziono cia\u0142o \u017co\u0142nierza.<\/p>\n\n\n\n<p>W Braniewie stacjonuje 9. Braniewska Brygada Kawalerii Pancernej. Wiadomo, \u017ce zmar\u0142y wojskowy, to 44-letni \u017co\u0142nierz zasadniczej s\u0142u\u017cby wojskowej.\u00a0<br><\/p>\n\n\n\n<p>Prokuratura wkroczy\u0142a do akcji<br>Post\u0119powanie w tej sprawie prowadzi Prokuratura Rejonowa Olsztyn Po\u0142udnie &#8211; dzia\u0142 do spraw wojskowych. Dotyczy ono &#8220;doprowadzenia namow\u0105 lub poprzez udzielenie pomocy do targni\u0119cia si\u0119 na swoje \u017cycie przez Mariusza M., lat 44, tj. o czyn z art. 151 kk.&#8221;. Bliskim zmar\u0142ego \u017co\u0142nierza zapewniono wsparcie i opiek\u0119 psychologiczn\u0105.<\/p>\n\n\n\n<p>Wszystkie okoliczno\u015bci zdarzenia wyja\u015bnia Prokuratura Rejonowa Olsztyn Po\u0142udnie (dzia\u0142 do spraw wojskowych). Bliskim zmar\u0142ego \u017co\u0142nierza zapewniono wsparcie i\u00a0opiek\u0119 psychologiczn\u0105 &#8211;\u00a0powiedzieli przedstawiciele jednostki w rozmowie z &#8220;Rzeczpospolit\u0105&#8221;.<br><\/p>\n\n\n\n<p>Komentarz ministra obrony narodowej<br>Do sprawy odni\u00f3s\u0142 si\u0119 minister obrony narodowej W\u0142adys\u0142aw Kosiniak-Kamysz. W swojej wypowiedzi polityk zaznaczy\u0142, \u017ce tragiczne wydarzenie nie mia\u0142o miejsca podczas s\u0142u\u017cby.&nbsp;<\/p>\n\n\n\n<p>Minister powo\u0142a\u0142 si\u0119 r\u00f3wnie\u017c na statystki, wed\u0142ug kt\u00f3rych w 2022 r. dosz\u0142o do 30 samob\u00f3jstw w armii, a w roku 2023 takich zdarze\u0144 by\u0142o 22.<\/p>\n\n\n\n<p>Je\u015bli chodzi o spraw\u0119 w Braniewie, dochodzenie prowadzi prokuratura. To nie odbywa\u0142o si\u0119 w toku wykonywania czynno\u015bci s\u0142u\u017cbowych, nie by\u0142o to na s\u0142u\u017cbie, ani podczas \u0107wicze\u0144. Z takimi zdarzeniami w 200-tysi\u0119cznej armii dochodzi tak jak w ka\u017cdej spo\u0142eczno\u015bci, w ka\u017cdej grupie zawodowej &#8211; powiedzia\u0142 we wtorek 11 czerwca.<\/p>\n\n\n\n<p><\/p>\n","protected":false},"excerpt":{"rendered":"Jak informuje dziennik \u201cRzeczpospolita\u201d, na terenie jednostki wojskowej w Braniewie (woj. warmi\u0144sko-mazurskie), znaleziono cia\u0142o \u017co\u0142nierza. Post\u0119powanie w tej sprawie prowadzi Prokuratura Rejonowa Olsztyn \n<a class=\"moretag\" href=\"https:\/\/lifevery.biz.ua\/?p=11512\"> [...]<\/a>","protected":false},"author":1,"featured_media":11513,"comment_status":"open","ping_status":"open","sticky":false,"template":"","format":"standard","meta":{"footnotes":""},"categories":[1],"tags":[],"class_list":["post-11512","post","type-post","status-publish","format-standard","has-post-thumbnail","hentry","category-blog"],"_links":{"self":[{"href":"https:\/\/lifevery.biz.ua\/index.php?rest_route=\/wp\/v2\/posts\/11512","targetHints":{"allow":["GET"]}}],"collection":[{"href":"https:\/\/lifevery.biz.ua\/index.php?rest_route=\/wp\/v2\/posts"}],"about":[{"href":"https:\/\/lifevery.biz.ua\/index.php?rest_route=\/wp\/v2\/types\/post"}],"author":[{"embeddable":true,"href":"https:\/\/lifevery.biz.ua\/index.php?rest_route=\/wp\/v2\/users\/1"}],"replies":[{"embeddable":true,"href":"https:\/\/lifevery.biz.ua\/index.php?rest_route=%2Fwp%2Fv2%2Fcomments&post=11512"}],"version-history":[{"count":1,"href":"https:\/\/lifevery.biz.ua\/index.php?rest_route=\/wp\/v2\/posts\/11512\/revisions"}],"predecessor-version":[{"id":11514,"href":"https:\/\/lifevery.biz.ua\/index.php?rest_route=\/wp\/v2\/posts\/11512\/revisions\/11514"}],"wp:featuredmedia":[{"embeddable":true,"href":"https:\/\/lifevery.biz.ua\/index.php?rest_route=\/wp\/v2\/media\/11513"}],"wp:attachment":[{"href":"https:\/\/lifevery.biz.ua\/index.php?rest_route=%2Fwp%2Fv2%2Fmedia&parent=11512"}],"wp:term":[{"taxonomy":"category","embeddable":true,"href":"https:\/\/lifevery.biz.ua\/index.php?rest_route=%2Fwp%2Fv2%2Fcategories&post=11512"},{"taxonomy":"post_tag","embeddable":true,"href":"https:\/\/lifevery.biz.ua\/index.php?rest_route=%2Fwp%2Fv2%2Ftags&post=11512"}],"curies":[{"name":"wp","href":"https:\/\/api.w.org\/{rel}","templated":true}]}}