{"id":1151,"date":"2026-01-25T21:34:34","date_gmt":"2026-01-25T21:34:34","guid":{"rendered":"https:\/\/lifevery.biz.ua\/?p=1151"},"modified":"2026-01-25T21:34:34","modified_gmt":"2026-01-25T21:34:34","slug":"nie-do-wiary-jak-potraktowali-nawrockich-na-litwie-czegos-takiego-nie-przewidzieli-nagranie-obieglo-caly-kraj","status":"publish","type":"post","link":"https:\/\/lifevery.biz.ua\/?p=1151","title":{"rendered":"Nie do wiary, jak potraktowali Nawrockich na Litwie. Czego\u015b takiego nie przewidzieli, nagranie obieg\u0142o ca\u0142y kraj"},"content":{"rendered":"\n<p>Podczas niedawnej wizyty na Litwie&nbsp;<strong>Karol Nawrocki wraz z \u017con\u0105 Mart\u0105 Nawrock\u0105<\/strong>&nbsp;do\u015bwiadczyli wyj\u0105tkowego powitania, kt\u00f3re w mediach spo\u0142eczno\u015bciowych zyska\u0142o ogromn\u0105 popularno\u015b\u0107. Nagranie z tego momentu zacz\u0119\u0142o kr\u0105\u017cy\u0107 w sieci, zdobywaj\u0105c setki tysi\u0119cy wy\u015bwietle\u0144 i komentarzy.<\/p>\n\n\n\n<ul class=\"wp-block-list\">\n<li>Czytaj te\u017c:\u00a0<a href=\"https:\/\/wlocie.pl\/spoleczenstwo\/pilna-wiadomosc-od-policji-wszystko-w-samym-srodku-wosp\">Pilna wiadomo\u015b\u0107 od Policji. Wszystko w samym \u015brodku WO\u015aP<\/a><\/li>\n<\/ul>\n\n\n\n<h2 class=\"wp-block-heading\">Oficjalne spotkania i uroczysto\u015bci w Wilnie<\/h2>\n\n\n\n<p>Polska para prezydencka uczestniczy\u0142a w obchodach zwi\u0105zanych z&nbsp;<strong>rocznic\u0105 Powstania Styczniowego<\/strong>&nbsp;w stolicy Litwy. W programie wizyty znalaz\u0142a si\u0119 msza w wile\u0144skiej katedrze, oficjalne rozmowy delegacji oraz wsp\u00f3lne ceremonie z przyw\u00f3dcami Litwy i Ukrainy. Obecno\u015b\u0107 przedstawicieli trzech pa\u0144stw podkre\u015bli\u0142a wag\u0119 wsp\u00f3\u0142pracy regionu na tle wsp\u00f3lnych wyzwa\u0144 bezpiecze\u0144stwa i historii.<\/p>\n\n\n\n<ul class=\"wp-block-list\">\n<li>Zobacz tak\u017ce:\u00a0<a href=\"https:\/\/wlocie.pl\/gwiazdy\/doda-nie-miala-litosci-dla-tuska-po-tym-co-stalo-sie-w-schronisku-w-sobolewie-padly-mocne-slowa\">Doda nie mia\u0142a lito\u015bci dla Tuska po tym co sta\u0142o si\u0119 w schronisku w Sobolewie. Pad\u0142y mocne s\u0142owa<\/a><\/li>\n<\/ul>\n\n\n\n<h2 class=\"wp-block-heading\">Temat bezpiecze\u0144stwa regionu w centrum rozm\u00f3w<\/h2>\n\n\n\n<p>Podczas konferencji prasowej uczestnicy wizyty nie unikali najwa\u017cniejszych kwestii wsp\u00f3\u0142czesnej polityki. Temat rosyjskiej agresji wobec Ukrainy zosta\u0142 uznany za jedno z g\u0142\u00f3wnych zagro\u017ce\u0144 dla bezpiecze\u0144stwa ca\u0142ego regionu Europy \u015arodkowej i Wschodniej. Wypowiedzi lider\u00f3w odzwierciedli\u0142y gotowo\u015b\u0107 do kontynuowania dialogu i wsparcia militarnego oraz dyplomatycznego, w tym w zakresie wsp\u00f3lnych program\u00f3w obronnych.<\/p>\n\n\n\n<h2 class=\"wp-block-heading\">Niezwyk\u0142e powitanie na Rossie<\/h2>\n\n\n\n<p>Najwi\u0119ksze emocje wzbudzi\u0142o jednak spontaniczne przyj\u0119cie pary prezydenckiej na cmentarzu&nbsp;<strong>na Rossie<\/strong>, miejscu historycznym i&nbsp;<a href=\"http:\/\/wp.pl\/\">symbolicznym<\/a>&nbsp;dla Polak\u00f3w i Litwin\u00f3w. T\u0142um mieszka\u0144c\u00f3w Wilna powita\u0142 Karola Nawrockiego i Mart\u0119 Nawrock\u0105 z entuzjazmem i okrzykami wdzi\u0119czno\u015bci. Ludzie podchodzili do pary, prosz\u0105c o wsp\u00f3lne zdj\u0119cia i wyra\u017caj\u0105c serdeczne gesty uznania.<\/p>\n\n\n\n<p>W nagraniu z tego momentu s\u0142ycha\u0107 spontaniczne okrzyki i oklaski, kt\u00f3re podkre\u015bli\u0142y silne wi\u0119zi pami\u0119ci historycznej i \u017cyczliwo\u015b\u0107 wobec go\u015bci z Polski. Emocje obecne na miejscu \u015bwiadczy\u0142y o g\u0142\u0119bokim szacunku, jaki mieszka\u0144cy Litwy \u017cywi\u0105 wobec polskiej delegacji. Nagranie szybko sta\u0142o si\u0119 jednym z najcz\u0119\u015bciej udost\u0119pnianych materia\u0142\u00f3w na portalach spo\u0142eczno\u015bciowych tego dnia.<\/p>\n\n\n\n<h2 class=\"wp-block-heading\">Symbole, historia i wsp\u00f3\u0142czesno\u015b\u0107<\/h2>\n\n\n\n<p>To nietypowe przyj\u0119cie w Wilnie pokazuje, \u017ce&nbsp;<strong>relacje mi\u0119dzy Polsk\u0105 a Litw\u0105 maj\u0105 wielowymiarowy charakter<\/strong>. Historyczne miejsca i wsp\u00f3lne ceremonie nada\u0142y tej wizycie szczeg\u00f3lny wymiar, kt\u00f3ry dla wielu obserwator\u00f3w sta\u0142 si\u0119 obrazem \u017cywej solidarno\u015bci mi\u0119dzy narodami. W obliczu obecnych napi\u0119\u0107 geopolitycznych taki sygna\u0142 wsparcia nabiera jeszcze wi\u0119kszego znaczenia.<\/p>\n\n\n\n<p>Emocje i reakcje, jakie wywo\u0142a\u0142o nagranie, pokazuj\u0105, \u017ce obecno\u015b\u0107 Karola i Marty Nawrockich w Wilnie by\u0142a nie tylko politycznym wydarzeniem, lecz tak\u017ce wydarzeniem spo\u0142ecznym, kt\u00f3re poruszy\u0142o wiele os\u00f3b po obu stronach granicy.<\/p>\n","protected":false},"excerpt":{"rendered":"Podczas niedawnej wizyty na Litwie&nbsp;Karol Nawrocki wraz z \u017con\u0105 Mart\u0105 Nawrock\u0105&nbsp;do\u015bwiadczyli wyj\u0105tkowego powitania, kt\u00f3re w mediach spo\u0142eczno\u015bciowych zyska\u0142o ogromn\u0105 popularno\u015b\u0107. Nagranie z tego \n<a class=\"moretag\" href=\"https:\/\/lifevery.biz.ua\/?p=1151\"> [...]<\/a>","protected":false},"author":1,"featured_media":1152,"comment_status":"open","ping_status":"open","sticky":false,"template":"","format":"standard","meta":{"footnotes":""},"categories":[1],"tags":[],"class_list":["post-1151","post","type-post","status-publish","format-standard","has-post-thumbnail","hentry","category-blog"],"_links":{"self":[{"href":"https:\/\/lifevery.biz.ua\/index.php?rest_route=\/wp\/v2\/posts\/1151","targetHints":{"allow":["GET"]}}],"collection":[{"href":"https:\/\/lifevery.biz.ua\/index.php?rest_route=\/wp\/v2\/posts"}],"about":[{"href":"https:\/\/lifevery.biz.ua\/index.php?rest_route=\/wp\/v2\/types\/post"}],"author":[{"embeddable":true,"href":"https:\/\/lifevery.biz.ua\/index.php?rest_route=\/wp\/v2\/users\/1"}],"replies":[{"embeddable":true,"href":"https:\/\/lifevery.biz.ua\/index.php?rest_route=%2Fwp%2Fv2%2Fcomments&post=1151"}],"version-history":[{"count":1,"href":"https:\/\/lifevery.biz.ua\/index.php?rest_route=\/wp\/v2\/posts\/1151\/revisions"}],"predecessor-version":[{"id":1153,"href":"https:\/\/lifevery.biz.ua\/index.php?rest_route=\/wp\/v2\/posts\/1151\/revisions\/1153"}],"wp:featuredmedia":[{"embeddable":true,"href":"https:\/\/lifevery.biz.ua\/index.php?rest_route=\/wp\/v2\/media\/1152"}],"wp:attachment":[{"href":"https:\/\/lifevery.biz.ua\/index.php?rest_route=%2Fwp%2Fv2%2Fmedia&parent=1151"}],"wp:term":[{"taxonomy":"category","embeddable":true,"href":"https:\/\/lifevery.biz.ua\/index.php?rest_route=%2Fwp%2Fv2%2Fcategories&post=1151"},{"taxonomy":"post_tag","embeddable":true,"href":"https:\/\/lifevery.biz.ua\/index.php?rest_route=%2Fwp%2Fv2%2Ftags&post=1151"}],"curies":[{"name":"wp","href":"https:\/\/api.w.org\/{rel}","templated":true}]}}