{"id":11435,"date":"2026-05-01T05:55:36","date_gmt":"2026-05-01T05:55:36","guid":{"rendered":"https:\/\/lifevery.biz.ua\/?p=11435"},"modified":"2026-05-01T05:55:36","modified_gmt":"2026-05-01T05:55:36","slug":"nawrocki-uderzyl-w-tuska-padly-ostre-slowa-to-byla-wielka-glupota","status":"publish","type":"post","link":"https:\/\/lifevery.biz.ua\/?p=11435","title":{"rendered":"Nawrocki uderzy\u0142 w Tuska, pad\u0142y ostre s\u0142owa. \u201eTo by\u0142a wielka g\u0142upota\u201d"},"content":{"rendered":"\n<p>Karol Nawrocki w najnowszym wywiadzie odni\u00f3s\u0142 si\u0119 do kontrowersyjnych s\u0142\u00f3w Donalda Tuska. Premier w rozmowie z \u201eFinancial Times\u201d m\u00f3wi\u0142, \u017ce Rosja mo\u017ce zaatakowa\u0107 jednego z cz\u0142onk\u00f3w NATO w perspektywie miesi\u0119cy. Wobec tych s\u0142\u00f3w prezydent nie m\u00f3g\u0142 przej\u015b\u0107 oboj\u0119tnie.<\/p>\n\n\n\n<p>Donald Tusk o mo\u017cliwej wojnie<br>Wywiad Donalda Tuska dla \u201eFinancial Times\u201d odbi\u0142 si\u0119 szerokim echem. Premier podczas rozmowy wspomina\u0142, \u017ce Polska jest traktowana przez USA jako jeden z kraj\u00f3w sojuszniczych, ale wa\u017cne jest dla niego to, jak ta pomoc wygl\u0105da\u0142aby w przypadku, gdyby \u201eco\u015b si\u0119 wydarzy\u0142o\u201d. Opr\u00f3cz tego powiedzia\u0142, a wr\u0119cz ostrzeg\u0142, \u017ce Rosja mo\u017ce zaatakowa\u0107 jednego z cz\u0142onk\u00f3w sojuszu NATO i jest to perspektywa \u201eraczej miesi\u0119cy ni\u017c lat\u201d.<\/p>\n\n\n\n<ul class=\"wp-block-list\">\n<li>Je\u015bli premier RP m\u00f3wi wprost, \u017ce Polsce grozi ze strony Rosji za kilka miesi\u0119cy wojna, to nale\u017ca\u0142oby rozpocz\u0105\u0107 daleko id\u0105ce przygotowania a nie wydaje nam si\u0119, aby premier realnie takie dzia\u0142ania podejmowa\u0142. Wi\u0119c albo jest cz\u0142owiekiem niepowa\u017cnym, albo ukrywa informacje, trzeciej mo\u017cliwo\u015bci tutaj nie ma \u2013 skomentowa\u0142 s\u0142owa Donalda Tuska Marcin Przydacz, szef Biura Polityki Mi\u0119dzynarodowej.<\/li>\n<\/ul>\n\n\n\n<p>Marcin Przydacz poinformowa\u0142, \u017ce otrzyma\u0142 upowa\u017cnienie od Karola Nawrockiego, aby wyja\u015bni\u0107 t\u0119 spraw\u0119. Mo\u017ce wyst\u0105pi\u0107 do koordynatora s\u0142u\u017cb specjalnych o szeroki raport na temat tej sytuacji oraz podstaw twierdze\u0144 Donalda Tuska.<br><\/p>\n\n\n\n<p>Karol Nawrocki reaguje na s\u0142owa Donalda Tuska<br>S\u0142owa Donalda Tuska nie umkn\u0119\u0142y prezydentowi. Teraz Karol Nawrocki postanowi\u0142 dosadnie skomentowa\u0107 zaistnia\u0142\u0105 sytuacj\u0119. Czy jest si\u0119 czego ba\u0107 i czy premier dobrze zrobi\u0142, m\u00f3wi\u0105c o swoich szacunkach publicznie?<\/p>\n\n\n\n<ul class=\"wp-block-list\">\n<li>\u00a0Tego typu s\u0142owa, niezale\u017cnie od tego, kto jest prezydentem i premierem, s\u0105 bardzo niedobre, dla Polek i Polak\u00f3w, dla naszej sytuacji mi\u0119dzynarodowej. Kwestionowanie art. 5 NATO czy Sojuszu, tego typu s\u0142owa o braku lojalno\u015bci naszego strategicznego sojusznika\u2026\u00a0Podnoszenie tego typu kwestii my\u015bl\u0119, \u017ce jest odleg\u0142e od pragmatyzmu politycznego, nieodpowiedzialne dla Polski \u00a0&#8211; powiedzia\u0142 Nawrocki dla wPolsce24.<\/li>\n\n\n\n<li>My\u015bl\u0119, \u017ce zwierzchnik Si\u0142 Zbrojnych powinien dosta\u0107 informacje o potencjalnej wojnie. Zwr\u00f3ci\u0142em si\u0119 o te informacje do wojska i czu\u0142em w wojsku raczej rodzaj konsternacji. Je\u017celi w uznaniu premiera w ci\u0105gu kilku miesi\u0119cy jeste\u015bmy w zagro\u017ceniu wojennym, to raczej powinni\u015bmy kumulowa\u0107 nasze wysi\u0142ki, stawia\u0107 na Sojusz P\u00f3\u0142nocnoatlantycki. Ten wywiad to by\u0142a wielka g\u0142upota, to jest zabawa interesem Polski \u2013 doda\u0142 Nawrocki.<br><\/li>\n<\/ul>\n","protected":false},"excerpt":{"rendered":"Karol Nawrocki w najnowszym wywiadzie odni\u00f3s\u0142 si\u0119 do kontrowersyjnych s\u0142\u00f3w Donalda Tuska. Premier w rozmowie z \u201eFinancial Times\u201d m\u00f3wi\u0142, \u017ce Rosja mo\u017ce zaatakowa\u0107 \n<a class=\"moretag\" href=\"https:\/\/lifevery.biz.ua\/?p=11435\"> [...]<\/a>","protected":false},"author":1,"featured_media":11436,"comment_status":"open","ping_status":"open","sticky":false,"template":"","format":"standard","meta":{"footnotes":""},"categories":[1],"tags":[],"class_list":["post-11435","post","type-post","status-publish","format-standard","has-post-thumbnail","hentry","category-blog"],"_links":{"self":[{"href":"https:\/\/lifevery.biz.ua\/index.php?rest_route=\/wp\/v2\/posts\/11435","targetHints":{"allow":["GET"]}}],"collection":[{"href":"https:\/\/lifevery.biz.ua\/index.php?rest_route=\/wp\/v2\/posts"}],"about":[{"href":"https:\/\/lifevery.biz.ua\/index.php?rest_route=\/wp\/v2\/types\/post"}],"author":[{"embeddable":true,"href":"https:\/\/lifevery.biz.ua\/index.php?rest_route=\/wp\/v2\/users\/1"}],"replies":[{"embeddable":true,"href":"https:\/\/lifevery.biz.ua\/index.php?rest_route=%2Fwp%2Fv2%2Fcomments&post=11435"}],"version-history":[{"count":1,"href":"https:\/\/lifevery.biz.ua\/index.php?rest_route=\/wp\/v2\/posts\/11435\/revisions"}],"predecessor-version":[{"id":11437,"href":"https:\/\/lifevery.biz.ua\/index.php?rest_route=\/wp\/v2\/posts\/11435\/revisions\/11437"}],"wp:featuredmedia":[{"embeddable":true,"href":"https:\/\/lifevery.biz.ua\/index.php?rest_route=\/wp\/v2\/media\/11436"}],"wp:attachment":[{"href":"https:\/\/lifevery.biz.ua\/index.php?rest_route=%2Fwp%2Fv2%2Fmedia&parent=11435"}],"wp:term":[{"taxonomy":"category","embeddable":true,"href":"https:\/\/lifevery.biz.ua\/index.php?rest_route=%2Fwp%2Fv2%2Fcategories&post=11435"},{"taxonomy":"post_tag","embeddable":true,"href":"https:\/\/lifevery.biz.ua\/index.php?rest_route=%2Fwp%2Fv2%2Ftags&post=11435"}],"curies":[{"name":"wp","href":"https:\/\/api.w.org\/{rel}","templated":true}]}}