{"id":11429,"date":"2026-05-01T05:48:26","date_gmt":"2026-05-01T05:48:26","guid":{"rendered":"https:\/\/lifevery.biz.ua\/?p=11429"},"modified":"2026-05-01T05:48:26","modified_gmt":"2026-05-01T05:48:26","slug":"16-latka-zaginela-w-radomiu-oli-szukaja-nawet-w-warszawie-policja-apeluje-o-pomoc","status":"publish","type":"post","link":"https:\/\/lifevery.biz.ua\/?p=11429","title":{"rendered":"16-latka zagin\u0119\u0142a w Radomiu. Oli szukaj\u0105 nawet w Warszawie, policja apeluje o pomoc"},"content":{"rendered":"\n<p>Policjanci prowadz\u0105 poszukiwania 16-letniej Oli Dostaw z wsi Laski (woj. mazowieckie). Nastolatka zagin\u0119\u0142a w sobot\u0119 8 czerwca, kiedy oddali\u0142a si\u0119 z o\u015brodka readaptacyjnego w Radomiu. Od tamtego momentu nie ma z ni\u0105 kontaktu. Bliscy i funkcjonariusze prosz\u0105 o pomoc w odnalezieniu dziewczyny.<\/p>\n\n\n\n<p>Trwaj\u0105 poszukiwania 16-letniej Oli Dostaw<br>Zagin\u0119\u0142a 16-latka. Ola Dostaw po raz ostatni widziana by\u0142a 8 czerwca w Radomiu, oko\u0142o godz. 11.30 oddali\u0142a si\u0119 z o\u015brodka readaptacyjnego w okolicach ul. \u0141\u0105kowej i \u015blad po niej zagin\u0105\u0142. Nastolatka ma 165 cm wzrostu, wa\u017cy oko\u0142o 50 kilogram\u00f3w. Ma d\u0142ugie blond w\u0142osy do ramion, w dniu zagini\u0119cia mia\u0142a na sobie bia\u0142e buty, be\u017cowe spodnie i torb\u0119 na rami\u0119.<br><\/p>\n\n\n\n<p>Policja prosi o pomoc w poszukiwaniach 16-letniej Oli Dostaw<br>Ola ma tak\u017ce widoczn\u0105 blizn\u0119 na prawym przedramieniu. Wszystkie osoby, kt\u00f3re posiadaj\u0105 o informacj\u0119 na temat zaginionej, proszone s\u0105 o kierowanie ich do Komisariatu III Policji w Radomiu pod numer 47\u00a0701 39 40 lub 112, b\u0105d\u017a przez formularz kontaktowy, znajduj\u0105cy si\u0119 na stronie internetowej Fundacji Itaka.<br><\/p>\n\n\n\n<p>Zagin\u0119\u0142a Ola Dostaw. Rodzice wydali apel<br>Bliscy zaginionej Oli Dostaw prosz\u0105 o pomoc w odnalezieniu 16-latki. Nastolatka zmaga\u0142a si\u0119 z uzale\u017cnieniem od \u015brodk\u00f3w psychoaktywnych, jej \u017cycie mo\u017ce by\u0107 zagro\u017cone. Jej rodzice wydali poruszaj\u0105cy apel.<\/p>\n\n\n\n<p>Pomoc w leczeniu uzale\u017cnienia otrzymali\u015bmy w Stowarzyszeniu KARAN, gdzie Ola przebywa\u0142a od nieca\u0142ego 1,5 roku. Jest to jedno z nielicznych miejsc w Polsce dedykowanych dzieciom. Terapi\u0105 obj\u0119ta jest ca\u0142a nasza rodzina. Przerwanie jej w przypadku Oli niesie za sob\u0105 powa\u017cne konsekwencje zdrowotne, jak i prawne (c\u00f3rka ma tymczasowy s\u0105dowy nakaz przebywania w o\u015brodku). My, rodzice Oli, apelujemy do wszystkich, kt\u00f3rzy maj\u0105 jak\u0105kolwiek wiedz\u0119 o miejscu jej przebywania o zg\u0142oszenie tego faktu. I przede wszystkim apelujemy do Oli, z mi\u0142o\u015bci\u0105, zrozumieniem, akceptacj\u0105\u00a0\u2013 przekazali rodzice dziewcyzny.<br><\/p>\n","protected":false},"excerpt":{"rendered":"Policjanci prowadz\u0105 poszukiwania 16-letniej Oli Dostaw z wsi Laski (woj. mazowieckie). Nastolatka zagin\u0119\u0142a w sobot\u0119 8 czerwca, kiedy oddali\u0142a si\u0119 z o\u015brodka readaptacyjnego \n<a class=\"moretag\" href=\"https:\/\/lifevery.biz.ua\/?p=11429\"> [...]<\/a>","protected":false},"author":1,"featured_media":11430,"comment_status":"open","ping_status":"open","sticky":false,"template":"","format":"standard","meta":{"footnotes":""},"categories":[1],"tags":[],"class_list":["post-11429","post","type-post","status-publish","format-standard","has-post-thumbnail","hentry","category-blog"],"_links":{"self":[{"href":"https:\/\/lifevery.biz.ua\/index.php?rest_route=\/wp\/v2\/posts\/11429","targetHints":{"allow":["GET"]}}],"collection":[{"href":"https:\/\/lifevery.biz.ua\/index.php?rest_route=\/wp\/v2\/posts"}],"about":[{"href":"https:\/\/lifevery.biz.ua\/index.php?rest_route=\/wp\/v2\/types\/post"}],"author":[{"embeddable":true,"href":"https:\/\/lifevery.biz.ua\/index.php?rest_route=\/wp\/v2\/users\/1"}],"replies":[{"embeddable":true,"href":"https:\/\/lifevery.biz.ua\/index.php?rest_route=%2Fwp%2Fv2%2Fcomments&post=11429"}],"version-history":[{"count":1,"href":"https:\/\/lifevery.biz.ua\/index.php?rest_route=\/wp\/v2\/posts\/11429\/revisions"}],"predecessor-version":[{"id":11431,"href":"https:\/\/lifevery.biz.ua\/index.php?rest_route=\/wp\/v2\/posts\/11429\/revisions\/11431"}],"wp:featuredmedia":[{"embeddable":true,"href":"https:\/\/lifevery.biz.ua\/index.php?rest_route=\/wp\/v2\/media\/11430"}],"wp:attachment":[{"href":"https:\/\/lifevery.biz.ua\/index.php?rest_route=%2Fwp%2Fv2%2Fmedia&parent=11429"}],"wp:term":[{"taxonomy":"category","embeddable":true,"href":"https:\/\/lifevery.biz.ua\/index.php?rest_route=%2Fwp%2Fv2%2Fcategories&post=11429"},{"taxonomy":"post_tag","embeddable":true,"href":"https:\/\/lifevery.biz.ua\/index.php?rest_route=%2Fwp%2Fv2%2Ftags&post=11429"}],"curies":[{"name":"wp","href":"https:\/\/api.w.org\/{rel}","templated":true}]}}