{"id":1142,"date":"2026-01-25T19:28:43","date_gmt":"2026-01-25T19:28:43","guid":{"rendered":"https:\/\/lifevery.biz.ua\/?p=1142"},"modified":"2026-01-25T19:28:43","modified_gmt":"2026-01-25T19:28:43","slug":"doda-nie-miala-litosci-dla-tuska-po-tym-co-stalo-sie-w-schronisku-w-sobolewie-padly-mocne-slowa","status":"publish","type":"post","link":"https:\/\/lifevery.biz.ua\/?p=1142","title":{"rendered":"Doda nie mia\u0142a lito\u015bci dla Tuska po tym co sta\u0142o si\u0119 w schronisku w Sobolewie. Pad\u0142y mocne s\u0142owa"},"content":{"rendered":"\n<p>Zaraz po tym jak decyzja zapad\u0142a, a w sieci na chwil\u0119 pojawi\u0142o si\u0119 poczucie, \u017ce sprawa jest domkni\u0119ta. Tyle \u017ce ta ulga trwa\u0142a kr\u00f3tko. W Sobolewie \u2013 wed\u0142ug relacji \u2013 napi\u0119cie nie opad\u0142o, tylko wesz\u0142o na nowy poziom. W\u0142a\u015bnie wtedy Doda, od dawna zaanga\u017cowana w ochron\u0119 zwierz\u0105t, publicznie zakwestionowa\u0142a to, co wydarzy\u0142o si\u0119 ju\u017c \u201epo decyzji\u201d.<\/p>\n\n\n\n<ul class=\"wp-block-list\">\n<li>Czytaj r\u00f3wnie\u017c:\u00a0<a href=\"https:\/\/wlocie.pl\/biznes-i-finanse\/tyle-zarabia-zona-owsiaka-wyciekly-konkretne-kwoty-wiele-osob-mocno-sie-zdziwi\">Tyle zarabia \u017cona Owsiaka. Wyciek\u0142y konkretne kwoty, wiele os\u00f3b mocno si\u0119 zdziwi<\/a><\/li>\n<\/ul>\n\n\n\n<h2 class=\"wp-block-heading\">Doda walczy o prawa zwierz\u0105t i nie odpuszcza, gdy robi si\u0119 niewygodnie<\/h2>\n\n\n\n<p>W materiale podkre\u015blono, \u017ce Doda od lat zajmuje w show-biznesie pozycj\u0119 osobn\u0105, ale coraz wyra\u017aniej przesuwa akcenty ze scenicznej prowokacji na sprawy spo\u0142eczne. W\u015br\u00f3d nich szczeg\u00f3lne miejsce ma&nbsp;<strong>ochrona praw zwierz\u0105t<\/strong>.<\/p>\n\n\n\n<ul class=\"wp-block-list\">\n<li>Zobacz tak\u017ce:\u00a0<a href=\"https:\/\/wlocie.pl\/gwiazdy\/partner-starszy-o-18-lat-romans-zszokowal-wszystkich-i-wywolal-ogromne-poruszenenie\">Partner starszy o 18 lat. Romans zszokowa\u0142 wszystkich i wywo\u0142a\u0142 ogromne poruszenenie<\/a><\/li>\n<\/ul>\n\n\n\n<p>Z opisu wynika, \u017ce wokalistka regularnie wykorzystuje swoje zasi\u0119gi w mediach spo\u0142eczno\u015bciowych do nag\u0142a\u015bniania interwencji, wspierania schronisk i wyci\u0105gania na \u015bwiat\u0142o dzienne przypadk\u00f3w zaniedba\u0144. Jej profile maj\u0105 pe\u0142ni\u0107 rol\u0119 nie tylko autopromocyjn\u0105, ale te\u017c interwencyjn\u0105 \u2013 pojawiaj\u0105 si\u0119 tam relacje z miejsc wymagaj\u0105cych pomocy, apele wolontariuszy i komentarze, w kt\u00f3rych nie brakuje emocji.<\/p>\n\n\n\n<p>W tek\u015bcie zaznaczono r\u00f3wnie\u017c, \u017ce jej zaanga\u017cowanie nie ko\u0144czy si\u0119 na s\u0142owach. Doda ma wspiera\u0107 inicjatywy pomocowe finansowo, uczestniczy\u0107 w interwencjach i pojawia\u0107 si\u0119 tam, gdzie \u2013 jej zdaniem \u2013 obecno\u015b\u0107 osoby znanej mo\u017ce prze\u0142o\u017cy\u0107 si\u0119 na wi\u0119ksz\u0105 presj\u0119 spo\u0142eczn\u0105.<\/p>\n\n\n\n<h2 class=\"wp-block-heading\">Sobolew i dokumenty, kt\u00f3re mia\u0142y postawi\u0107 spraw\u0119 w nowym \u015bwietle<\/h2>\n\n\n\n<p>W materiale opisano, \u017ce Doda \u2013 dzia\u0142aj\u0105c z prawniczk\u0105 i zespo\u0142em wsp\u00f3\u0142pracownik\u00f3w \u2013 dotar\u0142a do dokument\u00f3w i informacji, kt\u00f3re w jej ocenie rodz\u0105 pytania o funkcjonowanie schroniska w gminie Sobolew. Z ustale\u0144 ma wynika\u0107, \u017ce w\u00f3jt gminy wydzier\u017cawi\u0142 dyrektorowi plac\u00f3wki teren za&nbsp;<strong>500 z\u0142<\/strong>.<\/p>\n\n\n\n<p>To w\u0142a\u015bnie ta kwota sta\u0142a si\u0119 impulsem do publicznego podwa\u017cenia transparentno\u015bci decyzji. W opisie pojawia si\u0119 sugestia Dody o mo\u017cliwym \u201elokalnym uk\u0142adzie\u201d, kt\u00f3ry mia\u0142by sprzyja\u0107 utrzymywaniu status quo mimo narastaj\u0105cych kontrowersji.<\/p>\n\n\n\n<h2 class=\"wp-block-heading\">W\u00f3jt Sobolewa odpowiada: \u201er\u0119ce zwi\u0105zane\u201d i domniemanie niewinno\u015bci<\/h2>\n\n\n\n<p>Na zarzuty Dody odpowiedzia\u0142 \u2013 wed\u0142ug tekstu \u2013 w\u00f3jt Sobolewa&nbsp;<strong>Maciej B\u0142achnio<\/strong>, przedstawiaj\u0105c w rozmowie z reporterem \u201eFaktu\u201d w\u0142asn\u0105 wersj\u0119 i zakres kompetencji gminy. Podkre\u015bli\u0142, \u017ce schronisko ma charakter prywatny, a w\u0142a\u015bciciel ustala zasady funkcjonowania.<\/p>\n\n\n\n<blockquote class=\"wp-block-quote is-layout-flow wp-block-quote-is-layout-flow\">\n<p>Schronisko jest w\u0142asno\u015bci\u0105 prywatn\u0105, a pan Marian ma swoje zasady co do wej\u015bcia. Ziemi\u0119 dzier\u017cawi mu Gmina Sobolew. To jest dawne wysypisko \u015bmieci, a umowa ko\u0144czy si\u0119 w kwietniu tego roku. Je\u015bli chodzi o oskar\u017cenia, to nale\u017cy je udowodni\u0107. Toczy si\u0119 post\u0119powanie. Pan Marian jest osob\u0105 niewinn\u0105, a p\u00f3ki jest osob\u0105 niewinn\u0105, ja jako w\u00f3jt nie widz\u0119 podstaw, \u017ceby mu t\u0105 umow\u0119 wypowiedzie\u0107. Proces jest d\u0142ugi i ci\u0105gnie si\u0119 ju\u017c chyba \u00f3smy rok, w dalszym ci\u0105gu nie ma wyroku. A to, czy zarzuty s\u0105 podstawne czy bezpodstawne, to nie mi to ocenia\u0107. Od tego jest prokurator i s\u0119dzia. Poczekamy na werdykt s\u0105du. Jako w\u00f3jt tak naprawd\u0119 opr\u00f3cz tej umowy dzier\u017cawy mam r\u0119ce zwi\u0105zane, poniewa\u017c pan Marian podlega pod instytucje pa\u0144stwowe, tj. lekarz weterynarii, powiatowy, wojew\u00f3dzki i tak dalej. I je\u017celi z protoko\u0142\u00f3w tych instytucji, kt\u00f3re kontroluj\u0105, nie wynika to, co mu si\u0119 zarzuca, to tak naprawd\u0119 nie ma podstaw, \u017ceby mu tej dzia\u0142alno\u015bci zabroni\u0107. Uwa\u017cam, \u017ce jako gmina Sobolew swoje obowi\u0105zki wzgl\u0119dem tego schroniska wykonujemy odpowiednio.<\/p>\n<\/blockquote>\n\n\n\n<p>W materiale wybrzmiewa wi\u0119c napi\u0119cie mi\u0119dzy formalnym podej\u015bciem opartym o procedury i instytucje kontrolne a presj\u0105 spo\u0142eczn\u0105 i emocjami os\u00f3b zaanga\u017cowanych w spraw\u0119.<\/p>\n\n\n\n<h2 class=\"wp-block-heading\">Doda po wizycie w schronisku: \u201enie widzia\u0142am chudych\u201d, ale \u201eostra r\u0119ka\u201d i strach<\/h2>\n\n\n\n<p>W tek\u015bcie opisano te\u017c relacj\u0119 Dody z wizyty w schronisku. Jej s\u0142owa \u2013 cho\u0107 nie wskazuj\u0105 na jednoznaczne zaniedbania fizyczne zwierz\u0105t \u2013 rysuj\u0105 obraz miejsca, kt\u00f3re wed\u0142ug niej budzi g\u0142\u0119boki niepok\u00f3j. Artystka m\u00f3wi\u0142a o napi\u0119ciu, strachu u ps\u00f3w i restrykcyjnym podej\u015bciu do adopcji.<\/p>\n\n\n\n<blockquote class=\"wp-block-quote is-layout-flow wp-block-quote-is-layout-flow\">\n<p>Chcia\u0142am wzi\u0105\u0107 trzy psy, nie pozwoli\u0142 mi. Jakie\u015b absurdalne preteksty. Powiedzia\u0142, \u017cebym przyjecha\u0142a w poniedzia\u0142ek. (\u2026) Psy s\u0105 bardzo agresywne. To nie s\u0105 psy tak jak w schroniskach, \u017ce mo\u017cesz podej\u015b\u0107, ubra\u0107 je, \u017ce cz\u0142owieka lubi\u0105 i cz\u0142owiek chce dobrze. Wi\u0119kszo\u015b\u0107 z tych ps\u00f3w\u2026 Jak on na nich huknie, to wida\u0107, \u017ce te psy si\u0119 od razu wycofuj\u0105. No tam jest ostra r\u0119ka. (\u2026) Powiedzia\u0142 mi, \u017ce mog\u0119 zaadoptowa\u0107 tego, tego i tego, i \u017cadnego innego. (\u2026) Nie ma tam chudych ps\u00f3w, budy s\u0105 s\u0142abe, nie wygl\u0105daj\u0105 na ocieplone, ale widzia\u0142am gorsze. Nie widzia\u0142am \u017cadnych chudych, poranionych ps\u00f3w, tylko bardzo zl\u0119knione i agresywne. (\u2026) Przyznam, \u017ce jestem w szoku, bo w \u017cyciu nie by\u0142am w schronisku, w kt\u00f3rym s\u0142ysza\u0142am: bierze pani czy nie bierze?! Taka by\u0142a rozmowa \u2013 tak albo nie, koniec \u2013 m\u00f3wi\u0142a cytowana przez \u201cFakt\u201d.<\/p>\n<\/blockquote>\n\n\n\n<p>Ta relacja sta\u0142a si\u0119 \u2013 wed\u0142ug opisu \u2013 jednym z mocniejszych element\u00f3w debaty, bo zderza formalne argumenty o procedurach z osobistym do\u015bwiadczeniem osoby publicznej.<\/p>\n\n\n\n<h2 class=\"wp-block-heading\">\u201ePowiatowy Lekarz Weterynarii zamkn\u0105\u0142 dzi\u015b to schronisko\u201d. Decyzja i natychmiastowa reakcja Dody<\/h2>\n\n\n\n<p>W materiale wskazano, \u017ce w sobot\u0119 pod bram\u0105 schroniska w Sobolewie zgromadzili si\u0119 protestuj\u0105cy, domagaj\u0105c si\u0119 reakcji instytucji pa\u0144stwowych. Tego samego dnia Donald Tusk poinformowa\u0142 o decyzji s\u0142u\u017cb weterynaryjnych.<\/p>\n\n\n\n<blockquote class=\"wp-block-quote is-layout-flow wp-block-quote-is-layout-flow\">\n<p>\u201ePowiatowy Lekarz Weterynarii zamkn\u0105\u0142 dzi\u015b to schronisko. Nie b\u0119dzie taryfy ulgowej dla tych, kt\u00f3rzy skazuj\u0105 zwierz\u0119ta na cierpienie\u201d \u2013 przekaza\u0142 premier.<\/p>\n<\/blockquote>\n\n\n\n<p>Doda udost\u0119pni\u0142a ten wpis i dopisa\u0142a kr\u00f3tki, emocjonalny komentarz:<\/p>\n\n\n\n<blockquote class=\"wp-block-quote is-layout-flow wp-block-quote-is-layout-flow\">\n<p>\u201eSobolew zamkni\u0119ty! Zrobili\u015bmy to!\u201d \u2013 napisa\u0142a artystka.<\/p>\n<\/blockquote>\n\n\n\n<p>W tek\u015bcie zaznaczono te\u017c, \u017ce pod postem premiera pojawi\u0142o si\u0119 wiele komentarzy ze strony os\u00f3b&nbsp;<a href=\"http:\/\/wp.pl\/\">znanych<\/a>, kt\u00f3re popiera\u0142y decyzj\u0119, widz\u0105c w niej efekt presji spo\u0142ecznej.<\/p>\n\n\n\n<h2 class=\"wp-block-heading\">Doda ostro o Tusku: \u201ekwit jest, a co dalej?\u201d<\/h2>\n\n\n\n<p>Po og\u0142oszeniu zamkni\u0119cia schroniska emocje \u2013 wed\u0142ug materia\u0142u \u2013 nie opad\u0142y. Doda mia\u0142a bardzo ostro skomentowa\u0107 dzia\u0142ania pa\u0144stwa ju\u017c po formalnej decyzji o wstrzymaniu dzia\u0142alno\u015bci plac\u00f3wki. W jej wypowiedziach wybrzmia\u0142y frustracja i poczucie chaosu.<\/p>\n\n\n\n<blockquote class=\"wp-block-quote is-layout-flow wp-block-quote-is-layout-flow\">\n<p>\u201eJak to jest, \u017ce premier wystawia kwit, \u017ce schronisko jest zamkni\u0119te, a Marian nie ma prawa ju\u017c nic robi\u0107 ze zwierz\u0119tami. I co dalej? Co dalej si\u0119 dzieje? Ludzie tam stoj\u0105, nie mog\u0105 tam wej\u015b\u0107, on nie mo\u017ce prowadzi\u0107 schroniska, psy stoj\u0105 w takim samym g****e, jak sta\u0142y. Nikt nie jest wys\u0142any od g\u00f3ry \u2013 wa\u017cny, wa\u017cniejszy, z ramienia premiera.\u201d<\/p>\n<\/blockquote>\n\n\n\n<p>Jej zarzut dotyczy\u0142 tego, \u017ce komunikat o zamkni\u0119ciu nie rozwi\u0105zuje natychmiast kluczowej kwestii, czyli&nbsp;<strong>losu zwierz\u0105t<\/strong>&nbsp;i realnego nadzoru nad tym, co dzieje si\u0119 na miejscu.<\/p>\n\n\n\n<h2 class=\"wp-block-heading\">\u201eNie ma procedur?\u201d. W tle pretensje do w\u00f3jta i obraz instytucjonalnego chaosu<\/h2>\n\n\n\n<p>Doda mia\u0142a podkre\u015bla\u0107, \u017ce decyzja administracyjna bez dzia\u0142a\u0144 wykonawczych prowadzi do absurdu. Wprost pyta\u0142a, kto ma nadzorowa\u0107 obiekt i kto ma podejmowa\u0107 decyzje w praktyce.<\/p>\n\n\n\n<blockquote class=\"wp-block-quote is-layout-flow wp-block-quote-is-layout-flow\">\n<p>\u201eNie ma nikogo. \u017badnej decyzji. Zgodnie z prawem, skoro schronisko jest zamkni\u0119te, to powinny by\u0107 wys\u0142ane jakie\u015b wa\u017cne osoby, kt\u00f3re po pierwsze tym obiektem b\u0119d\u0105 nadzorowa\u0107, a po drugie jakie\u015b dadz\u0105 decyzje. Nie rozumiem \u2013 t\u0142um ma si\u0119 wdziera\u0107 do schroniska, kt\u00f3re zosta\u0142o zamkni\u0119te? Fundacje maj\u0105 rozcina\u0107 k\u0142\u00f3dki i wje\u017cd\u017ca\u0107 do schroniska, kt\u00f3re i tak i tak ma zda\u0107 te psy?\u201d<\/p>\n<\/blockquote>\n\n\n\n<p>W kolejnych s\u0142owach ostro uderzy\u0142a tak\u017ce w w\u0105tek lokalny, oburzaj\u0105c si\u0119, \u017ce \u2013 mimo zamkni\u0119cia \u2013 to w\u00f3jt mia\u0142 stawia\u0107 warunki dotycz\u0105ce tego, kto i na jakich zasadach mo\u017ce pom\u00f3c.<\/p>\n\n\n\n<blockquote class=\"wp-block-quote is-layout-flow wp-block-quote-is-layout-flow\">\n<p>\u201eW\u00f3jt se przychodzi, jak kr\u00f3l i rozdaje warunki na prawo i lewo, kto i pod jakim warunkiem mo\u017ce te psy wzi\u0105\u0107. Takie rzeczy dziej\u0105 si\u0119 tylko w Polsce. (\u2026) Jak to si\u0119 mo\u017ce dzia\u0107, \u017ce osoba, kt\u00f3ra dopu\u015bci\u0142a do tej sytuacji, stawia warunki? Dlaczego nie ma procedur? Chc\u0119 wiedzie\u0107, jak ma to wygl\u0105da\u0107 w przysz\u0142o\u015bci, przy innych schroniskach. (\u2026) Czy to jest taki bajzel zawsze?\u201d<\/p>\n<\/blockquote>\n\n\n\n<p>W materiale postawiono tez\u0119, \u017ce zamkni\u0119cie schroniska nie zako\u0144czy\u0142o sporu, tylko otworzy\u0142o kolejny etap \u2013 pytania o odpowiedzialno\u015b\u0107 pa\u0144stwa, brak mechanizm\u00f3w kryzysowych i realne zabezpieczenie dobrostanu zwierz\u0105t.<\/p>\n","protected":false},"excerpt":{"rendered":"Zaraz po tym jak decyzja zapad\u0142a, a w sieci na chwil\u0119 pojawi\u0142o si\u0119 poczucie, \u017ce sprawa jest domkni\u0119ta. Tyle \u017ce ta ulga trwa\u0142a \n<a class=\"moretag\" href=\"https:\/\/lifevery.biz.ua\/?p=1142\"> [...]<\/a>","protected":false},"author":1,"featured_media":1143,"comment_status":"open","ping_status":"open","sticky":false,"template":"","format":"standard","meta":{"footnotes":""},"categories":[1],"tags":[],"class_list":["post-1142","post","type-post","status-publish","format-standard","has-post-thumbnail","hentry","category-blog"],"_links":{"self":[{"href":"https:\/\/lifevery.biz.ua\/index.php?rest_route=\/wp\/v2\/posts\/1142","targetHints":{"allow":["GET"]}}],"collection":[{"href":"https:\/\/lifevery.biz.ua\/index.php?rest_route=\/wp\/v2\/posts"}],"about":[{"href":"https:\/\/lifevery.biz.ua\/index.php?rest_route=\/wp\/v2\/types\/post"}],"author":[{"embeddable":true,"href":"https:\/\/lifevery.biz.ua\/index.php?rest_route=\/wp\/v2\/users\/1"}],"replies":[{"embeddable":true,"href":"https:\/\/lifevery.biz.ua\/index.php?rest_route=%2Fwp%2Fv2%2Fcomments&post=1142"}],"version-history":[{"count":1,"href":"https:\/\/lifevery.biz.ua\/index.php?rest_route=\/wp\/v2\/posts\/1142\/revisions"}],"predecessor-version":[{"id":1144,"href":"https:\/\/lifevery.biz.ua\/index.php?rest_route=\/wp\/v2\/posts\/1142\/revisions\/1144"}],"wp:featuredmedia":[{"embeddable":true,"href":"https:\/\/lifevery.biz.ua\/index.php?rest_route=\/wp\/v2\/media\/1143"}],"wp:attachment":[{"href":"https:\/\/lifevery.biz.ua\/index.php?rest_route=%2Fwp%2Fv2%2Fmedia&parent=1142"}],"wp:term":[{"taxonomy":"category","embeddable":true,"href":"https:\/\/lifevery.biz.ua\/index.php?rest_route=%2Fwp%2Fv2%2Fcategories&post=1142"},{"taxonomy":"post_tag","embeddable":true,"href":"https:\/\/lifevery.biz.ua\/index.php?rest_route=%2Fwp%2Fv2%2Ftags&post=1142"}],"curies":[{"name":"wp","href":"https:\/\/api.w.org\/{rel}","templated":true}]}}