{"id":11394,"date":"2026-05-01T04:55:46","date_gmt":"2026-05-01T04:55:46","guid":{"rendered":"https:\/\/lifevery.biz.ua\/?p=11394"},"modified":"2026-05-01T04:55:46","modified_gmt":"2026-05-01T04:55:46","slug":"edyta-gorniak-mowi-o-cudzie-na-eurowizji-poprosilam-anieli-o-wsparcie","status":"publish","type":"post","link":"https:\/\/lifevery.biz.ua\/?p=11394","title":{"rendered":"Edyta G\u00f3rniak m\u00f3wi o cudzie na Eurowizji. &#8220;Poprosi\u0142am anieli o wsparcie&#8221;"},"content":{"rendered":"\n<p><\/p>\n\n\n\n<p>Ponad 30 lat temu Edyta G\u00f3rniak reprezentowa\u0142a Polsk\u0119 na Eurowizji. W jednej z rozm\u00f3w zdradzi\u0142a kulisy swojego wyst\u0119pu. M\u00f3wi\u0142a o niespodziewanych komplikacjach i wsparciu anio\u0142\u00f3w. Nie zabrak\u0142o \u0142ez wzruszenia.<\/p>\n\n\n\n<figure class=\"wp-block-image\"><img decoding=\"async\" src=\"https:\/\/s.eurozet.pl\/cbz\/2025\/12\/17\/24411b62\/108006-860x484-1d1be5c241.jpg\" alt=\"|\"\/><\/figure>\n\n\n\n<p>W 1994 roku Edyta G\u00f3rniak by\u0142a reprezentantk\u0105 Polski na Eurowizji. Wokalistka za\u015bpiewa\u0142a &#8220;To nie ja&#8221; i zaj\u0119\u0142a wtedy drugie miejsce w konkursie. Do tej pory jeszcze nikt nawet nie zbli\u017cy\u0142 si\u0119 do jej wyniku. Jaki\u015b czas temu artystka obchodzi\u0142a trzydziest\u0105 rocznic\u0119 tego wyst\u0119pu.<\/p>\n\n\n\n<p>Rozwi\u0105\u017c quiz o Edycie G\u00f3rniak i Justynie Steczkowskiej. Jeste\u015b mistrzem, je\u015bli zgarniesz 100 proc. punkt\u00f3w! Dalsz\u0105 cz\u0119\u015b\u0107 artyku\u0142u znajdziesz pod quizem\u2026<\/p>\n\n\n\n<p>Wydarzenie by\u0142o prze\u0142omowym momentem w \u017cyciu wokalistki. Dzi\u0119ki swojemu fenomenalnemu wykonaniu artystka mia\u0142a okazj\u0119 zaistnie\u0107 na arenie mi\u0119dzynarodowej. Jak okazuje si\u0119 po latach, nim Edyta G\u00f3rniak wysz\u0142a na scen\u0119, jej wyst\u0119powi towarzyszy\u0142y pewne komplikacje.<\/p>\n\n\n\n<p>Dalsza cz\u0119\u015b\u0107 artyku\u0142u pod materia\u0142em wideo\u2026<a><\/a><\/p>\n\n\n\n<h2 class=\"wp-block-heading\">Edyta G\u00f3rniak o Eurowizji<\/h2>\n\n\n\n<p>Kilka dni temu piosenkarka by\u0142a go\u015bcini\u0105 w programie Dzie\u0144 Dobry TVN. W trakcie rozmowy Edyta G\u00f3rniak mia\u0142a okazj\u0119 zobaczy\u0107 sw\u00f3j wyst\u0119p z Eurowizji. Wokalistka by\u0142a bardzo wzruszona drog\u0105, jak\u0105 przeby\u0142a, by znale\u017a\u0107 si\u0119 w miejscu, w kt\u00f3rym jest obecnie. Zdradzi\u0142a te\u017c kulisy eurowizyjnego wyst\u0119pu sprzed 30 lat.<\/p>\n\n\n\n<p><\/p>\n\n\n\n<blockquote class=\"wp-block-quote is-layout-flow wp-block-quote-is-layout-flow\">\n<p>\u015awi\u0119tej pami\u0119ci Wiktor Kubiak, kt\u00f3ry by\u0142 wtedy ze mn\u0105, m\u00f3j pierwszy, w\u0142a\u015bciwie jedyny mened\u017cer, taki od serca, wspiera\u0142 mnie bardzo. [\u2026] Przed samym wyj\u015bciem zamkn\u0119\u0142am si\u0119 w \u0142azience, powiedzia\u0142am, \u017ce nie wyjd\u0119. I Wiktor puka\u0142 do mnie i m\u00f3wi\u0142: &#8220;Pani Edytko, ju\u017c trzeba i\u015b\u0107, naprawd\u0119, trzeba i\u015b\u0107&#8221; &#8211; wspomina\u0142a wokalistka.<\/p>\n<\/blockquote>\n\n\n\n<p>Obawy wokalistki by\u0142y zwi\u0105zane z jej problemami zdrowotnymi. Tu\u017c przed wej\u015bciem na scen\u0119 g\u0142os wokalistki zacz\u0105\u0142 szwankowa\u0107. Ze wzgl\u0119du na przezi\u0119bienie, kt\u00f3re przechodzi\u0142a, omal go nie straci\u0142a. Dzi\u015b Edyta G\u00f3rniak twierdzi, \u017ce jej wyst\u0119p na Eurowizji by\u0142 cudem. Tu\u017c po zej\u015bciu ze sceny rzeczywi\u015bcie straci\u0142a schorowany wcze\u015bniej g\u0142os.<\/p>\n\n\n\n<blockquote class=\"wp-block-quote is-layout-flow wp-block-quote-is-layout-flow\">\n<p>Zosta\u0142am sama, na tej wielkiej, gigantycznej scenie, gdzie by\u0142a publiczno\u015b\u0107 tak szeroko rozstawiona, \u017ce nawet nie widzia\u0142am ko\u0144ca. [\u2026] Potem poprosi\u0142am o zaufanie, wsparcie anieli, \u017cebym przez ca\u0142y utw\u00f3r nie utraci\u0142a g\u0142osu. Jak zesz\u0142am, to ju\u017c w og\u00f3le nie mia\u0142am g\u0142osu, wi\u0119c to by\u0142 cud. To by\u0142 jeden z najwi\u0119kszych cud\u00f3w \u2014 podsumowa\u0142a wokalistka.<\/p>\n<\/blockquote>\n","protected":false},"excerpt":{"rendered":"Ponad 30 lat temu Edyta G\u00f3rniak reprezentowa\u0142a Polsk\u0119 na Eurowizji. W jednej z rozm\u00f3w zdradzi\u0142a kulisy swojego wyst\u0119pu. M\u00f3wi\u0142a o niespodziewanych komplikacjach i \n<a class=\"moretag\" href=\"https:\/\/lifevery.biz.ua\/?p=11394\"> [...]<\/a>","protected":false},"author":1,"featured_media":0,"comment_status":"open","ping_status":"open","sticky":false,"template":"","format":"standard","meta":{"footnotes":""},"categories":[1],"tags":[],"class_list":["post-11394","post","type-post","status-publish","format-standard","hentry","category-blog"],"_links":{"self":[{"href":"https:\/\/lifevery.biz.ua\/index.php?rest_route=\/wp\/v2\/posts\/11394","targetHints":{"allow":["GET"]}}],"collection":[{"href":"https:\/\/lifevery.biz.ua\/index.php?rest_route=\/wp\/v2\/posts"}],"about":[{"href":"https:\/\/lifevery.biz.ua\/index.php?rest_route=\/wp\/v2\/types\/post"}],"author":[{"embeddable":true,"href":"https:\/\/lifevery.biz.ua\/index.php?rest_route=\/wp\/v2\/users\/1"}],"replies":[{"embeddable":true,"href":"https:\/\/lifevery.biz.ua\/index.php?rest_route=%2Fwp%2Fv2%2Fcomments&post=11394"}],"version-history":[{"count":1,"href":"https:\/\/lifevery.biz.ua\/index.php?rest_route=\/wp\/v2\/posts\/11394\/revisions"}],"predecessor-version":[{"id":11395,"href":"https:\/\/lifevery.biz.ua\/index.php?rest_route=\/wp\/v2\/posts\/11394\/revisions\/11395"}],"wp:attachment":[{"href":"https:\/\/lifevery.biz.ua\/index.php?rest_route=%2Fwp%2Fv2%2Fmedia&parent=11394"}],"wp:term":[{"taxonomy":"category","embeddable":true,"href":"https:\/\/lifevery.biz.ua\/index.php?rest_route=%2Fwp%2Fv2%2Fcategories&post=11394"},{"taxonomy":"post_tag","embeddable":true,"href":"https:\/\/lifevery.biz.ua\/index.php?rest_route=%2Fwp%2Fv2%2Ftags&post=11394"}],"curies":[{"name":"wp","href":"https:\/\/api.w.org\/{rel}","templated":true}]}}