{"id":1139,"date":"2026-01-25T19:27:23","date_gmt":"2026-01-25T19:27:23","guid":{"rendered":"https:\/\/lifevery.biz.ua\/?p=1139"},"modified":"2026-01-25T19:27:23","modified_gmt":"2026-01-25T19:27:23","slug":"nagla-smierc-dziecka-12-letnia-karolinka-odeszla-cala-miejscowosc-pograzona-w-rozpaczy","status":"publish","type":"post","link":"https:\/\/lifevery.biz.ua\/?p=1139","title":{"rendered":"Nag\u0142a \u015bmier\u0107 dziecka. 12-letnia Karolinka odesz\u0142a. Ca\u0142a miejscowo\u015b\u0107 pogr\u0105\u017cona w rozpaczy"},"content":{"rendered":"\n<p>W ma\u0142ych miejscowo\u015bciach wiadomo\u015bci rozchodz\u0105 si\u0119 szybko. Ale s\u0105 takie, kt\u00f3re zamiast rozm\u00f3w zostawiaj\u0105 cisz\u0119. W Dzikowcu ostatnie dni w\u0142a\u015bnie tak wygl\u0105daj\u0105. Ludzie mijaj\u0105 si\u0119 na ulicy i wiedz\u0105, o czym my\u015bl\u0105, nawet je\u015bli nie pada ani jedno zdanie. W szkole brakuje jednego dziecka. I ta pustka \u2013 jak m\u00f3wi\u0105 mieszka\u0144cy \u2013 jest dzi\u015b najbardziej dotkliwa.<\/p>\n\n\n\n<ul class=\"wp-block-list\">\n<li>Czytaj te\u017c:\u00a0<a href=\"https:\/\/wlocie.pl\/gwiazdy\/doda-nie-miala-litosci-dla-tuska-po-tym-co-stalo-sie-w-schronisku-w-sobolewie-padly-mocne-slowa\">Doda nie mia\u0142a lito\u015bci dla Tuska po tym co sta\u0142o si\u0119 w schronisku w Sobolewie. Pad\u0142y mocne s\u0142owa<\/a><\/li>\n<\/ul>\n\n\n\n<h2 class=\"wp-block-heading\">Dzikowiec \u017cyje inaczej ni\u017c zwykle. \u017ba\u0142oba wesz\u0142a w codzienno\u015b\u0107<\/h2>\n\n\n\n<p>Wed\u0142ug podanych informacji gmina zosta\u0142a wstrz\u0105\u015bni\u0119ta \u015bmierci\u0105 12-letniej mieszkanki. To nie jest tragedia \u201egdzie\u015b obok\u201d. W niewielkiej spo\u0142eczno\u015bci dotyka wszystkich, bo wszyscy s\u0105 w jakim\u015b sensie blisko. St\u0105d wra\u017cenie, \u017ce czas zwolni\u0142, a zwyk\u0142e sprawy przesta\u0142y mie\u0107 znaczenie.<\/p>\n\n\n\n<p>W takich chwilach nie potrzeba wielkich s\u0142\u00f3w. Wa\u017cniejsze jest bycie obok. W tek\u015bcie pojawia si\u0119 obraz s\u0105siedzkiej solidarno\u015bci \u2013 rozm\u00f3w w drzwiach, wsparcia, obecno\u015bci. Bez ciekawo\u015bci, bez sensacji. Raczej z odruchem, \u017ceby kto\u015b nie zosta\u0142 z tym sam.<\/p>\n\n\n\n<h2 class=\"wp-block-heading\">Od gor\u0105czki do walki o \u017cycie. Kolejne szpitale i transport do Warszawy<\/h2>\n\n\n\n<p>Z przekazanych fakt\u00f3w wynika, \u017ce wszystko zacz\u0119\u0142o si\u0119 od wysokiej gor\u0105czki. Stan dziewczynki mia\u0142 si\u0119 pogarsza\u0107, a przyczyny d\u0142ugo nie udawa\u0142o si\u0119 jednoznacznie ustali\u0107.<\/p>\n\n\n\n<p>Rodzina szuka\u0142a pomocy w kolejnych plac\u00f3wkach. Najpierw by\u0142 szpital w Nowej D\u0119bie, p\u00f3\u017aniej leczenie w Rzeszowie. Kiedy sytuacj\u0119 okre\u015blono jako&nbsp;<a href=\"http:\/\/wp.pl\/\">krytyczn\u0105<\/a>, podj\u0119to decyzj\u0119 o przewiezieniu dziecka do specjalistycznego szpitala w Warszawie.<\/p>\n\n\n\n<p>W materiale pojawia si\u0119 te\u017c informacja o bardzo powa\u017cnym stanie w\u0105troby \u2013 wed\u0142ug lokalnych ustale\u0144 mia\u0142o doj\u015b\u0107 do jej ca\u0142kowitego zniszczenia. Jednocze\u015bnie podkre\u015blono, \u017ce przyczyna tego stanu nie zosta\u0142a oficjalnie potwierdzona.<\/p>\n\n\n\n<h2 class=\"wp-block-heading\">Sekcja odby\u0142a si\u0119 23 stycznia. Wynik\u00f3w wci\u0105\u017c nie ujawniono<\/h2>\n\n\n\n<p>Jednym z punkt\u00f3w, kt\u00f3ry dla wielu os\u00f3b jest dzi\u015b kluczowy, jest brak ostatecznych odpowiedzi. Z tekstu wynika, \u017ce sekcja zw\u0142ok zosta\u0142a przeprowadzona 23 stycznia, ale jej wynik\u00f3w nie podano do publicznej wiadomo\u015bci.<\/p>\n\n\n\n<p>To w\u0142a\u015bnie ten brak domyka dzi\u015b emocje w Dzikowcu w najtrudniejszy spos\u00f3b. Bo \u017ca\u0142oba miesza si\u0119 z pytaniem: co tak naprawd\u0119 doprowadzi\u0142o do tej tragedii.<\/p>\n\n\n\n<h2 class=\"wp-block-heading\">Kim by\u0142a Karolinka. Szko\u0142a, zaj\u0119cia artystyczne i aktywno\u015b\u0107 w gminie<\/h2>\n\n\n\n<p>W materiale podano, \u017ce zmar\u0142a dziewczynka mia\u0142a na imi\u0119 Karolinka i by\u0142a uczennic\u0105 sz\u00f3stej klasy miejscowej szko\u0142y podstawowej. Opisano j\u0105 jako dziecko uzdolnione artystycznie, aktywne, lubiane. Mia\u0142a anga\u017cowa\u0107 si\u0119 w inicjatywy Samorz\u0105dowego Centrum Kultury i pojawia\u0107 si\u0119 na lokalnych wydarzeniach.<\/p>\n\n\n\n<p>To wa\u017cny szczeg\u00f3\u0142, bo pokazuje, dlaczego ta historia tak mocno uderzy\u0142a w gmin\u0119. Nie chodzi tylko o liczb\u0119 i nag\u0142\u00f3wek. Chodzi o konkretn\u0105 osob\u0119, kt\u00f3r\u0105 wielu zna\u0142o z codzienno\u015bci.<\/p>\n\n\n\n<h2 class=\"wp-block-heading\">Pogrzeb 24 stycznia 2026. Dzikowiec odprowadzi\u0142 j\u0105 w ciszy<\/h2>\n\n\n\n<p>Z podanych informacji wynika, \u017ce pogrzeb odby\u0142 si\u0119 24 stycznia 2026 roku w ko\u015bciele pw. \u015bw. Miko\u0142aja. Po mszy mieszka\u0144cy odprowadzili Karolink\u0119 na cmentarz.<\/p>\n\n\n\n<p>W tej historii nie ma prostego zako\u0144czenia. Jest strata, kt\u00f3rej nie da si\u0119 \u201ewyt\u0142umaczy\u0107\u201d jednym zdaniem. Jest te\u017c oczekiwanie na odpowiedzi, bo dopiero one mog\u0105 domkn\u0105\u0107 cz\u0119\u015b\u0107 b\u00f3lu \u2013 cho\u0107 nie cofaj\u0105 czasu.<\/p>\n","protected":false},"excerpt":{"rendered":"W ma\u0142ych miejscowo\u015bciach wiadomo\u015bci rozchodz\u0105 si\u0119 szybko. Ale s\u0105 takie, kt\u00f3re zamiast rozm\u00f3w zostawiaj\u0105 cisz\u0119. W Dzikowcu ostatnie dni w\u0142a\u015bnie tak wygl\u0105daj\u0105. Ludzie \n<a class=\"moretag\" href=\"https:\/\/lifevery.biz.ua\/?p=1139\"> [...]<\/a>","protected":false},"author":1,"featured_media":1140,"comment_status":"open","ping_status":"open","sticky":false,"template":"","format":"standard","meta":{"footnotes":""},"categories":[1],"tags":[],"class_list":["post-1139","post","type-post","status-publish","format-standard","has-post-thumbnail","hentry","category-blog"],"_links":{"self":[{"href":"https:\/\/lifevery.biz.ua\/index.php?rest_route=\/wp\/v2\/posts\/1139","targetHints":{"allow":["GET"]}}],"collection":[{"href":"https:\/\/lifevery.biz.ua\/index.php?rest_route=\/wp\/v2\/posts"}],"about":[{"href":"https:\/\/lifevery.biz.ua\/index.php?rest_route=\/wp\/v2\/types\/post"}],"author":[{"embeddable":true,"href":"https:\/\/lifevery.biz.ua\/index.php?rest_route=\/wp\/v2\/users\/1"}],"replies":[{"embeddable":true,"href":"https:\/\/lifevery.biz.ua\/index.php?rest_route=%2Fwp%2Fv2%2Fcomments&post=1139"}],"version-history":[{"count":1,"href":"https:\/\/lifevery.biz.ua\/index.php?rest_route=\/wp\/v2\/posts\/1139\/revisions"}],"predecessor-version":[{"id":1141,"href":"https:\/\/lifevery.biz.ua\/index.php?rest_route=\/wp\/v2\/posts\/1139\/revisions\/1141"}],"wp:featuredmedia":[{"embeddable":true,"href":"https:\/\/lifevery.biz.ua\/index.php?rest_route=\/wp\/v2\/media\/1140"}],"wp:attachment":[{"href":"https:\/\/lifevery.biz.ua\/index.php?rest_route=%2Fwp%2Fv2%2Fmedia&parent=1139"}],"wp:term":[{"taxonomy":"category","embeddable":true,"href":"https:\/\/lifevery.biz.ua\/index.php?rest_route=%2Fwp%2Fv2%2Fcategories&post=1139"},{"taxonomy":"post_tag","embeddable":true,"href":"https:\/\/lifevery.biz.ua\/index.php?rest_route=%2Fwp%2Fv2%2Ftags&post=1139"}],"curies":[{"name":"wp","href":"https:\/\/api.w.org\/{rel}","templated":true}]}}