{"id":11339,"date":"2026-04-30T19:29:01","date_gmt":"2026-04-30T19:29:01","guid":{"rendered":"https:\/\/lifevery.biz.ua\/?p=11339"},"modified":"2026-04-30T19:29:01","modified_gmt":"2026-04-30T19:29:01","slug":"tragedia-podczas-wyscigu-nie-zyje-kolarz-policja-wkroczyla-do-akcji","status":"publish","type":"post","link":"https:\/\/lifevery.biz.ua\/?p=11339","title":{"rendered":"Tragedia podczas wy\u015bcigu. Nie \u017cyje kolarz, policja wkroczy\u0142a do akcji"},"content":{"rendered":"\n<p>Na trasie wy\u015bcigu Dooko\u0142a Austrii dosz\u0142o do powa\u017cnego wypadku. Jak wynika z nieoficjalnych informacji na zje\u017adzie przewr\u00f3ci\u0142 si\u0119 jeden z kolarzy. W wyniku odniesionych obra\u017ce\u0144, 25-latek zmar\u0142 w szpitalu. Wstrz\u0105saj\u0105ce informacje z po\u0142udnia.<\/p>\n\n\n\n<p>Wypadek na trasie wy\u015bcigu Dooko\u0142a Austrii<br>Podczas czwartego etapu Wy\u015bcigu Dooko\u0142a Austrii dosz\u0142o do wypadku. Wed\u0142ug nieoficjalnych informacji, na zje\u017adzie ze szczytu Grossglockner, \u00a0jeden z kolarzy przewr\u00f3ci\u0142 si\u0119. Jak si\u0119 okaza\u0142o, by\u0142 to 25-letni zawodnik grupy Coop-Repsol, Andre Drege. Norweg mia\u0142 rozbi\u0107 si\u0119 rowerem przy pr\u0119dko\u015bci oko\u0142o 90 kilometr\u00f3w na godzin\u0119. M\u0119\u017cczyzna zosta\u0142 przewieziony do szpitala z powa\u017cnymi urazami. Niestety, mimo wysi\u0142k\u00f3w lekarzy, nie uda\u0142o si\u0119 uratowa\u0107 jego \u017cycia. Dok\u0142adne przyczyny tragedii s\u0105 wci\u0105\u017c badane przez policj\u0119.<br><\/p>\n\n\n\n<p>Andre Drege nie \u017cyje<br>Norweg urodzi\u0142 si\u0119 4 maja 1999 roku w Alesund. Od dziecka uprawia\u0142 kolarstwo, a sukcesy seniorskie zacz\u0105\u0142 \u015bwi\u0119towa\u0107 ju\u017c w 2018 roku. Ostatnie miesi\u0105ce by\u0142y wyj\u0105tkowo udane dla kolarza. Andre Drege wygra\u0142 klasyfikacj\u0119 generaln\u0105 dw\u00f3ch wy\u015bcig\u00f3w ni\u017cszej rangi: Tour of Rhodes i South Aegean Tour. Dzi\u0119ki temu zwr\u00f3ci\u0142 na siebie uwag\u0119 zespo\u0142\u00f3w z kolarskiej ekstraklasy. Przez ca\u0142\u0105 karier\u0119 zwi\u0105zany by\u0142 z norwesk\u0105 dru\u017cyn\u0105 Coop\u2013Repsol, ale od przysz\u0142ego sezonu mia\u0142 reprezentowa\u0107 barwy Team Jayco AlUla. Jego tragiczna \u015bmier\u0107 wstrz\u0105sn\u0119\u0142a kolarskim \u015bwiatem.<br><\/p>\n\n\n\n<p>Wy\u015bcig Dooko\u0142a Austrii przerwany<br>Organizatorzy wy\u015bcigu zadecydowali o anulowaniu ostatniego etapu. Zamiast niego, odb\u0119dzie si\u0119 przejazd kondolencyjny ku czci zmar\u0142ego kolarza. Jak czytamy w o\u015bwiadczeniu:<\/p>\n\n\n\n<p>Wraz z organizatorami i kolarzami poszczeg\u00f3lnych zespo\u0142\u00f3w zdecydowali\u015bmy si\u0119 zrezygnowa\u0107 z ostatniego etapu i zamiast niego, zorganizujemy przejazd kondolencyjny ku pami\u0119ci Andre Drege. To by\u0142o wyra\u017ane \u017cyczenie ojca Andre, jego koleg\u00f3w z dru\u017cyny i ca\u0142ego zespo\u0142u. Ca\u0142ej rodziny kolarskiej da to mo\u017cliwo\u015b\u0107 pogodzenia si\u0119 z tym, co si\u0119 sta\u0142o i uczczenia jego pami\u0119ci. Wszyscy jeste\u015bmy zdruzgotani tym tragicznym wypadkiem, a nasze my\u015bli i modlitwy s\u0105 z rodzin\u0105 Andre, jego bliskimi i dru\u017cyn\u0105 Coop \u2014 Repsol w tym niezwykle trudnym czasie &#8211; przekaza\u0142 dyrektor wy\u015bcigu, Thomas Pupp.<br><\/p>\n","protected":false},"excerpt":{"rendered":"Na trasie wy\u015bcigu Dooko\u0142a Austrii dosz\u0142o do powa\u017cnego wypadku. Jak wynika z nieoficjalnych informacji na zje\u017adzie przewr\u00f3ci\u0142 si\u0119 jeden z kolarzy. W wyniku \n<a class=\"moretag\" href=\"https:\/\/lifevery.biz.ua\/?p=11339\"> [...]<\/a>","protected":false},"author":1,"featured_media":11340,"comment_status":"open","ping_status":"open","sticky":false,"template":"","format":"standard","meta":{"footnotes":""},"categories":[1],"tags":[],"class_list":["post-11339","post","type-post","status-publish","format-standard","has-post-thumbnail","hentry","category-blog"],"_links":{"self":[{"href":"https:\/\/lifevery.biz.ua\/index.php?rest_route=\/wp\/v2\/posts\/11339","targetHints":{"allow":["GET"]}}],"collection":[{"href":"https:\/\/lifevery.biz.ua\/index.php?rest_route=\/wp\/v2\/posts"}],"about":[{"href":"https:\/\/lifevery.biz.ua\/index.php?rest_route=\/wp\/v2\/types\/post"}],"author":[{"embeddable":true,"href":"https:\/\/lifevery.biz.ua\/index.php?rest_route=\/wp\/v2\/users\/1"}],"replies":[{"embeddable":true,"href":"https:\/\/lifevery.biz.ua\/index.php?rest_route=%2Fwp%2Fv2%2Fcomments&post=11339"}],"version-history":[{"count":1,"href":"https:\/\/lifevery.biz.ua\/index.php?rest_route=\/wp\/v2\/posts\/11339\/revisions"}],"predecessor-version":[{"id":11341,"href":"https:\/\/lifevery.biz.ua\/index.php?rest_route=\/wp\/v2\/posts\/11339\/revisions\/11341"}],"wp:featuredmedia":[{"embeddable":true,"href":"https:\/\/lifevery.biz.ua\/index.php?rest_route=\/wp\/v2\/media\/11340"}],"wp:attachment":[{"href":"https:\/\/lifevery.biz.ua\/index.php?rest_route=%2Fwp%2Fv2%2Fmedia&parent=11339"}],"wp:term":[{"taxonomy":"category","embeddable":true,"href":"https:\/\/lifevery.biz.ua\/index.php?rest_route=%2Fwp%2Fv2%2Fcategories&post=11339"},{"taxonomy":"post_tag","embeddable":true,"href":"https:\/\/lifevery.biz.ua\/index.php?rest_route=%2Fwp%2Fv2%2Ftags&post=11339"}],"curies":[{"name":"wp","href":"https:\/\/api.w.org\/{rel}","templated":true}]}}