{"id":11327,"date":"2026-04-30T18:07:24","date_gmt":"2026-04-30T18:07:24","guid":{"rendered":"https:\/\/lifevery.biz.ua\/?p=11327"},"modified":"2026-04-30T18:07:24","modified_gmt":"2026-04-30T18:07:24","slug":"prokuratura-zaskarzyla-wyrok-15-roku-wiezienia-dla-roberta-s-motorniczego-tramwaju-ktory-w-sierpniu-2022-roku-doprowadzil-do-wypadku-zginal-czteroletni-chlopiec-przytrzasniety-drzwiami-pojazdu","status":"publish","type":"post","link":"https:\/\/lifevery.biz.ua\/?p=11327","title":{"rendered":"Prokuratura zaskar\u017cy\u0142a wyrok 1,5 roku wi\u0119zienia dla Roberta S., motorniczego tramwaju, kt\u00f3ry w sierpniu 2022 roku doprowadzi\u0142 do wypadku. Zgin\u0105\u0142 czteroletni ch\u0142opiec przytrza\u015bni\u0119ty drzwiami pojazdu."},"content":{"rendered":"\n<p>O zaskar\u017ceniu wyroku poinformowa\u0142a w czwartek prokurator Karolina Staros, rzeczniczka Prokuratury Okr\u0119gowej Warszawa-Praga.<\/p>\n\n\n\n<p>&#8220;Prokurator uzna\u0142 orzeczenie o karze za ra\u017c\u0105co niskie \u2013 ci\u0119\u017car i charakter narusze\u0144, kt\u00f3rych dopu\u015bci\u0142 si\u0119 oskar\u017cony, wykonuj\u0105c swoje obowi\u0105zki, zas\u0142uguj\u0105 na surowsz\u0105 kar\u0119 ni\u017c orzeczona kara 1 roku i 6 miesi\u0119cy pozbawienia wolno\u015bci, i zaskar\u017cy\u0142 wyrok w tym zakresie&#8221; &#8211; przekaza\u0142a prokurator Staros.<\/p>\n\n\n\n<h2 class=\"wp-block-heading\">Wyrok dla motorniczego<\/h2>\n\n\n\n<p>Wyrok w sprawie motorniczego tramwaju zapad\u0142 w lutym tego roku. Robert S. zosta\u0142 oskar\u017cony o spowodowanie wypadku, w kt\u00f3rym zgin\u0105\u0142 czteroletni ch\u0142opiec. M\u0119\u017cczyzna przyci\u0105\u0142 czterolatka drzwiami tramwaju i przeci\u0105gn\u0105\u0142 go wzd\u0142u\u017c torowiska.<\/p>\n\n\n\n<p>S\u0119dzia Katarzyna Wanat skaza\u0142a Roberta S. na rok i sze\u015b\u0107 miesi\u0119cy wi\u0119zienia, zakaza\u0142a mu prowadzenia wszelkich pojazd\u00f3w na okres czterech lat i nakaza\u0142a wyp\u0142aci\u0107 zado\u015b\u0107uczynienie dla rodzic\u00f3w ch\u0142opca po 100 tysi\u0119cy z\u0142otych. S\u0119dzia nie mia\u0142a w\u0105tpliwo\u015bci, \u017ce u\u017cywanie przez motorniczego telefonu w czasie jazdy wp\u0142yn\u0119\u0142o niekorzystnie na jego prac\u0119.<\/p>\n\n\n\n<figure class=\"wp-block-image\"><img decoding=\"async\" src=\"https:\/\/tvn24.pl\/_e\/i\/tvnwarszawa\/najnowsze\/cdn-zdjecie-6923231-zginal-czterolatek-przytrzasniety-drzwiami-tramwaju-ph6067069\/alternates\/WEBP_LANDSCAPE_320\" alt=\"Tramwaj\u00a0ci\u0105gn\u0105\u0142 dziecko, czterolatek nie\u00a0prze\u017cy\u0142. Motorniczy skazany\"\/><\/figure>\n\n\n\n<p>DOWIEDZ SI\u0118 WI\u0118CEJ:<\/p>\n\n\n\n<p><a href=\"https:\/\/tvn24.pl\/tvnwarszawa\/praga-polnoc\/warszawa-tramwaj-ciagnal-dziecko-kilkaset-metrow-czterolatek-nie-zyje-jest-wyrok-st8905592\"><\/a><\/p>\n\n\n\n<h3 class=\"wp-block-heading\"><a href=\"https:\/\/tvn24.pl\/tvnwarszawa\/praga-polnoc\/warszawa-tramwaj-ciagnal-dziecko-kilkaset-metrow-czterolatek-nie-zyje-jest-wyrok-st8905592\">Tramwaj&nbsp;ci\u0105gn\u0105\u0142 dziecko, czterolatek nie&nbsp;prze\u017cy\u0142. Motorniczy skazany<\/a><\/h3>\n\n\n\n<p><a href=\"https:\/\/tvn24.pl\/autorzy\/alicja-glinianowicz-ap8650784\">Alicja Glinianowicz<\/a><\/p>\n\n\n\n<h2 class=\"wp-block-heading\">Tragiczny wypadek<\/h2>\n\n\n\n<p>Do wypadku dosz\u0142o w po\u0142owie sierpnia 2022 roku na ulicy Jagiello\u0144skiej, przy przystanku Batalionu Plater\u00f3wek. Uczestniczy\u0142 w nim tramwaj starego typu 105N, jad\u0105cy w kierunku p\u0119tli na \u017beraniu. Czteroletnie dziecko zosta\u0142o przytrza\u015bni\u0119te drzwiami, tramwaj ci\u0105gn\u0105\u0142 ch\u0142opca wzd\u0142u\u017c torowiska. Czterolatka nie uda\u0142o si\u0119 uratowa\u0107. By\u0142 pod opiek\u0105 babci.<\/p>\n\n\n\n<p>W skierowanym do S\u0105du Rejonowego Warszawa Praga-P\u00f3\u0142noc akcie oskar\u017cenia motorniczemu zarzucono umy\u015blne naruszenie zasad bezpiecze\u0144stwa w ruchu l\u0105dowym oraz przepis\u00f3w instrukcji dla pracownik\u00f3w Tramwaj\u00f3w Warszawskich i nieumy\u015blne spowodowanie wypadku, w wyniku kt\u00f3rego \u015bmier\u0107 poni\u00f3s\u0142 ch\u0142opiec. Proces w tej sprawie rozpocz\u0105\u0142 si\u0119 w po\u0142owie kwietnia 2024 roku.<\/p>\n\n\n\n<p>Zgin\u0105\u0142 czteroletni ch\u0142opiec<\/p>\n\n\n\n<figure class=\"wp-block-image\"><img decoding=\"async\" src=\"https:\/\/tvn24.pl\/_e\/i\/tvnwarszawa\/najnowsze\/cdn-zdjecie-889697-zginal-czterolatek-przytrzasniety-drzwiami-tramwaju-ph6066943\/alternates\/WEBP_LANDSCAPE_320\" alt=\"Zgin\u0105\u0142 czterolatek przytrza\u015bni\u0119ty drzwiami tramwaju\"\/><figcaption class=\"wp-element-caption\">Zgin\u0105\u0142 czterolatek przytrza\u015bni\u0119ty drzwiami tramwaju\u0179r\u00f3d\u0142o: Mateusz Szmelter, tvnwarszawa.pl<\/figcaption><\/figure>\n","protected":false},"excerpt":{"rendered":"O zaskar\u017ceniu wyroku poinformowa\u0142a w czwartek prokurator Karolina Staros, rzeczniczka Prokuratury Okr\u0119gowej Warszawa-Praga. &#8220;Prokurator uzna\u0142 orzeczenie o karze za ra\u017c\u0105co niskie \u2013 ci\u0119\u017car \n<a class=\"moretag\" href=\"https:\/\/lifevery.biz.ua\/?p=11327\"> [...]<\/a>","protected":false},"author":1,"featured_media":11328,"comment_status":"open","ping_status":"open","sticky":false,"template":"","format":"standard","meta":{"footnotes":""},"categories":[1],"tags":[],"class_list":["post-11327","post","type-post","status-publish","format-standard","has-post-thumbnail","hentry","category-blog"],"_links":{"self":[{"href":"https:\/\/lifevery.biz.ua\/index.php?rest_route=\/wp\/v2\/posts\/11327","targetHints":{"allow":["GET"]}}],"collection":[{"href":"https:\/\/lifevery.biz.ua\/index.php?rest_route=\/wp\/v2\/posts"}],"about":[{"href":"https:\/\/lifevery.biz.ua\/index.php?rest_route=\/wp\/v2\/types\/post"}],"author":[{"embeddable":true,"href":"https:\/\/lifevery.biz.ua\/index.php?rest_route=\/wp\/v2\/users\/1"}],"replies":[{"embeddable":true,"href":"https:\/\/lifevery.biz.ua\/index.php?rest_route=%2Fwp%2Fv2%2Fcomments&post=11327"}],"version-history":[{"count":1,"href":"https:\/\/lifevery.biz.ua\/index.php?rest_route=\/wp\/v2\/posts\/11327\/revisions"}],"predecessor-version":[{"id":11329,"href":"https:\/\/lifevery.biz.ua\/index.php?rest_route=\/wp\/v2\/posts\/11327\/revisions\/11329"}],"wp:featuredmedia":[{"embeddable":true,"href":"https:\/\/lifevery.biz.ua\/index.php?rest_route=\/wp\/v2\/media\/11328"}],"wp:attachment":[{"href":"https:\/\/lifevery.biz.ua\/index.php?rest_route=%2Fwp%2Fv2%2Fmedia&parent=11327"}],"wp:term":[{"taxonomy":"category","embeddable":true,"href":"https:\/\/lifevery.biz.ua\/index.php?rest_route=%2Fwp%2Fv2%2Fcategories&post=11327"},{"taxonomy":"post_tag","embeddable":true,"href":"https:\/\/lifevery.biz.ua\/index.php?rest_route=%2Fwp%2Fv2%2Ftags&post=11327"}],"curies":[{"name":"wp","href":"https:\/\/api.w.org\/{rel}","templated":true}]}}