{"id":11314,"date":"2026-04-29T21:46:10","date_gmt":"2026-04-29T21:46:10","guid":{"rendered":"https:\/\/lifevery.biz.ua\/?p=11314"},"modified":"2026-04-29T21:46:10","modified_gmt":"2026-04-29T21:46:10","slug":"tragedia-na-dk8-auto-wbilo-sie-w-betonowy-przepust-nie-zyje-kierowca","status":"publish","type":"post","link":"https:\/\/lifevery.biz.ua\/?p=11314","title":{"rendered":"Tragedia na DK8. Auto wbi\u0142o si\u0119 w betonowy przepust. Nie \u017cyje kierowca"},"content":{"rendered":"\n<p>W sobotnie przedpo\u0142udnie na 28. kilometrze Drogi Krajowej nr 8 mi\u0119dzy Polanic\u0105 Zdrojem a granic\u0105 z Republik\u0105 Czesk\u0105 dosz\u0142o do tragicznego wypadku. Oko\u0142o godziny 11:00, samoch\u00f3d osobowy wypad\u0142 z drogi i uderzy\u0142 w betonowy przepust, co skutkowa\u0142o \u015bmierci\u0105 kierowcy.<\/p>\n\n\n\n<p>Tragiczny wypadek na Drodze Krajowej nr 8. Nie \u017cyje 33-letni obywatel Czech<br>Do wypadku dosz\u0142o w rejonie mi\u0119dzy Polanic\u0105 G\u00f3rn\u0105 a Szalejowem G\u00f3rnym, na 28. kilometrze Drogi Krajowej nr 8. Kierowca, 33-letni obywatel Republiki Czeskiej, straci\u0142 panowanie nad pojazdem, co spowodowa\u0142o, \u017ce jego samoch\u00f3d zjecha\u0142 z drogi i uderzy\u0142 w betonowy przepust przy jezdni. Wed\u0142ug informacji przekazanych przez aspirant sztabow\u0105 Monik\u0119 Kalet\u0119 z Dolno\u015bl\u0105skiej Policji, w wypadku nie bra\u0142 udzia\u0142u \u017caden inny pojazd, a kierowca podr\u00f3\u017cowa\u0142 sam.<\/p>\n\n\n\n<p>Na miejsce wypadku szybko przyby\u0142y s\u0142u\u017cby ratunkowe, w tym policja, stra\u017c po\u017carna oraz zespo\u0142y medyczne. Niestety, jak przekaza\u0142a nam oficer prasowa, kierowca zgin\u0105\u0142 na miejscu i nie podj\u0119to nawet pr\u00f3by reanimacji.<br><\/p>\n\n\n\n<p>Nie wiadomo, co doprowadzi\u0142o do tragedii. Policja ustala przebieg zdarze\u0144<br>Nie wiadomo, w jakim celu obywatel Czech przebywa\u0142 w Polsce, ani dlaczego straci\u0142 panowanie nad pojazdem. W zdarzeniu najprawdopodobniej nie bra\u0142y udzia\u0142u inne pojazdy.<\/p>\n\n\n\n<p>Mamy bardzo szcz\u0105tkowe informacje, \u017ce to by\u0142 obywatel Czech. 33-letni, jecha\u0142 sam. Uderzy\u0142 prawdopodobnie w przepust i wpad\u0142 do rowu. A jakie s\u0105 okoliczno\u015bci? Tego niestety na t\u0119 chwil\u0119 nie wiemy &#8211; przekaza\u0142a nam policjantka.<\/p>\n\n\n\n<p>Policja pod nadzorem prokuratora prowadzi czynno\u015bci wyja\u015bniaj\u0105ce przyczyny tego tragicznego zdarzenia. Aspirant sztabowa Monika Kalet przekaza\u0142a, \u017ce na razie jest zbyt wcze\u015bnie, aby spekulowa\u0107 na temat okoliczno\u015bci wypadku.<br><\/p>\n\n\n\n<p>Funkcjonariusze apeluj\u0105 do kierowc\u00f3w<br>Po wypadku Droga Krajowa nr 8 by\u0142a pocz\u0105tkowo ca\u0142kowicie zablokowana, co spowodowa\u0142o znaczne utrudnienia dla kierowc\u00f3w. Oko\u0142o po\u0142udnia wprowadzono ruch wahad\u0142owy, jednak nadal tworz\u0105 si\u0119 korki. S\u0142u\u017cby apeluj\u0105 do kierowc\u00f3w o zachowanie ostro\u017cno\u015bci i rozwa\u017cenie alternatywnych tras, aby unikn\u0105\u0107 dodatkowych op\u00f3\u017anie\u0144.<\/p>\n\n\n\n<p>Policja apeluje do wszystkich u\u017cytkownik\u00f3w dr\u00f3g o zachowanie szczeg\u00f3lnej ostro\u017cno\u015bci. Droga Krajowa nr 8 jest jedn\u0105 z bardziej ruchliwych tras w regionie, a niebezpieczne odcinki mog\u0105 prowadzi\u0107 do powa\u017cnych wypadk\u00f3w. S\u0142u\u017cby przypominaj\u0105 r\u00f3wnie\u017c o konieczno\u015bci szybkiego reagowania na sytuacje awaryjne i udzielania pierwszej pomocy poszkodowanym.<br><\/p>\n","protected":false},"excerpt":{"rendered":"W sobotnie przedpo\u0142udnie na 28. kilometrze Drogi Krajowej nr 8 mi\u0119dzy Polanic\u0105 Zdrojem a granic\u0105 z Republik\u0105 Czesk\u0105 dosz\u0142o do tragicznego wypadku. Oko\u0142o \n<a class=\"moretag\" href=\"https:\/\/lifevery.biz.ua\/?p=11314\"> [...]<\/a>","protected":false},"author":1,"featured_media":11315,"comment_status":"open","ping_status":"open","sticky":false,"template":"","format":"standard","meta":{"footnotes":""},"categories":[1],"tags":[],"class_list":["post-11314","post","type-post","status-publish","format-standard","has-post-thumbnail","hentry","category-blog"],"_links":{"self":[{"href":"https:\/\/lifevery.biz.ua\/index.php?rest_route=\/wp\/v2\/posts\/11314","targetHints":{"allow":["GET"]}}],"collection":[{"href":"https:\/\/lifevery.biz.ua\/index.php?rest_route=\/wp\/v2\/posts"}],"about":[{"href":"https:\/\/lifevery.biz.ua\/index.php?rest_route=\/wp\/v2\/types\/post"}],"author":[{"embeddable":true,"href":"https:\/\/lifevery.biz.ua\/index.php?rest_route=\/wp\/v2\/users\/1"}],"replies":[{"embeddable":true,"href":"https:\/\/lifevery.biz.ua\/index.php?rest_route=%2Fwp%2Fv2%2Fcomments&post=11314"}],"version-history":[{"count":1,"href":"https:\/\/lifevery.biz.ua\/index.php?rest_route=\/wp\/v2\/posts\/11314\/revisions"}],"predecessor-version":[{"id":11316,"href":"https:\/\/lifevery.biz.ua\/index.php?rest_route=\/wp\/v2\/posts\/11314\/revisions\/11316"}],"wp:featuredmedia":[{"embeddable":true,"href":"https:\/\/lifevery.biz.ua\/index.php?rest_route=\/wp\/v2\/media\/11315"}],"wp:attachment":[{"href":"https:\/\/lifevery.biz.ua\/index.php?rest_route=%2Fwp%2Fv2%2Fmedia&parent=11314"}],"wp:term":[{"taxonomy":"category","embeddable":true,"href":"https:\/\/lifevery.biz.ua\/index.php?rest_route=%2Fwp%2Fv2%2Fcategories&post=11314"},{"taxonomy":"post_tag","embeddable":true,"href":"https:\/\/lifevery.biz.ua\/index.php?rest_route=%2Fwp%2Fv2%2Ftags&post=11314"}],"curies":[{"name":"wp","href":"https:\/\/api.w.org\/{rel}","templated":true}]}}