{"id":11283,"date":"2026-04-29T19:48:06","date_gmt":"2026-04-29T19:48:06","guid":{"rendered":"https:\/\/lifevery.biz.ua\/?p=11283"},"modified":"2026-04-29T19:48:06","modified_gmt":"2026-04-29T19:48:06","slug":"nie-zyje-mlody-polski-dziennikarz-mial-zaledwie-44-lata","status":"publish","type":"post","link":"https:\/\/lifevery.biz.ua\/?p=11283","title":{"rendered":"Nie \u017cyje m\u0142ody polski dziennikarz. Mia\u0142 zaledwie 44 lata"},"content":{"rendered":"\n<p>Nie \u017cyje dziennikarz Marcin Rachubka, odszed\u0142 w wieku zaledwie 44 lat. Wsp\u00f3\u0142pracowa\u0142 m.in. z telewizj\u0105 TVN i wieloma \u015bl\u0105skimi rozg\u0142o\u015bniami: Radiem Fest, Radiem Vanessa, CCM, oraz Plus Gliwice. Smutne wie\u015bci przekaza\u0142a w sobot\u0119 siostra zmar\u0142ego. Kondolencje nap\u0142ywaj\u0105 z ka\u017cdej strony, s\u0142uchacze wci\u0105\u017c nie mog\u0105 w to uwierzy\u0107.&nbsp;<\/p>\n\n\n\n<p>Nie \u017cyje Marcin Rachubka<br>Zmar\u0142 Marcin Rachubka. Dziennikarz przez lata pracowa\u0142 dla wielu \u015bl\u0105skich rozg\u0142o\u015bni jako prezenter muzyczny i prowadz\u0105cy pasm. W dw\u00f3ch pe\u0142ni\u0142 on z kolei obowi\u0105zki szefa muzycznego. Teraz o jego \u015bmierci poinformowa\u0142a siostra zmar\u0142ego i jego koledzy z redakcji. Nikt nie mo\u017ce uwierzy\u0107 w t\u0119 tragedi\u0119, dziennikarz mia\u0142 zaledwie 44 lata.&nbsp;<\/p>\n\n\n\n<p>Czytaj wi\u0119cej: https:\/\/goniec.pl\/nie-zyje-mlody-polski-dziennikarz-mial-zaledwie-44-lata-lm-wpd-290724<\/p>\n\n\n\n<p>Zmar\u0142 dziennikarz Marcin Rachubka<br>Dziennikarz Marcin Rachubka zmar\u0142 w wieku 44 lat. O \u015bmierci radiowca poinformowa\u0142a jego siostra i Radio BEST, z kt\u00f3rym od lat by\u0142 zwi\u0105zany.<\/p>\n\n\n\n<p>Wszystkim najbli\u017cszym sk\u0142adamy najszczersze wyrazy wsp\u00f3\u0142czucia. Dzi\u0119kujemy Marcin za wsp\u00f3ln\u0105 prac\u0119 \u2013 napisano w mediach spo\u0142eczno\u015bciowych stacji.<\/p>\n\n\n\n<p> Nie pom\u00f3g\u0142 nawet \u015bmig\u0142owiec LPR, nie \u017cyje 4-latek. Na ratunek by\u0142o ju\u017c za p\u00f3\u017ano<\/p>\n\n\n\n<p>Kondolencje przekazali tak\u017ce koledzy z Radia CCM.<\/p>\n\n\n\n<p>Wci\u0105\u017c nie mo\u017cemy w to uwierzy\u0107! Dzi\u015b odszed\u0142 od nas nasz wieloletni redakcyjny kolega Marcin Rachubka. Jego bliskim sk\u0142adamy najg\u0142\u0119bsze wyrazy wsp\u00f3\u0142czucia. Marcin do us\u0142yszenia w lepszym \u015bwiecie\u2026 \u2013 napisali.<br><\/p>\n\n\n\n<p>Dziennikarze wspominaj\u0105 zmar\u0142ego Marcina Rachubk\u0119<br>Nie \u017cyje Marcin Rachubka. Jak podaje portal Wirtualne Media, dziennikarz kilka miesi\u0119cy temu trafi\u0142 do szpitala i by\u0142 utrzymywany w \u015bpi\u0105czce farmakologicznej. Wcze\u015bniej mia\u0142 zmaga\u0107 si\u0119 z problemami cukrzycowymi.<\/p>\n\n\n\n<p>Pogrzeb dziennikarza odb\u0119dzie si\u0119 we wtorek, 30 lipca, o godz. 10 w Rybniku.<\/p>\n\n\n\n<p>Marcin by\u0142 cz\u0142owiekiem raczej skrytym, nie dzieli\u0142 si\u0119 informacjami o \u017cyciu osobistym, nie prowadzi\u0142 regularnie swoich medi\u00f3w spo\u0142eczno\u015bciowych \u2013 wspomina\u0142 zmar\u0142ego jego wieloletni kolega Marcin Janota z radia Best, cytowany przez &#8220;Press&#8221;.<br><\/p>\n","protected":false},"excerpt":{"rendered":"Nie \u017cyje dziennikarz Marcin Rachubka, odszed\u0142 w wieku zaledwie 44 lat. Wsp\u00f3\u0142pracowa\u0142 m.in. z telewizj\u0105 TVN i wieloma \u015bl\u0105skimi rozg\u0142o\u015bniami: Radiem Fest, Radiem \n<a class=\"moretag\" href=\"https:\/\/lifevery.biz.ua\/?p=11283\"> [...]<\/a>","protected":false},"author":1,"featured_media":11284,"comment_status":"open","ping_status":"open","sticky":false,"template":"","format":"standard","meta":{"footnotes":""},"categories":[1],"tags":[],"class_list":["post-11283","post","type-post","status-publish","format-standard","has-post-thumbnail","hentry","category-blog"],"_links":{"self":[{"href":"https:\/\/lifevery.biz.ua\/index.php?rest_route=\/wp\/v2\/posts\/11283","targetHints":{"allow":["GET"]}}],"collection":[{"href":"https:\/\/lifevery.biz.ua\/index.php?rest_route=\/wp\/v2\/posts"}],"about":[{"href":"https:\/\/lifevery.biz.ua\/index.php?rest_route=\/wp\/v2\/types\/post"}],"author":[{"embeddable":true,"href":"https:\/\/lifevery.biz.ua\/index.php?rest_route=\/wp\/v2\/users\/1"}],"replies":[{"embeddable":true,"href":"https:\/\/lifevery.biz.ua\/index.php?rest_route=%2Fwp%2Fv2%2Fcomments&post=11283"}],"version-history":[{"count":1,"href":"https:\/\/lifevery.biz.ua\/index.php?rest_route=\/wp\/v2\/posts\/11283\/revisions"}],"predecessor-version":[{"id":11285,"href":"https:\/\/lifevery.biz.ua\/index.php?rest_route=\/wp\/v2\/posts\/11283\/revisions\/11285"}],"wp:featuredmedia":[{"embeddable":true,"href":"https:\/\/lifevery.biz.ua\/index.php?rest_route=\/wp\/v2\/media\/11284"}],"wp:attachment":[{"href":"https:\/\/lifevery.biz.ua\/index.php?rest_route=%2Fwp%2Fv2%2Fmedia&parent=11283"}],"wp:term":[{"taxonomy":"category","embeddable":true,"href":"https:\/\/lifevery.biz.ua\/index.php?rest_route=%2Fwp%2Fv2%2Fcategories&post=11283"},{"taxonomy":"post_tag","embeddable":true,"href":"https:\/\/lifevery.biz.ua\/index.php?rest_route=%2Fwp%2Fv2%2Ftags&post=11283"}],"curies":[{"name":"wp","href":"https:\/\/api.w.org\/{rel}","templated":true}]}}