{"id":1127,"date":"2026-01-25T19:16:50","date_gmt":"2026-01-25T19:16:50","guid":{"rendered":"https:\/\/lifevery.biz.ua\/?p=1127"},"modified":"2026-01-25T19:16:50","modified_gmt":"2026-01-25T19:16:50","slug":"atak-na-prezydenta-nawrocki-zlamal-konstytucje-poruszenie-na-caly-kraj","status":"publish","type":"post","link":"https:\/\/lifevery.biz.ua\/?p=1127","title":{"rendered":"Atak na prezydenta. \u201d Nawrocki z\u0142ama\u0142 konstytucj\u0119\u201d. Poruszenie na ca\u0142y kraj"},"content":{"rendered":"\n<p><strong>Podczas ostatniej wizyty w Berlinie prezydent Karol Nawrocki poruszy\u0142 temat reparacji wojennych.<\/strong>&nbsp;Spotkanie z niemieckimi w\u0142adzami, zamiast umocni\u0107 polsk\u0105 pozycj\u0119, wywo\u0142a\u0142o jednak lawin\u0119 komentarzy i zarzut\u00f3w ze strony opozycji. Najmocniej zareagowa\u0142 wicepremier i szef MSZ, Rados\u0142aw Sikorski, kt\u00f3ry otwarcie oskar\u017cy\u0142 prezydenta o dzia\u0142anie wbrew konstytucji.<\/p>\n\n\n\n<ul class=\"wp-block-list\">\n<li>Czytaj te\u017c:\u00a0<a href=\"https:\/\/wlocie.pl\/gwiazdy\/sledczy-przerwali-milczenie-ws-smierci-zony-rynkowskiego-sprawa-zajela-sie-prokuratura\">\u015aledczy przerwali milczenie ws. \u015bmierci \u017cony Rynkowskiego. Spraw\u0105 zaj\u0119\u0142a si\u0119 prokuratura<\/a><\/li>\n<\/ul>\n\n\n\n<h2 class=\"wp-block-heading\">Rados\u0142aw Sikorski: \u201ePrezydent nie jest szefem rz\u0105du\u201d<\/h2>\n\n\n\n<p>Szef polskiej dyplomacji powo\u0142a\u0142 si\u0119 na przepisy Konstytucji RP, kt\u00f3re jasno okre\u015blaj\u0105 podzia\u0142 kompetencji w zakresie polityki zagranicznej.<\/p>\n\n\n\n<blockquote class=\"wp-block-quote is-layout-flow wp-block-quote-is-layout-flow\">\n<p>\u2013&nbsp;<strong>\u201ePrezydent nie jest szefem rz\u0105du, tylko reprezentantem jego polityki\u201d<\/strong>&nbsp;\u2013 podkre\u015bli\u0142 w rozmowie z Polsat News.<\/p>\n<\/blockquote>\n\n\n\n<p>Wed\u0142ug Sikorskiego, prezydent Nawrocki og\u0142osi\u0142 plany rozm\u00f3w o reparacjach wojennych&nbsp;<strong>bez wcze\u015bniejszych uzgodnie\u0144 z Rad\u0105 Ministr\u00f3w<\/strong>, co jego zdaniem \u201ejest z\u0142amaniem konstytucji\u201d i nara\u017ca Polsk\u0119 na dyplomatyczne pora\u017cki.<\/p>\n\n\n\n<h2 class=\"wp-block-heading\">Co wydarzy\u0142o si\u0119 w Berlinie?<\/h2>\n\n\n\n<p>Podczas rozm\u00f3w z prezydentem Frankiem-Walterem Steinmeierem Karol Nawrocki stwierdzi\u0142, \u017ce&nbsp;<strong>sprawa reparacji \u201enie jest zamkni\u0119ta\u201d<\/strong>. Zasugerowa\u0142 te\u017c alternatywne formy zado\u015b\u0107uczynienia, np.&nbsp;<strong>wsparcie dla polskiego przemys\u0142u obronnego<\/strong>.<\/p>\n\n\n\n<p>Strona niemiecka odnios\u0142a si\u0119 jednoznacznie. Prezydent Steinmeier zaznaczy\u0142, \u017ce&nbsp;<strong>temat reparacji zosta\u0142 prawnie rozstrzygni\u0119ty<\/strong>&nbsp;i nie ma przestrzeni na nowe negocjacje w tej sprawie. Rozmowy dotyczy\u0142y tak\u017ce bezpiecze\u0144stwa regionalnego, wsp\u00f3\u0142pracy w ramach NATO i relacji polsko-niemieckich, ale to w\u0142a\u015bnie w\u0105tek reparacji wywo\u0142a\u0142 najwi\u0119ksze kontrowersje.<\/p>\n\n\n\n<h2 class=\"wp-block-heading\">Czy prezydent z\u0142ama\u0142 konstytucj\u0119?<\/h2>\n\n\n\n<p>Z punktu widzenia prawa sytuacja jest z\u0142o\u017cona. Konstytucja okre\u015bla, \u017ce:<\/p>\n\n\n\n<ul class=\"wp-block-list\">\n<li><strong>rz\u0105d prowadzi polityk\u0119 zagraniczn\u0105<\/strong>\u00a0(art. 146),<\/li>\n\n\n\n<li><strong>prezydent reprezentuje pa\u0144stwo i wsp\u00f3\u0142dzia\u0142a z premierem oraz ministrem spraw zagranicznych<\/strong>\u00a0w sprawach zagranicznych (art. 133 ust. 3).<\/li>\n<\/ul>\n\n\n\n<p>Oznacza to, \u017ce prezydent ma prawo porusza\u0107 kwestie mi\u0119dzynarodowe, ale&nbsp;<strong>powinien to czyni\u0107 we wsp\u00f3\u0142pracy z rz\u0105dem<\/strong>. Kluczowe jest wi\u0119c ustalenie, czy dosz\u0142o do takich konsultacji przed berli\u0144sk\u0105 wizyt\u0105.<\/p>\n\n\n\n<p>Na razie nie ma informacji o formalnych krokach prawnych wobec prezydenta. Zarzuty Sikorskiego&nbsp;<a href=\"http:\/\/wp.pl\/\">nale\u017cy<\/a>&nbsp;traktowa\u0107 jako&nbsp;<strong>ocen\u0119 polityczn\u0105<\/strong>, a nie stwierdzenie naruszenia prawa.<\/p>\n\n\n\n<h2 class=\"wp-block-heading\">Polityczne konsekwencje sporu<\/h2>\n\n\n\n<p>Ostry komentarz szefa MSZ otworzy\u0142 nowy front konfliktu mi\u0119dzy rz\u0105dem a prezydentem. Sp\u00f3r o reparacje i zakres kompetencji w polityce zagranicznej wpisuje si\u0119 w szersz\u0105 walk\u0119 o wp\u0142ywy na arenie mi\u0119dzynarodowej.&nbsp;<strong>Czy w tle chodzi o realne interesy Polski, czy raczej o rozgrywk\u0119 wewn\u0119trzn\u0105?<\/strong>&nbsp;Odpowied\u017a na to pytanie podzieli jeszcze bardziej polsk\u0105 scen\u0119 polityczn\u0105.<\/p>\n","protected":false},"excerpt":{"rendered":"Podczas ostatniej wizyty w Berlinie prezydent Karol Nawrocki poruszy\u0142 temat reparacji wojennych.&nbsp;Spotkanie z niemieckimi w\u0142adzami, zamiast umocni\u0107 polsk\u0105 pozycj\u0119, wywo\u0142a\u0142o jednak lawin\u0119 komentarzy \n<a class=\"moretag\" href=\"https:\/\/lifevery.biz.ua\/?p=1127\"> [...]<\/a>","protected":false},"author":1,"featured_media":1128,"comment_status":"open","ping_status":"open","sticky":false,"template":"","format":"standard","meta":{"footnotes":""},"categories":[1],"tags":[],"class_list":["post-1127","post","type-post","status-publish","format-standard","has-post-thumbnail","hentry","category-blog"],"_links":{"self":[{"href":"https:\/\/lifevery.biz.ua\/index.php?rest_route=\/wp\/v2\/posts\/1127","targetHints":{"allow":["GET"]}}],"collection":[{"href":"https:\/\/lifevery.biz.ua\/index.php?rest_route=\/wp\/v2\/posts"}],"about":[{"href":"https:\/\/lifevery.biz.ua\/index.php?rest_route=\/wp\/v2\/types\/post"}],"author":[{"embeddable":true,"href":"https:\/\/lifevery.biz.ua\/index.php?rest_route=\/wp\/v2\/users\/1"}],"replies":[{"embeddable":true,"href":"https:\/\/lifevery.biz.ua\/index.php?rest_route=%2Fwp%2Fv2%2Fcomments&post=1127"}],"version-history":[{"count":1,"href":"https:\/\/lifevery.biz.ua\/index.php?rest_route=\/wp\/v2\/posts\/1127\/revisions"}],"predecessor-version":[{"id":1129,"href":"https:\/\/lifevery.biz.ua\/index.php?rest_route=\/wp\/v2\/posts\/1127\/revisions\/1129"}],"wp:featuredmedia":[{"embeddable":true,"href":"https:\/\/lifevery.biz.ua\/index.php?rest_route=\/wp\/v2\/media\/1128"}],"wp:attachment":[{"href":"https:\/\/lifevery.biz.ua\/index.php?rest_route=%2Fwp%2Fv2%2Fmedia&parent=1127"}],"wp:term":[{"taxonomy":"category","embeddable":true,"href":"https:\/\/lifevery.biz.ua\/index.php?rest_route=%2Fwp%2Fv2%2Fcategories&post=1127"},{"taxonomy":"post_tag","embeddable":true,"href":"https:\/\/lifevery.biz.ua\/index.php?rest_route=%2Fwp%2Fv2%2Ftags&post=1127"}],"curies":[{"name":"wp","href":"https:\/\/api.w.org\/{rel}","templated":true}]}}