{"id":11259,"date":"2026-04-29T19:13:38","date_gmt":"2026-04-29T19:13:38","guid":{"rendered":"https:\/\/lifevery.biz.ua\/?p=11259"},"modified":"2026-04-29T19:13:38","modified_gmt":"2026-04-29T19:13:38","slug":"nie-zyje-41-latek-osobowka-zderzyla-sie-z-motocyklem-kierowca-nie-mial-zadnych-szans","status":"publish","type":"post","link":"https:\/\/lifevery.biz.ua\/?p=11259","title":{"rendered":"Nie \u017cyje 41-latek. Osob\u00f3wka zderzy\u0142a si\u0119 z motocyklem, kierowca nie mia\u0142 \u017cadnych szans"},"content":{"rendered":"\n<p>Samoch\u00f3d osobowy z przyczepk\u0105 zderzy\u0142 si\u0119 z motocyklem. 41-letni kierowca jedno\u015bladu zgin\u0105\u0142 na miejscu. Tragiczny wypadek wydarzy\u0142 si\u0119 w miejscowo\u015bci Tabor (woj. mazowieckie). To kolejny tragiczny wypadek, do kt\u00f3rego dosz\u0142o w ci\u0105gu ostatnich godzin na polskich drogach. Policja poda\u0142a zatrwa\u017caj\u0105ce statystyki.<\/p>\n\n\n\n<p>\u015amiertelny wypadek na Mazowszu. Nie \u017cyje 41-latek-latek<br>Do wypadku dosz\u0142o w niedziel\u0119 przed godzin\u0105 15.00. 41-letni kieruj\u0105cy motocyklem zderzy\u0142 si\u0119 z samochodem osobowym z przyczepk\u0105. Droga krajowa nr 50 zosta\u0142a ca\u0142kowicie zamkni\u0119ta, a utrudnienia na trasie trwa\u0142y ponad 3 godziny. Policja wyznaczy\u0142a objazdy.<\/p>\n\n\n\n<p>Oko\u0142o godz. 15 otrzymali\u015bmy informacje o zdarzeniu drogowym na dk 50 w miejscowo\u015bci Tabor. W zdarzeniu uczestniczy\u0142 samoch\u00f3d osobowy marki Ford z przyczepk\u0105 oraz motocyklista. Kieruj\u0105cy motocyklem 41-letni m\u0119\u017cczyzna poni\u00f3s\u0142 \u015bmier\u0107 na miejscu &#8211; przekaza\u0142 PAP asp. Jacek Soboci\u0144ski ze sto\u0142ecznej policji.<\/p>\n\n\n\n<p>Tragiczny wypadek, 41-letni motocyklista nie \u017cyje. Wst\u0119pne ustalenia<br>Policja poinformowa\u0142a, \u017ce kierowca samochodu osobowego zosta\u0142 przebadany na zawarto\u015b\u0107 alkoholu w wydychanym powietrzu. M\u0119\u017cczyzna by\u0142 trze\u017awy. S\u0142u\u017cby pracuj\u0105ce na miejscu wypadku wst\u0119pnie ustali\u0142y, \u017ce kierowca samochodu jecha\u0142 od strony miejscowo\u015bci Ko\u0142biel. Pojazd skr\u0119ca\u0142 w lewo i nie ust\u0105pi\u0142 pierwsze\u0144stwa motocykli\u015bcie, kt\u00f3ry nadje\u017cd\u017ca\u0142 z naprzeciwka. Po wypadku przyczepka, kt\u00f3r\u0105 ci\u0105gn\u0105\u0142, przewr\u00f3ci\u0142a si\u0119 na bok. Zdecydowanie bardziej ucierpia\u0142 motocykl, kt\u00f3ry po zdarzeniu dos\u0142ownie si\u0119 roztrzaska\u0142. Z maszyny odpad\u0142o przednie ko\u0142o.<\/p>\n\n\n\n<p><\/p>\n\n\n\n<p>Policja swoje dzia\u0142ania na miejscu zdarzenia prowadzi\u0142a pod nadzorem prokuratury. Dokonano ogl\u0119dzin miejsca zdarzenia i zabezpieczenia \u015blad\u00f3w. W najbli\u017cszym czasie wyja\u015bnianie b\u0119d\u0105 okoliczno\u015bci tragedii. To ju\u017c kolejny \u015bmiertelny wypadek podczas trwaj\u0105cych wakacji. Policja poda\u0142a wstrz\u0105saj\u0105ce statystyki.\u00a0<br><\/p>\n\n\n\n<p>Wstrz\u0105saj\u0105ce statystyki \u015bmiertelnych wypadk\u00f3w na polskich drogach<br>Policja od pocz\u0105tku wakacji prowadzi statystyki wypadk\u00f3w ze skutkiem \u015bmiertelnym, do jakich dochodzi na polskich drogach. Tylko w miniony weekend \u017cycie w takich zdarzeniach straci\u0142o 15 os\u00f3b. Od pocz\u0105tku wakacji \u0142\u0105cznie jest ju\u017c 245 ofiar \u015bmiertelnych.<br><\/p>\n\n\n\n<p>Od poniedzia\u0142ku 5 sierpnia na polskich drogach ruszy\u0142a akcja &#8220;Pr\u0119dko\u015b\u0107&#8221;, w ramach kt\u00f3rej policjanci b\u0119d\u0105 kontrolowa\u0107 kierowc\u00f3w.<\/p>\n\n\n\n<p>Mundurowi b\u0119d\u0105 dokonywa\u0107 pomiar\u00f3w pr\u0119dko\u015bci zar\u00f3wno statycznie, jak i dynamicznie, ze szczeg\u00f3lnym uwzgl\u0119dnieniem miejsc, w kt\u00f3rych najcz\u0119\u015bciej dochodzi do wypadk\u00f3w drogowych spowodowanych nadmiern\u0105 pr\u0119dko\u015bci\u0105. Do akcji w\u0142\u0105cz\u0105 si\u0119 policyjne grupy Speed, kt\u00f3rych g\u0142\u00f3wnym zadaniem jest przeciwdzia\u0142anie niebezpiecznym zachowaniom na drodze, w tym przekraczaniu dopuszczalnej pr\u0119dko\u015bci &#8211; informuje policja..<br><\/p>\n","protected":false},"excerpt":{"rendered":"Samoch\u00f3d osobowy z przyczepk\u0105 zderzy\u0142 si\u0119 z motocyklem. 41-letni kierowca jedno\u015bladu zgin\u0105\u0142 na miejscu. Tragiczny wypadek wydarzy\u0142 si\u0119 w miejscowo\u015bci Tabor (woj. mazowieckie). \n<a class=\"moretag\" href=\"https:\/\/lifevery.biz.ua\/?p=11259\"> [...]<\/a>","protected":false},"author":1,"featured_media":11260,"comment_status":"open","ping_status":"open","sticky":false,"template":"","format":"standard","meta":{"footnotes":""},"categories":[1],"tags":[],"class_list":["post-11259","post","type-post","status-publish","format-standard","has-post-thumbnail","hentry","category-blog"],"_links":{"self":[{"href":"https:\/\/lifevery.biz.ua\/index.php?rest_route=\/wp\/v2\/posts\/11259","targetHints":{"allow":["GET"]}}],"collection":[{"href":"https:\/\/lifevery.biz.ua\/index.php?rest_route=\/wp\/v2\/posts"}],"about":[{"href":"https:\/\/lifevery.biz.ua\/index.php?rest_route=\/wp\/v2\/types\/post"}],"author":[{"embeddable":true,"href":"https:\/\/lifevery.biz.ua\/index.php?rest_route=\/wp\/v2\/users\/1"}],"replies":[{"embeddable":true,"href":"https:\/\/lifevery.biz.ua\/index.php?rest_route=%2Fwp%2Fv2%2Fcomments&post=11259"}],"version-history":[{"count":1,"href":"https:\/\/lifevery.biz.ua\/index.php?rest_route=\/wp\/v2\/posts\/11259\/revisions"}],"predecessor-version":[{"id":11261,"href":"https:\/\/lifevery.biz.ua\/index.php?rest_route=\/wp\/v2\/posts\/11259\/revisions\/11261"}],"wp:featuredmedia":[{"embeddable":true,"href":"https:\/\/lifevery.biz.ua\/index.php?rest_route=\/wp\/v2\/media\/11260"}],"wp:attachment":[{"href":"https:\/\/lifevery.biz.ua\/index.php?rest_route=%2Fwp%2Fv2%2Fmedia&parent=11259"}],"wp:term":[{"taxonomy":"category","embeddable":true,"href":"https:\/\/lifevery.biz.ua\/index.php?rest_route=%2Fwp%2Fv2%2Fcategories&post=11259"},{"taxonomy":"post_tag","embeddable":true,"href":"https:\/\/lifevery.biz.ua\/index.php?rest_route=%2Fwp%2Fv2%2Ftags&post=11259"}],"curies":[{"name":"wp","href":"https:\/\/api.w.org\/{rel}","templated":true}]}}