{"id":11253,"date":"2026-04-29T18:57:44","date_gmt":"2026-04-29T18:57:44","guid":{"rendered":"https:\/\/lifevery.biz.ua\/?p=11253"},"modified":"2026-04-29T18:57:44","modified_gmt":"2026-04-29T18:57:44","slug":"nie-zyje-waldemar-marszalek-jeden-z-najbardziej-utytulowanych-polskich-sportowcow-w-historii","status":"publish","type":"post","link":"https:\/\/lifevery.biz.ua\/?p=11253","title":{"rendered":"Nie \u017cyje Waldemar Marsza\u0142ek. &#8220;Jeden z najbardziej utytu\u0142owanych polskich sportowc\u00f3w w historii&#8221;"},"content":{"rendered":"\n<p>Smutne wie\u015bci przekaza\u0142 syn wielokrotnego mistrza \u015bwiata i Europy, Waldemara Marsza\u0142ka. Bart\u0142omiej Marsza\u0142ek poinformowa\u0142 o \u015bmierci swojego ojca, kt\u00f3ry znacznie zas\u0142u\u017cy\u0142 si\u0119 dla polskiego sportu. Przekaza\u0142 on Super Expressowi przejmuj\u0105ce szczeg\u00f3\u0142y z ostatnich chwil \u017cycia pana Waldemara.<\/p>\n\n\n\n<p>Waldemar Marsza\u0142ek nie \u017cyje. Wielokrotnie zdobywa\u0142 tytu\u0142y mistrza \u015bwiata i Europy<br>Waldemar Marsza\u0142ek reprezentowa\u0142 Polsk\u0119 w zawodach motorowodniak\u00f3w, a wi\u0119c zmaganiach polegaj\u0105cych na p\u0142ywaniu w \u0142odziach motorowych. Zmar\u0142y w wieku 82 lat zawodnik zapisa\u0142 si\u0119 w historii polskiego sportu, poniewa\u017c jest jednym z najbardziej utytu\u0142owanych sportowc\u00f3w w dziejach tej dyscypliny. Na swoim koncie ma 6 mistrzostw \u015bwiata. Pierwsze z nich zdoby\u0142 1979 roku, a ostatnie w 1993. Cztery razy zdobywa\u0142 r\u00f3wnie\u017c tytu\u0142 najlepszego motorowodniaka Europy.<\/p>\n\n\n\n<p>Co ciekawe, Waldemar Marsza\u0142ek nigdy oficjalnie nie zako\u0144czy\u0142 kariery. Oficjalne po\u017cegnanie sportowca z dyscyplin\u0105 zaplanowano w Warszawie w 2002 roku, w trakcie europejskiego czempionatu w klasie O-350. Do niego jednak nie dosz\u0142o, a pow\u00f3d jest dosy\u0107 zaskakuj\u0105cy. W wywiadach m\u00f3wi\u0142 o tym sam Waldemar Marsza\u0142ek.<\/p>\n\n\n\n<p>Na Wi\u015ble mia\u0142em si\u0119 \u015bciga\u0107 po raz ostatni, ale\u2026 odda\u0142em \u0142\u00f3dk\u0119 synowi po tym, jak zatar\u0142 mu si\u0119 silnik. Bernard wywalczy\u0142 srebrny medal, wszyscy si\u0119 cieszyli, a o moim po\u017cegnaniu zapomniano albo te\u017c postanowiono zaczeka\u0107 do nast\u0119pnego startu, faktycznie ostatniego. Summa summarum oficjalnego zako\u0144czenia kariery nie by\u0142o &#8211; przyzna\u0142.<\/p>\n\n\n\n<p>Syn Waldemara Marsza\u0142ka przekaza\u0142 poruszaj\u0105ce wie\u015bci. &#8220;Trzyma\u0142em jego r\u0119k\u0119 do samego ko\u0144ca&#8221;<br>Waldemara Marsza\u0142ka nie ma ju\u017c w\u015br\u00f3d nas. Jak poinformowa\u0142 jego syn Bart\u0142omiej, utytu\u0142owany motorowodniak zmar\u0142 w wieku 82 lat. Przekaza\u0142 on t\u0119 pasj\u0119 w\u0142a\u015bnie swojemu dziecku, kt\u00f3re tak\u017ce wyst\u0119puje w tej dyscyplinie. Bart\u0142omiej Marsza\u0142ek poinformowa\u0142 o \u015bmierci swojego ojca Super Express. Wyjawi\u0142, jak wygl\u0105da\u0142y ostatnie chwile jego \u017cycia.<\/p>\n\n\n\n<p>Tata zmar\u0142 o 7 rano. Odszed\u0142 tak, jak \u017cy\u0142, czyli po mistrzowsku. Trzyma\u0142em jego r\u0119k\u0119 do samego ko\u0144ca. Nie m\u0119czy\u0142 si\u0119, nie cierpia\u0142 &#8211; powiedzia\u0142 syn Waldemara Marsza\u0142ka.<\/p>\n\n\n\n<p>Jak przekaza\u0142a gazeta, przyczyn\u0105 \u015bmierci 82-latka by\u0142a niewydolno\u015b\u0107 kr\u0105\u017ceniowo-oddechowa. O odej\u015bciu motorowodniaka donosi\u0142 tak\u017ce portal na X Muzeum Sportu.<\/p>\n\n\n\n<p>Dotar\u0142a do nas smutna informacja. W wieku 82 lat zmar\u0142 Waldemar Marsza\u0142ek. To jeden z najbardziej utytu\u0142owanych polskich sportowc\u00f3w w historii. By\u0142 sze\u015bciokrotnym mistrzem \u015bwiata w motorowodniactwie.<\/p>\n\n\n\n<p>Spoczywaj w pokoju Mistrzu &#8211; napisano.<br><\/p>\n","protected":false},"excerpt":{"rendered":"Smutne wie\u015bci przekaza\u0142 syn wielokrotnego mistrza \u015bwiata i Europy, Waldemara Marsza\u0142ka. Bart\u0142omiej Marsza\u0142ek poinformowa\u0142 o \u015bmierci swojego ojca, kt\u00f3ry znacznie zas\u0142u\u017cy\u0142 si\u0119 dla \n<a class=\"moretag\" href=\"https:\/\/lifevery.biz.ua\/?p=11253\"> [...]<\/a>","protected":false},"author":1,"featured_media":11254,"comment_status":"open","ping_status":"open","sticky":false,"template":"","format":"standard","meta":{"footnotes":""},"categories":[1],"tags":[],"class_list":["post-11253","post","type-post","status-publish","format-standard","has-post-thumbnail","hentry","category-blog"],"_links":{"self":[{"href":"https:\/\/lifevery.biz.ua\/index.php?rest_route=\/wp\/v2\/posts\/11253","targetHints":{"allow":["GET"]}}],"collection":[{"href":"https:\/\/lifevery.biz.ua\/index.php?rest_route=\/wp\/v2\/posts"}],"about":[{"href":"https:\/\/lifevery.biz.ua\/index.php?rest_route=\/wp\/v2\/types\/post"}],"author":[{"embeddable":true,"href":"https:\/\/lifevery.biz.ua\/index.php?rest_route=\/wp\/v2\/users\/1"}],"replies":[{"embeddable":true,"href":"https:\/\/lifevery.biz.ua\/index.php?rest_route=%2Fwp%2Fv2%2Fcomments&post=11253"}],"version-history":[{"count":1,"href":"https:\/\/lifevery.biz.ua\/index.php?rest_route=\/wp\/v2\/posts\/11253\/revisions"}],"predecessor-version":[{"id":11255,"href":"https:\/\/lifevery.biz.ua\/index.php?rest_route=\/wp\/v2\/posts\/11253\/revisions\/11255"}],"wp:featuredmedia":[{"embeddable":true,"href":"https:\/\/lifevery.biz.ua\/index.php?rest_route=\/wp\/v2\/media\/11254"}],"wp:attachment":[{"href":"https:\/\/lifevery.biz.ua\/index.php?rest_route=%2Fwp%2Fv2%2Fmedia&parent=11253"}],"wp:term":[{"taxonomy":"category","embeddable":true,"href":"https:\/\/lifevery.biz.ua\/index.php?rest_route=%2Fwp%2Fv2%2Fcategories&post=11253"},{"taxonomy":"post_tag","embeddable":true,"href":"https:\/\/lifevery.biz.ua\/index.php?rest_route=%2Fwp%2Fv2%2Ftags&post=11253"}],"curies":[{"name":"wp","href":"https:\/\/api.w.org\/{rel}","templated":true}]}}