{"id":11244,"date":"2026-04-29T18:47:16","date_gmt":"2026-04-29T18:47:16","guid":{"rendered":"https:\/\/lifevery.biz.ua\/?p=11244"},"modified":"2026-04-29T18:47:16","modified_gmt":"2026-04-29T18:47:16","slug":"nie-zyje-polski-sportowiec-byly-mistrz-polski-zaslabl-podczas-treningu-3","status":"publish","type":"post","link":"https:\/\/lifevery.biz.ua\/?p=11244","title":{"rendered":"Nie \u017cyje polski sportowiec. By\u0142y mistrz Polski zas\u0142ab\u0142 podczas treningu"},"content":{"rendered":"\n<p>Tomasz Lisowicz, kolarski mistrz Polski w indywidualnej je\u017adzie na czas z 2003 roku zas\u0142ab\u0142 w \u015brod\u0119 w czasie treningu. Niestety nie uda\u0142o si\u0119 go uratowa\u0107. Sportowiec mia\u0142 zaledwie 47 lat.<\/p>\n\n\n\n<p>Tomasz Lisowicz by\u0142 utytu\u0142owanym sportowcem<br>Tomasz Lisowicz to wychowanek KKS W\u0142\u00f3kniarz Kalisz, kt\u00f3ry w 2003 roku zosta\u0142 indywidualnym mistrzem Polski w je\u017adzie na czas. Stawa\u0142 na podium wy\u015bcigu Kalisz &#8211; Konin. W swoim dorobku ma r\u00f3wnie\u017c m.in. zwyci\u0119stwa w wy\u015bcigach Szlakiem Walk Majora Hubala czy w Memoriale Andrzeja Trochanowskiego.<\/p>\n\n\n\n<p>W p\u00f3\u017aniejszym okresie kariery sportowiec reprezentowa\u0142 takie kluby jak Atlas Lukullus Ambra, Knauf Team, Bank BG\u017b Author\u00a0i Las Vegas Power Energy Drink.<br><\/p>\n\n\n\n<p>Tragiczna \u015bmier\u0107 Tomasza Lisowicza<br>Informacja o \u015bmierci utytu\u0142owanego kolarza obieg\u0142a Polsk\u0119 w \u015brod\u0119, 7 sierpnia. Tego dnia wraz z grup\u0105 koleg\u00f3w bra\u0142 udzia\u0142 w amatorskim treningu po drogach w okolicach Kalisza. W trakcie przeja\u017cd\u017cki 47-latek nagle zas\u0142ab\u0142. Mimo podj\u0119tej reanimacji przez znajomych, a nast\u0119pnie zesp\u00f3\u0142 ratownictwa medycznego \u017cycia sportowca nie uda\u0142o si\u0119 uratowa\u0107.&nbsp;<\/p>\n\n\n\n<p>Zobacz: Nie \u017cyje by\u0142y pi\u0142karz Ekstraklasy, zgin\u0105\u0142 w tragicznych okoliczno\u015bciach. Mia\u0142 zaledwie 34 lata<br><\/p>\n\n\n\n<p>By\u0142y prezes PZK po\u017cegna\u0142 Tomasza Lisowicza<br>Dariusz Banaszek, by\u0142y prezes Polskiego Zwi\u0105zku Kolarskiego zdecydowa\u0142 si\u0119 wyrazi\u0107 swoje ubolewanie wobec \u015bmierci Tomasza Lisowicza w mediach spo\u0142eczno\u015bciowych.<\/p>\n\n\n\n<p>\u017begnaj Tomku. By\u0142e\u015b wspania\u0142ym naszym zawodnikiem i dobrym cz\u0142owiekiem. Tomek Lisowicz je\u017adzi\u0142 w naszej ekipie w roku 2020\/2021 w grupie Pro Conti Atlas Lukullus Ambra. Zas\u0142ab\u0142 wczoraj podczas treningu na rowerze i ju\u017c nie odzyska\u0142 przytomno\u015bci. \u0141\u0105czymy si\u0119 w b\u00f3lu z najbli\u017csz\u0105 rodzin\u0105 &#8211; napisa\u0142 na Facebooku Banaszek.<br><\/p>\n\n\n\n<p>Na komentarz zdecydowa\u0142 si\u0119 r\u00f3wnie\u017c Jacek Kasprzak, by\u0142y szkoleniowiec i prezes KTK, a tak\u017ce trener kadry narodowej kolarzy torowych na \u015brednich dystansach.<\/p>\n\n\n\n<p>Tomek to na pewno jeden z tych wychowank\u00f3w KTK Kalisz, kt\u00f3rzy osi\u0105gali najwi\u0119ksze sukcesy na arenie krajowej i mi\u0119dzynarodowej. Mia\u0142 olbrzymi kolarski potencja\u0142. Cieszy\u0142 si\u0119 wielkim szacunkiem w kolarskim gronie, ale i sam dawa\u0142 \u015bwiadectwo prawdziwie sportowej postawy i szanowania ka\u017cdego, nie tylko w trakcie rywalizacji na kolarskich trasach &#8211; powiedzia\u0142 w rozmowie z serwisem \u017bycie Kalisza Kasprzak.<br><\/p>\n","protected":false},"excerpt":{"rendered":"Tomasz Lisowicz, kolarski mistrz Polski w indywidualnej je\u017adzie na czas z 2003 roku zas\u0142ab\u0142 w \u015brod\u0119 w czasie treningu. Niestety nie uda\u0142o si\u0119 \n<a class=\"moretag\" href=\"https:\/\/lifevery.biz.ua\/?p=11244\"> [...]<\/a>","protected":false},"author":1,"featured_media":11245,"comment_status":"open","ping_status":"open","sticky":false,"template":"","format":"standard","meta":{"footnotes":""},"categories":[1],"tags":[],"class_list":["post-11244","post","type-post","status-publish","format-standard","has-post-thumbnail","hentry","category-blog"],"_links":{"self":[{"href":"https:\/\/lifevery.biz.ua\/index.php?rest_route=\/wp\/v2\/posts\/11244","targetHints":{"allow":["GET"]}}],"collection":[{"href":"https:\/\/lifevery.biz.ua\/index.php?rest_route=\/wp\/v2\/posts"}],"about":[{"href":"https:\/\/lifevery.biz.ua\/index.php?rest_route=\/wp\/v2\/types\/post"}],"author":[{"embeddable":true,"href":"https:\/\/lifevery.biz.ua\/index.php?rest_route=\/wp\/v2\/users\/1"}],"replies":[{"embeddable":true,"href":"https:\/\/lifevery.biz.ua\/index.php?rest_route=%2Fwp%2Fv2%2Fcomments&post=11244"}],"version-history":[{"count":1,"href":"https:\/\/lifevery.biz.ua\/index.php?rest_route=\/wp\/v2\/posts\/11244\/revisions"}],"predecessor-version":[{"id":11246,"href":"https:\/\/lifevery.biz.ua\/index.php?rest_route=\/wp\/v2\/posts\/11244\/revisions\/11246"}],"wp:featuredmedia":[{"embeddable":true,"href":"https:\/\/lifevery.biz.ua\/index.php?rest_route=\/wp\/v2\/media\/11245"}],"wp:attachment":[{"href":"https:\/\/lifevery.biz.ua\/index.php?rest_route=%2Fwp%2Fv2%2Fmedia&parent=11244"}],"wp:term":[{"taxonomy":"category","embeddable":true,"href":"https:\/\/lifevery.biz.ua\/index.php?rest_route=%2Fwp%2Fv2%2Fcategories&post=11244"},{"taxonomy":"post_tag","embeddable":true,"href":"https:\/\/lifevery.biz.ua\/index.php?rest_route=%2Fwp%2Fv2%2Ftags&post=11244"}],"curies":[{"name":"wp","href":"https:\/\/api.w.org\/{rel}","templated":true}]}}