{"id":11241,"date":"2026-04-29T18:44:17","date_gmt":"2026-04-29T18:44:17","guid":{"rendered":"https:\/\/lifevery.biz.ua\/?p=11241"},"modified":"2026-04-29T18:44:17","modified_gmt":"2026-04-29T18:44:17","slug":"nie-zyje-byla-szefowa-youtube-od-2-lat-walczyla-z-ciezka-choroba","status":"publish","type":"post","link":"https:\/\/lifevery.biz.ua\/?p=11241","title":{"rendered":"Nie \u017cyje by\u0142a szefowa Youtube. Od 2 lat walczy\u0142a z ci\u0119\u017ck\u0105 chorob\u0105"},"content":{"rendered":"\n<p>Smutne informacje dotar\u0142y do nas zza oceanu. Po ci\u0119\u017ckiej walce z chorob\u0105 zmar\u0142a Susan Wojcicki &#8211; Amerykanka o polskich korzeniach, kt\u00f3ra przez lata by\u0142a szefow\u0105 serwisu YouTube. Mia\u0142a 56 lat.<\/p>\n\n\n\n<p>Susan Wojcicki odesz\u0142a po 2 latach walki z rakiem<br>W sobot\u0119, 10 sierpnia zmar\u0142a Susan Wojcicki, by\u0142a CEO YouTube. Kobieta od dw\u00f3ch lat zmaga\u0142a si\u0119 z chorob\u0105 nowotworow\u0105.<\/p>\n\n\n\n<p>Jestem niewiarygodnie zasmucony strat\u0105 mojej drogiej przyjaci\u00f3\u0142ki Susan Wojcicki po dw\u00f3ch latach \u017cycia z nowotworem. Jest wa\u017cna dla historii Google, jak nikt inny i trudno wyobrazi\u0107 sobie \u015bwiat bez niej.\u00a0By\u0142a niesamowit\u0105 osob\u0105, liderk\u0105 i przyjaci\u00f3\u0142k\u0105, kt\u00f3ra mia\u0142 ogromny wp\u0142yw na \u015bwiat, a ja jestem jednym z niezliczonych Googlers\u00f3w, kt\u00f3rzy s\u0105 lepsi dzi\u0119ki temu, \u017ce j\u0105 znali. B\u0119dziemy za ni\u0105 bardzo t\u0119skni\u0107. My\u015blami jeste\u015bmy z jej rodzin\u0105. Spoczywaj w pokoju Susan &#8211; napisa\u0142 w serwisie X szef firmy Google Sundar Pichai.<br><\/p>\n\n\n\n<p>Poruszaj\u0105ce po\u017cegnanie m\u0119\u017ca<br>O \u015bmierci Susan Wojcicki poinformowa\u0142 tak\u017ce za po\u015brednictwem medi\u00f3w spo\u0142eczno\u015bciowych jej m\u0105\u017c Denis Troper, r\u00f3wnie\u017c zwi\u0105zany z Google.<\/p>\n\n\n\n<p>&#8220;Z g\u0142\u0119bokim smutkiem dziel\u0119 si\u0119 wiadomo\u015bci\u0105 o \u015bmierci Susan Wojcicki. By\u0142a moj\u0105 ukochan\u0105 \u017con\u0105 przez 26 lat i matk\u0105 pi\u0119ciorga naszych dzieci. Opu\u015bci\u0142a nas dzisiaj po dw\u00f3ch latach \u017cycia z niedrobnokom\u00f3rkowym rakiem p\u0142uc.\u00a0Susan by\u0142a nie tylko moj\u0105 najlepsz\u0105 przyjaci\u00f3\u0142k\u0105 i partnerk\u0105 \u017cyciow\u0105, ale tak\u017ce genialnym umys\u0142em, kochaj\u0105c\u0105 matk\u0105 i drog\u0105 przyjaci\u00f3\u0142k\u0105 dla wielu os\u00f3b. Jej wp\u0142yw na nasz\u0105 rodzin\u0119 i \u015bwiat by\u0142 niezmierzony. Jeste\u015bmy za\u0142amani, ale wdzi\u0119czni za czas, kt\u00f3ry z ni\u0105 sp\u0119dzili\u015bmy. Prosimy, miejcie nasz\u0105 rodzin\u0119 w swoich my\u015blach, gdy b\u0119dziemy przechodzi\u0107 przez ten trudny czas &#8211; napisa\u0142 na Facebooku.<br><\/p>\n\n\n\n<p>By\u0142a z Google od samego pocz\u0105tku<br>Zobacz: Nie \u017cyje Janina Szelewska. By\u0142a \u201cnajstarsz\u0105 wolontariuszk\u0105 WO\u015aP\u201d<\/p>\n\n\n\n<p>Susan Wojcicki urodzi\u0142a si\u0119 w lipcu 1968 roku maj\u0105c polskie korzenie. Dziadkiem by\u0142ej CEO Youtube by\u0142 prawnik, dzia\u0142acz ruchu ludowego oraz pose\u0142 na Sejm Ustawodawczy (lata 1947-1952 &#8211; red.) Franciszek W\u00f3jcicki. Jej ojcem natomiast urodzony w Warszawie Stanis\u0142aw Wojcicki, kt\u00f3ry 1949 roku wyemigrowa\u0142 z kraju do Szwecji, a nast\u0119pnie do USA.<\/p>\n\n\n\n<p>Prze\u0142omem w jej \u017cyciu okaza\u0142 si\u0119 rok 1998, kiedy to wynaj\u0119\u0142a gara\u017c Sergeyowi Brinowi i Larry&#8217;emu Page&#8217;owi &#8211; za\u0142o\u017cycielom Google i znalaz\u0142a zatrudnienie w nowopowsta\u0142ej sp\u00f3\u0142ce. Pracowa\u0142a w firmie przez prawie 25 lat, z czego przez niemal 10 ostatnich by\u0142 szefow\u0105 YouTube. W 2023 roku zrezygnowa\u0142a jednak z tej funkcji.<\/p>\n\n\n\n<p>Wojcicki dwa razy trafi\u0142a na list\u0119 100 najbardziej wp\u0142ywowych kobiet magazynu\u00a0Forbes &#8211; w 2011 roku znalaz\u0142a si\u0119 na miejscu 16., a rok p\u00f3\u017aniej na 25.<br><\/p>\n","protected":false},"excerpt":{"rendered":"Smutne informacje dotar\u0142y do nas zza oceanu. Po ci\u0119\u017ckiej walce z chorob\u0105 zmar\u0142a Susan Wojcicki &#8211; Amerykanka o polskich korzeniach, kt\u00f3ra przez lata \n<a class=\"moretag\" href=\"https:\/\/lifevery.biz.ua\/?p=11241\"> [...]<\/a>","protected":false},"author":1,"featured_media":11242,"comment_status":"open","ping_status":"open","sticky":false,"template":"","format":"standard","meta":{"footnotes":""},"categories":[1],"tags":[],"class_list":["post-11241","post","type-post","status-publish","format-standard","has-post-thumbnail","hentry","category-blog"],"_links":{"self":[{"href":"https:\/\/lifevery.biz.ua\/index.php?rest_route=\/wp\/v2\/posts\/11241","targetHints":{"allow":["GET"]}}],"collection":[{"href":"https:\/\/lifevery.biz.ua\/index.php?rest_route=\/wp\/v2\/posts"}],"about":[{"href":"https:\/\/lifevery.biz.ua\/index.php?rest_route=\/wp\/v2\/types\/post"}],"author":[{"embeddable":true,"href":"https:\/\/lifevery.biz.ua\/index.php?rest_route=\/wp\/v2\/users\/1"}],"replies":[{"embeddable":true,"href":"https:\/\/lifevery.biz.ua\/index.php?rest_route=%2Fwp%2Fv2%2Fcomments&post=11241"}],"version-history":[{"count":1,"href":"https:\/\/lifevery.biz.ua\/index.php?rest_route=\/wp\/v2\/posts\/11241\/revisions"}],"predecessor-version":[{"id":11243,"href":"https:\/\/lifevery.biz.ua\/index.php?rest_route=\/wp\/v2\/posts\/11241\/revisions\/11243"}],"wp:featuredmedia":[{"embeddable":true,"href":"https:\/\/lifevery.biz.ua\/index.php?rest_route=\/wp\/v2\/media\/11242"}],"wp:attachment":[{"href":"https:\/\/lifevery.biz.ua\/index.php?rest_route=%2Fwp%2Fv2%2Fmedia&parent=11241"}],"wp:term":[{"taxonomy":"category","embeddable":true,"href":"https:\/\/lifevery.biz.ua\/index.php?rest_route=%2Fwp%2Fv2%2Fcategories&post=11241"},{"taxonomy":"post_tag","embeddable":true,"href":"https:\/\/lifevery.biz.ua\/index.php?rest_route=%2Fwp%2Fv2%2Ftags&post=11241"}],"curies":[{"name":"wp","href":"https:\/\/api.w.org\/{rel}","templated":true}]}}