{"id":1124,"date":"2026-01-25T19:14:44","date_gmt":"2026-01-25T19:14:44","guid":{"rendered":"https:\/\/lifevery.biz.ua\/?p=1124"},"modified":"2026-01-25T19:14:44","modified_gmt":"2026-01-25T19:14:44","slug":"nie-zyje-legenda-polskiego-sportu-okrutny-wypadek-przerwal-kariere-tragiczne-wiesci-obiegly-media","status":"publish","type":"post","link":"https:\/\/lifevery.biz.ua\/?p=1124","title":{"rendered":"Nie \u017cyje legenda polskiego sportu. Okrutny wypadek przerwa\u0142 karier\u0119. Tragiczne wie\u015bci obieg\u0142y media"},"content":{"rendered":"\n<p>Polskie \u015brodowisko sportowe \u017cegna jedn\u0105 ze swoich najwa\u017cniejszych postaci. W sobot\u0119 20 grudnia&nbsp;<strong>Polski Zwi\u0105zek Towarzystw Wio\u015blarskich<\/strong>&nbsp;poinformowa\u0142 o \u015bmierci&nbsp;<strong>Maciej \u0141asicki<\/strong>, br\u0105zowego medalisty olimpijskiego. Mia\u0142 60 lat. Jego odej\u015bcie poruszy\u0142o zar\u00f3wno by\u0142ych zawodnik\u00f3w, jak i trener\u00f3w oraz kibic\u00f3w, dla kt\u00f3rych przez lata by\u0142 symbolem klasy i sportowej konsekwencji.<\/p>\n\n\n\n<ul class=\"wp-block-list\">\n<li>Czytaj te\u017c:\u00a0<a href=\"https:\/\/wlocie.pl\/ciekawostki\/jackowski-zaczal-mowic-o-przelomie-2025-26-roku\">Jackowski zacz\u0105\u0142 m\u00f3wi\u0107 o prze\u0142omie 2025\/26 roku. Ju\u017c wkr\u00f3tce si\u0119 zacznie<\/a><\/li>\n<\/ul>\n\n\n\n<h2 class=\"wp-block-heading\">Olimpijski medal i miejsce w historii polskiego wio\u015blarstwa<\/h2>\n\n\n\n<p>Najwa\u017cniejszym momentem w karierze Macieja \u0141asickiego by\u0142 start na&nbsp;<strong>Letnie Igrzyska Olimpijskie Barcelona 1992<\/strong>. W konkurencji czw\u00f3rki ze sternikiem si\u0119gn\u0105\u0142 po&nbsp;<strong>br\u0105zowy medal olimpijski<\/strong>, wyst\u0119puj\u0105c w osadzie razem z Jackiem Streichem, Wojciechem Jankowskim, Tomaszem Tomiakiem oraz sternikiem Micha\u0142em Cie\u015blakiem. W finale Polacy ust\u0105pili jedynie reprezentacjom Rumunii i Niemiec.<\/p>\n\n\n\n<ul class=\"wp-block-list\">\n<li>Zobacz r\u00f3wnie\u017c:\u00a0<a href=\"https:\/\/wlocie.pl\/spoleczenstwo\/o-1200-zacznie-sie-pogrzeb-danusi-na-chwile-przed-pojawily-sie-slowa-rodzicow\">O 12:00 zacznie si\u0119 pogrzeb Danusi. Na chwil\u0119 przed pojawi\u0142y si\u0119 s\u0142owa rodzic\u00f3w<\/a><\/li>\n<\/ul>\n\n\n\n<p>By\u0142 to jedyny olimpijski wyst\u0119p \u0141asickiego, ale wystarczy\u0142, by na sta\u0142e zapisa\u0142 si\u0119 w historii polskiego sportu. Medal z Barcelony do dzi\u015b&nbsp;<a href=\"http:\/\/onet.pl\/\">pozostaje<\/a>&nbsp;jednym z wa\u017cniejszych sukces\u00f3w polskiego wio\u015blarstwa lat 90.<\/p>\n\n\n\n<h2 class=\"wp-block-heading\">Medale mistrzostw \u015bwiata i dominacja w kraju<\/h2>\n\n\n\n<p>Kariera mi\u0119dzynarodowa Macieja \u0141asickiego nie ogranicza\u0142a si\u0119 do igrzysk. W swoim dorobku mia\u0142&nbsp;<strong>trzy medale mistrzostw \u015bwiata<\/strong>. Dwukrotnie zdobywa\u0142 br\u0105z \u2013 w 1991 roku w Wiedniu w czw\u00f3rce ze sternikiem oraz w 1995 roku w Tampere w czw\u00f3rce bez sternika. Najcenniejszy kr\u0105\u017cek wywalczy\u0142 w 1993 roku w Ra\u010dicach, gdzie si\u0119gn\u0105\u0142 po&nbsp;<strong>srebrny medal mistrzostw \u015bwiata<\/strong>&nbsp;w czw\u00f3rce bez sternika.<\/p>\n\n\n\n<p>Na krajowych torach przez lata nie mia\u0142 sobie r\u00f3wnych. W latach 1985\u20131995&nbsp;<strong>dwana\u015bcie razy zdobywa\u0142 tytu\u0142 mistrza Polski<\/strong>, potwierdzaj\u0105c swoj\u0105 pozycj\u0119 jednego z najlepszych zawodnik\u00f3w swojego pokolenia.<\/p>\n\n\n\n<h2 class=\"wp-block-heading\">Wypadek, kt\u00f3ry przerwa\u0142 karier\u0119<\/h2>\n\n\n\n<p>Sportow\u0105 drog\u0119 Macieja \u0141asickiego brutalnie zatrzyma\u0142 wypadek na pocz\u0105tku 1996 roku. Podczas zgrupowania przygotowawczego do igrzysk olimpijskich w Atlancie, odbywaj\u0105cego si\u0119 w hiszpa\u0144skiej Sierra Nevada, po\u015blizgn\u0105\u0142 si\u0119 na o\u015bnie\u017conym szlaku i spad\u0142, \u0142ami\u0105c lew\u0105 r\u0119k\u0119 w trzech miejscach.<\/p>\n\n\n\n<p>Mimo operacji i d\u0142ugiej rehabilitacji kontuzja okaza\u0142a si\u0119 zbyt powa\u017cna. R\u0119ka nie odzyska\u0142a pe\u0142nej sprawno\u015bci, co przekre\u015bli\u0142o jego szanse na dalsze starty na najwy\u017cszym poziomie i definitywnie zako\u0144czy\u0142o karier\u0119 wyczynow\u0105.<\/p>\n\n\n\n<h2 class=\"wp-block-heading\">Trener, mentor i cz\u0142owiek oddany sportowi<\/h2>\n\n\n\n<p>Po zako\u0144czeniu kariery zawodniczej Maciej \u0141asicki nie odszed\u0142 od wio\u015blarstwa. Zosta\u0142 trenerem, przekazuj\u0105c swoj\u0105 wiedz\u0119 i do\u015bwiadczenie m\u0142odszym zawodnikom. Za zas\u0142ugi dla polskiego sportu otrzyma\u0142&nbsp;<strong>br\u0105zowy Medal \u201eZa Wybitne Osi\u0105gni\u0119cia Sportowe\u201d<\/strong>.<\/p>\n\n\n\n<p>Prywatnie by\u0142 m\u0119\u017cem Jadwigi, r\u00f3wnie\u017c zwi\u0105zanej ze \u015brodowiskiem wio\u015blarskim. Wychowywali dw\u00f3ch syn\u00f3w \u2013 Micha\u0142a i Paw\u0142a. Sam \u0141asicki wielokrotnie podkre\u015bla\u0142, \u017ce w trakcie 17 lat kariery przep\u0142yn\u0105\u0142 \u0142\u0105cznie oko\u0142o&nbsp;<strong>136 tysi\u0119cy kilometr\u00f3w<\/strong>&nbsp;\u2013 liczba ta najlepiej oddaje skal\u0119 jego pracy, determinacji i oddania dyscyplinie.<\/p>\n\n\n\n<p>Dla polskiego wio\u015blarstwa pozostanie&nbsp;<strong>postaci\u0105 symboliczn\u0105<\/strong>&nbsp;\u2013 medalist\u0105, mistrzem, trenerem i cz\u0142owiekiem, kt\u00f3ry ca\u0142e swoje doros\u0142e \u017cycie podporz\u0105dkowa\u0142 sportowi.<\/p>\n","protected":false},"excerpt":{"rendered":"Polskie \u015brodowisko sportowe \u017cegna jedn\u0105 ze swoich najwa\u017cniejszych postaci. W sobot\u0119 20 grudnia&nbsp;Polski Zwi\u0105zek Towarzystw Wio\u015blarskich&nbsp;poinformowa\u0142 o \u015bmierci&nbsp;Maciej \u0141asicki, br\u0105zowego medalisty olimpijskiego. Mia\u0142 \n<a class=\"moretag\" href=\"https:\/\/lifevery.biz.ua\/?p=1124\"> [...]<\/a>","protected":false},"author":1,"featured_media":1125,"comment_status":"open","ping_status":"open","sticky":false,"template":"","format":"standard","meta":{"footnotes":""},"categories":[1],"tags":[],"class_list":["post-1124","post","type-post","status-publish","format-standard","has-post-thumbnail","hentry","category-blog"],"_links":{"self":[{"href":"https:\/\/lifevery.biz.ua\/index.php?rest_route=\/wp\/v2\/posts\/1124","targetHints":{"allow":["GET"]}}],"collection":[{"href":"https:\/\/lifevery.biz.ua\/index.php?rest_route=\/wp\/v2\/posts"}],"about":[{"href":"https:\/\/lifevery.biz.ua\/index.php?rest_route=\/wp\/v2\/types\/post"}],"author":[{"embeddable":true,"href":"https:\/\/lifevery.biz.ua\/index.php?rest_route=\/wp\/v2\/users\/1"}],"replies":[{"embeddable":true,"href":"https:\/\/lifevery.biz.ua\/index.php?rest_route=%2Fwp%2Fv2%2Fcomments&post=1124"}],"version-history":[{"count":1,"href":"https:\/\/lifevery.biz.ua\/index.php?rest_route=\/wp\/v2\/posts\/1124\/revisions"}],"predecessor-version":[{"id":1126,"href":"https:\/\/lifevery.biz.ua\/index.php?rest_route=\/wp\/v2\/posts\/1124\/revisions\/1126"}],"wp:featuredmedia":[{"embeddable":true,"href":"https:\/\/lifevery.biz.ua\/index.php?rest_route=\/wp\/v2\/media\/1125"}],"wp:attachment":[{"href":"https:\/\/lifevery.biz.ua\/index.php?rest_route=%2Fwp%2Fv2%2Fmedia&parent=1124"}],"wp:term":[{"taxonomy":"category","embeddable":true,"href":"https:\/\/lifevery.biz.ua\/index.php?rest_route=%2Fwp%2Fv2%2Fcategories&post=1124"},{"taxonomy":"post_tag","embeddable":true,"href":"https:\/\/lifevery.biz.ua\/index.php?rest_route=%2Fwp%2Fv2%2Ftags&post=1124"}],"curies":[{"name":"wp","href":"https:\/\/api.w.org\/{rel}","templated":true}]}}