{"id":11229,"date":"2026-04-29T13:46:21","date_gmt":"2026-04-29T13:46:21","guid":{"rendered":"https:\/\/lifevery.biz.ua\/?p=11229"},"modified":"2026-04-29T13:46:21","modified_gmt":"2026-04-29T13:46:21","slug":"nie-zyje-wieloletnia-dziennikarka-tvp-byla-corka-wybitnego-aktora","status":"publish","type":"post","link":"https:\/\/lifevery.biz.ua\/?p=11229","title":{"rendered":"Nie \u017cyje wieloletnia dziennikarka TVP. By\u0142a c\u00f3rk\u0105 wybitnego aktora"},"content":{"rendered":"\n<p>Tragiczne informacje nap\u0142yn\u0119\u0142y w ostatnich dniach z Krakowa. Zmar\u0142a wieloletnia dziennikarka Telewizji Polskiej Maria Osterwa-Czekaj. Pracowa\u0142a g\u0142\u00f3wnie w krakowskim o\u015brodku stacji. By\u0142a c\u00f3rk\u0105 jednego z najwybitniejszych polskich aktor\u00f3w i re\u017cyser\u00f3w teatralnych Juliusza Osterwy.<\/p>\n\n\n\n<p>Nie \u017cyje wieloletnia dziennikarka TVP. Przekazano smutne wie\u015bci<br>Maria Osterwa-Czekaj zmar\u0142a w nocy z niedzieli na poniedzia\u0142ek. Smutn\u0105 informacj\u0119 w mediach spo\u0142eczno\u015bciowych potwierdzi\u0142 m.in. krakowski teatr im. Juliusza S\u0142owackiego. Dziennikarka przez lata pracowa\u0142a dla krakowskiego o\u015brodka Telewizji Polskiej.<\/p>\n\n\n\n<p>Z wielkim b\u00f3lem, przyj\u0119li\u015bmy informacj\u0119 o \u015bmierci Pani Marii Osterwy &#8211; Czekaj, wielkiej Przyjaci\u00f3\u0142ki naszego Teatru. By\u0142a c\u00f3rk\u0105 Juliusza Osterwy &#8211; wybitnego aktora, tw\u00f3rcy Teatru Reduta &#8211; dwukrotnego dyrektora Teatru im. J. S\u0142owackiego w w latach 1932-1935 oraz 1946\/1947. Pani\u0105 Mari\u0119 b\u0119dziemy wspomina\u0107 z ogromnym sentymentem = czytamy na profilu Teatru.<br><\/p>\n\n\n\n<p>Maria Osterwa-Czekaj urodzi\u0142a si\u0119 26 pa\u017adziernika 1942 roku w Krakowie. Wykszta\u0142cenie zdoby\u0142a na Wydziale Form Przemys\u0142owych Akademii Sztuk Pi\u0119knych im. Jana Matejki w Krakowie. R\u00f3wnie\u017c tam do 1981 roku pracowa\u0142a jako asystentka profesora Andrzeja Paw\u0142owskiego.<\/p>\n\n\n\n<p>Prywatnie dziennikarka zwi\u0105zana by\u0142a z architektem Jackiem Bronis\u0142awem Czekajem. Ma\u0142\u017ce\u0144stwo doczeka\u0142o si\u0119 dwojga dzieci: Jakuba Krzysztofa i Matyldy Marii.<br><\/p>\n\n\n\n<p>Zmar\u0142a wieloletnia dziennikarka TVP Maria Osterwa-Czekaj<br>Maria Osterwa-Czekaj przez lata pracowa\u0142a w Telewizji Polskiej w Krakowie. By\u0142a autork\u0105 scenariuszy i re\u017cyserk\u0105 m.in. takich film\u00f3w jak: &#8220;Wierzy\u0107 w pami\u0119\u0107&#8221; (1994) czy &#8220;Cz\u0142owiek, kt\u00f3ry zna\u0142 Edith Stein&#8221; (1994). Jak informuje PAP, w czasach stanu wojennego Osterwa-Czekaj &#8220;anga\u017cowa\u0142a si\u0119 w dzia\u0142ania Komisji Hutnik\u00f3w Solidarno\u015b\u0107 w hucie im. Lenina oraz wsp\u00f3\u0142pracowa\u0142a z tzw. Bunkrem w ko\u015bciele w Mistrzejowicach&#8221;. Maria Osterwa-Czekaj pracowa\u0142a r\u00f3wnie\u017c przy kampanii wyborczej Komitetu Obywatelskiego NSZZ &#8220;S&#8221; w 1989 roku. Zmar\u0142a w wieku 82 lat.<\/p>\n\n\n\n<p><\/p>\n\n\n\n<p>Ch\u0119tnie spotyka\u0142a si\u0119 z osobami studenckimi i badaczkami. Zawsze otwarta, szlachetna, bezkompromisowa &#8211; podkre\u015bla Katedra Teatru i Dramatu UJ.<br><\/p>\n","protected":false},"excerpt":{"rendered":"Tragiczne informacje nap\u0142yn\u0119\u0142y w ostatnich dniach z Krakowa. Zmar\u0142a wieloletnia dziennikarka Telewizji Polskiej Maria Osterwa-Czekaj. Pracowa\u0142a g\u0142\u00f3wnie w krakowskim o\u015brodku stacji. By\u0142a c\u00f3rk\u0105 \n<a class=\"moretag\" href=\"https:\/\/lifevery.biz.ua\/?p=11229\"> [...]<\/a>","protected":false},"author":1,"featured_media":11230,"comment_status":"open","ping_status":"open","sticky":false,"template":"","format":"standard","meta":{"footnotes":""},"categories":[1],"tags":[],"class_list":["post-11229","post","type-post","status-publish","format-standard","has-post-thumbnail","hentry","category-blog"],"_links":{"self":[{"href":"https:\/\/lifevery.biz.ua\/index.php?rest_route=\/wp\/v2\/posts\/11229","targetHints":{"allow":["GET"]}}],"collection":[{"href":"https:\/\/lifevery.biz.ua\/index.php?rest_route=\/wp\/v2\/posts"}],"about":[{"href":"https:\/\/lifevery.biz.ua\/index.php?rest_route=\/wp\/v2\/types\/post"}],"author":[{"embeddable":true,"href":"https:\/\/lifevery.biz.ua\/index.php?rest_route=\/wp\/v2\/users\/1"}],"replies":[{"embeddable":true,"href":"https:\/\/lifevery.biz.ua\/index.php?rest_route=%2Fwp%2Fv2%2Fcomments&post=11229"}],"version-history":[{"count":1,"href":"https:\/\/lifevery.biz.ua\/index.php?rest_route=\/wp\/v2\/posts\/11229\/revisions"}],"predecessor-version":[{"id":11231,"href":"https:\/\/lifevery.biz.ua\/index.php?rest_route=\/wp\/v2\/posts\/11229\/revisions\/11231"}],"wp:featuredmedia":[{"embeddable":true,"href":"https:\/\/lifevery.biz.ua\/index.php?rest_route=\/wp\/v2\/media\/11230"}],"wp:attachment":[{"href":"https:\/\/lifevery.biz.ua\/index.php?rest_route=%2Fwp%2Fv2%2Fmedia&parent=11229"}],"wp:term":[{"taxonomy":"category","embeddable":true,"href":"https:\/\/lifevery.biz.ua\/index.php?rest_route=%2Fwp%2Fv2%2Fcategories&post=11229"},{"taxonomy":"post_tag","embeddable":true,"href":"https:\/\/lifevery.biz.ua\/index.php?rest_route=%2Fwp%2Fv2%2Ftags&post=11229"}],"curies":[{"name":"wp","href":"https:\/\/api.w.org\/{rel}","templated":true}]}}