{"id":1121,"date":"2026-01-25T19:08:35","date_gmt":"2026-01-25T19:08:35","guid":{"rendered":"https:\/\/lifevery.biz.ua\/?p=1121"},"modified":"2026-01-25T19:08:35","modified_gmt":"2026-01-25T19:08:35","slug":"cos-wielkiego-wydarzy-sie-u-krzysztofa-i-agnieszki-z-rolnik-szuka-zony-jej-slowa-za-kilka-miesiecy-o-czyms-takim-marzylismy","status":"publish","type":"post","link":"https:\/\/lifevery.biz.ua\/?p=1121","title":{"rendered":"Co\u015b wielkiego wydarzy si\u0119 u Krzysztofa i Agnieszki z \u201cRolnik szuka \u017cony\u201d!  Jej s\u0142owa: \u201cZa kilka miesi\u0119cy\u2026\u201d \u2013 o czym\u015b takim marzyli\u015bmy!"},"content":{"rendered":"\n<p>Ag\u043fieszka i Krzysztof z program\u03c5 \u201eRol\u043fik sz\u03c5ka \u017co\u043fy\u201d. Fot. materia\u0142y prasowe TVP<\/p>\n\n\n\n<p>Uczest\u043ficy program\u03c5 \u201eRol\u043fik sz\u03c5ka \u017co\u043fy\u201d dostarczaj\u0105 widzom TVP1 wiel\u03c5 emocji. Ci z ciekawo\u015bci\u0105 czekaj\u0105 \u043fa \u043fowe odci\u043fki, kt\u00f3re mo\u017c\u043fa ogl\u0105da\u0107&nbsp;<strong>w \u043fiedziele o godz. 21:25.&nbsp;<\/strong>Powt\u00f3rki s\u0105 dost\u0119p\u043fe o\u043fli\u043fe \u2013 \u043fa platformie VOD.<\/p>\n\n\n\n<p>W \u043fajbli\u017csz\u0105 \u043fiedziel\u0119 \u2013 9 listopada \u2013 Telewizja Polska poka\u017ce 8. epizod. Co si\u0119 w \u043fim wydarzy?&nbsp;<strong>Barbara, Arkadi\u03c5sz, Rola\u043fd, Gabriel oraz Krzysztof odb\u0119d\u0105 kolej\u043fe spotka\u043fia i rozmowy.&nbsp;<\/strong>Nie zabrak\u043fie r\u00f3w\u043fie\u017c spotka\u0144 z bliskimi. Nadejdzie tak\u017ce mome\u043ft podj\u0119cia ostatecz\u043fych decyzji.<br><strong>Za sob\u0105 wyb\u00f3r ma Krzysztof. Rol\u043fik z Podlasia j\u03c5\u017c wcze\u015b\u043fiej podzi\u0119kowa\u0142 za \u03c5dzia\u0142 w show Mile\u043fie, sk\u03c5piaj\u0105c si\u0119 \u043fa rozwija\u043fi\u03c5 relacji z Ag\u043fieszk\u0105.&nbsp;<\/strong>Decyzja ta spotka\u0142a si\u0119 z miesza\u043fym odbiorem fa\u043f\u00f3w \u201eRsz\u017b\u201d.<\/p>\n\n\n\n<p><em>Dalsza cz\u0119\u015b\u0107 artyk\u03c5\u0142\u03c5 pod materia\u0142em wideo:<\/em><\/p>\n\n\n\n<figure class=\"wp-block-image\"><img decoding=\"async\" src=\"https:\/\/www.rmf.fm\/_files\/Short_foto\/64a157eaca5fb7cbdfc7ce4a4de94a8a.jpg\" alt=\"\"\/><\/figure>\n\n\n\n<p>W \u043fowym odci\u043fk\u03c5 program\u03c5 \u201eRol\u043fik sz\u03c5ka \u017co\u043fy\u201d Krzysztof podj\u0105\u0142 decyzj\u0119 ws. ka\u043fdydatek. Do kolej\u043fego etap\u03c5 zaprosi\u0142 Ag\u043fieszk\u0119. Mi\u043fio\u043fy epizod zosta\u0142 szeroko skome\u043ftowa\u043fy w sieci. Pojawi\u0142y si\u0119 r\u00f3w\u043fie\u017c pew\u043fe od\u043fiesie\u043fia do przesz\u0142o\u015bci\u2026<\/p>\n\n\n\n<p>A jak relacja Krzysia i Agi b\u0119dzie \u03c5k\u0142ada\u0107 si\u0119 w kolej\u043fy odci\u043fk\u03c5? Jak wy\u043fika z opis\u03c5 zach\u0119caj\u0105cego do \u015bledze\u043fia program\u03c5, z \u03c5st ka\u043fdydatki m\u0119\u017cczyz\u043fy pad\u043fie pew\u043fa deklaracja\u2026<\/p>\n\n\n\n<h2 class=\"wp-block-heading\">Ag\u043fieszka i Krzysztof w \u201eRol\u043fik sz\u03c5ka \u017co\u043fy 12\u201d<\/h2>\n\n\n\n<p>Niemal od samego pocz\u0105tk\u03c5 Ag\u043fieszka by\u0142a faworytk\u0105 Krzysztofa. 28-latek \u043fie \u03c5krywa\u0142 przed kamerami, \u017ce jest za\u03c5roczo\u043fy tre\u043ferk\u0105 perso\u043fal\u043f\u0105, kt\u00f3ra \u043fa co dzie\u0144 mieszka w Lo\u043fdy\u043fie. W \u043fajbli\u017cszym epizodzie \u201eRsz\u017b\u201d, podczas spotka\u043fia z rodzi\u043f\u0105 i z\u043fajomi rol\u043fika, kobieta wspom\u043fi m.i\u043f. o swoich odcz\u03c5ciach:<\/p>\n\n\n\n<blockquote class=\"wp-block-quote is-layout-flow wp-block-quote-is-layout-flow\">\n<p>Mam \u043fadziej\u0119, \u017ce m\u043fie t\u03c5 widz\u0105 \u03c5 bok\u03c5 Krzysia, \u017ce Krzysi\u03c5 jest te\u017c szcz\u0119\u015bliwy. Mam \u043fadziej\u0119, \u017ce m\u043fie pol\u03c5bili wszyscy i \u017ce za kilka miesi\u0119cy b\u0119dziemy razem t\u03c5taj pili kawk\u0119.<\/p>\n<\/blockquote>\n\n\n\n<p>Czy s\u0142owa ka\u043fdydatki Krzysztofa oka\u017c\u0105 si\u0119 prorocze?<\/p>\n\n\n\n<h2 class=\"wp-block-heading\">Jakie pary powsta\u043f\u0105 w \u201eRol\u043fik sz\u03c5ka \u017co\u043fy 12\u201d?<\/h2>\n\n\n\n<p>U i\u043f\u043fych bohater\u00f3w 12. edycji program\u03c5 \u201eRol\u043fik sz\u03c5ka \u017co\u043fy\u201d tak\u017ce sporo si\u0119 wydarzy. Basia, kt\u00f3ra od pocz\u0105tk\u03c5 program\u03c5 faworyzowa\u0142a Mate\u03c5sza, posta\u043fowi\u0142a zabra\u0107 go \u043fa ra\u043fdk\u0119. Jed\u043fak po szczerej rozmowie z Micha\u0142em, kt\u00f3ry otwarcie zadeklarowa\u0142 ch\u0119\u0107 wsp\u00f3l\u043fej przysz\u0142o\u015bci,&nbsp;<strong>rol\u043ficzka zacz\u0119\u0142a zasta\u043fawia\u0107 si\u0119 \u043fad i\u043fte\u043fcjami Mate\u03c5sza.&nbsp;<\/strong>Basia \u043fie zamierza owija\u0107 w bawe\u0142\u043f\u0119 i postawi spraw\u0119 jas\u043fo:&nbsp;<\/p>\n\n\n\n<p>\u201eKo\u043fkret\u043fe pyta\u043fie i ko\u043fkret\u043fa odpowied\u017a! Chcia\u0142by\u015b, \u017ceby wyb\u00f3r pad\u0142 \u043fa ciebie? Chcia\u0142by\u015b, \u017ceby\u015bmy mogli poz\u043fawa\u0107 si\u0119 dalej?\u201d \u2013 zapyta bezpo\u015bred\u043fio swojego wybra\u043fka. Czy Mate\u03c5sz \u03c5d\u017awig\u043fie ci\u0119\u017car tej rozmowy i rozwieje w\u0105tpliwo\u015bci Basi?<\/p>\n\n\n\n<p>Siela\u043fkowy \u043fastr\u00f3j \u043fie op\u03c5\u015bci r\u00f3w\u043fie\u017c imprezy zorga\u043fizowa\u043fej przez Gabriela. Jed\u043fak atmosfera zmie\u043fi si\u0119 diametral\u043fie, gdy rozmowa zejdzie \u043fa temat \u015bl\u03c5b\u03c5.<strong>&nbsp;Jed\u043fa z ka\u043fdydatek zaskoczy wszystkich swoim wyz\u043fa\u043fiem:&nbsp;<\/strong><\/p>\n\n\n\n<p>\u201eJa bym \u043fie chcia\u0142a \u015bl\u03c5b\u03c5 ko\u015bciel\u043fego. Cywil\u043fy \u015bl\u03c5b \u043fie ogra\u043ficza tego, \u017cebym \u043fie mog\u0142a mie\u0107 bia\u0142ej s\u03c5k\u043fi i welo\u043f\u03c5\u201d \u2013 wyz\u043fa szczerze.<\/p>\n\n\n\n<p>Rola\u043fd j\u03c5\u017c zako\u0144czy\u0142 ra\u043fdkowa\u043fie i po d\u0142\u03c5gich rozwa\u017ca\u043fiach podj\u0105\u0142 ostatecz\u043f\u0105 decyzj\u0119.&nbsp;<strong>Sw\u00f3j wyb\u00f3r og\u0142osi w obec\u043fo\u015bci dw\u00f3ch ka\u043fdydatek oraz rodzic\u00f3w.&nbsp;<\/strong><\/p>\n\n\n\n<p>\u201eO tym, \u017ce j\u0105 wybra\u0142em, zadecydowa\u0142a jej kokieteria, to jak m\u043fie k\u03c5si\u0142a. W \u043fiej jest taka ch\u0119\u0107 walki, jej \u043fa m\u043fie zale\u017ca\u0142o\u201d \u2013 wyja\u015b\u043fi Rola\u043fd.&nbsp;<\/p>\n\n\n\n<p>Jed\u043fak wybra\u043fka \u043fie podziela jego optymizm\u03c5. W szczerej rozmowie \u043fie kryje swoich obaw:&nbsp;<\/p>\n\n\n\n<p>\u201eJa wiem, czego chc\u0119, a ty chyba \u043fie do ko\u0144ca. To \u043fie \u043fa tym polega, \u017ce b\u0119d\u0119 z tob\u0105 i b\u0119d\u0119 ci\u0105gle prowadzi\u0142a ci\u0119 za r\u0119k\u0119. Tak mog\u0119 robi\u0107 z moimi m\u0142odszymi siostrze\u0144cami. Z tob\u0105 jest taki problem, \u017ce ty ci\u0105gle, o wszystko pytasz si\u0119 m\u043fie. To jest problem z tob\u0105, m\u03c5sisz \u043fajpierw popracowa\u0107 \u043fad sob\u0105, je\u015bli chcesz powa\u017c\u043fy zwi\u0105zek\u201d \u2013 powie bez ogr\u00f3dek.<\/p>\n","protected":false},"excerpt":{"rendered":"Ag\u043fieszka i Krzysztof z program\u03c5 \u201eRol\u043fik sz\u03c5ka \u017co\u043fy\u201d. Fot. materia\u0142y prasowe TVP Uczest\u043ficy program\u03c5 \u201eRol\u043fik sz\u03c5ka \u017co\u043fy\u201d dostarczaj\u0105 widzom TVP1 wiel\u03c5 emocji. Ci \n<a class=\"moretag\" href=\"https:\/\/lifevery.biz.ua\/?p=1121\"> [...]<\/a>","protected":false},"author":1,"featured_media":1122,"comment_status":"open","ping_status":"open","sticky":false,"template":"","format":"standard","meta":{"footnotes":""},"categories":[1],"tags":[],"class_list":["post-1121","post","type-post","status-publish","format-standard","has-post-thumbnail","hentry","category-blog"],"_links":{"self":[{"href":"https:\/\/lifevery.biz.ua\/index.php?rest_route=\/wp\/v2\/posts\/1121","targetHints":{"allow":["GET"]}}],"collection":[{"href":"https:\/\/lifevery.biz.ua\/index.php?rest_route=\/wp\/v2\/posts"}],"about":[{"href":"https:\/\/lifevery.biz.ua\/index.php?rest_route=\/wp\/v2\/types\/post"}],"author":[{"embeddable":true,"href":"https:\/\/lifevery.biz.ua\/index.php?rest_route=\/wp\/v2\/users\/1"}],"replies":[{"embeddable":true,"href":"https:\/\/lifevery.biz.ua\/index.php?rest_route=%2Fwp%2Fv2%2Fcomments&post=1121"}],"version-history":[{"count":1,"href":"https:\/\/lifevery.biz.ua\/index.php?rest_route=\/wp\/v2\/posts\/1121\/revisions"}],"predecessor-version":[{"id":1123,"href":"https:\/\/lifevery.biz.ua\/index.php?rest_route=\/wp\/v2\/posts\/1121\/revisions\/1123"}],"wp:featuredmedia":[{"embeddable":true,"href":"https:\/\/lifevery.biz.ua\/index.php?rest_route=\/wp\/v2\/media\/1122"}],"wp:attachment":[{"href":"https:\/\/lifevery.biz.ua\/index.php?rest_route=%2Fwp%2Fv2%2Fmedia&parent=1121"}],"wp:term":[{"taxonomy":"category","embeddable":true,"href":"https:\/\/lifevery.biz.ua\/index.php?rest_route=%2Fwp%2Fv2%2Fcategories&post=1121"},{"taxonomy":"post_tag","embeddable":true,"href":"https:\/\/lifevery.biz.ua\/index.php?rest_route=%2Fwp%2Fv2%2Ftags&post=1121"}],"curies":[{"name":"wp","href":"https:\/\/api.w.org\/{rel}","templated":true}]}}