{"id":11173,"date":"2026-04-29T05:40:56","date_gmt":"2026-04-29T05:40:56","guid":{"rendered":"https:\/\/lifevery.biz.ua\/?p=11173"},"modified":"2026-04-29T05:40:56","modified_gmt":"2026-04-29T05:40:56","slug":"nie-zyje-mlody-strazak-druhowie-pozegnali-go-w-wyjatkowy-sposob","status":"publish","type":"post","link":"https:\/\/lifevery.biz.ua\/?p=11173","title":{"rendered":"Nie \u017cyje m\u0142ody stra\u017cak. Druhowie po\u017cegnali go w wyj\u0105tkowy spos\u00f3b"},"content":{"rendered":"\n<p>W poniedzia\u0142ek regionem wstrz\u0105sn\u0119\u0142a informacja o \u015bmierci 24-letniego stra\u017caka ochotnika. Konrad Piechocki do ko\u0144ca pozostawa\u0142 oddany swojej misji, mimo wieloletniej walki z wyniszczaj\u0105c\u0105 chorob\u0105. Druhowie z jego jednostki zdecydowali si\u0119 na wyj\u0105tkowy gest, aby w symboliczny spos\u00f3b po\u017cegna\u0107 swojego koleg\u0119.<\/p>\n\n\n\n<p>Walka z chorob\u0105 i oddanie s\u0142u\u017cbie w dw\u00f3ch jednostkach<br>Konrad Piechocki s\u0142u\u017cy\u0142 w OSP Rokietnica oraz OSP Napachanie. Od kilku lat zmaga\u0142 si\u0119 z zakrzepic\u0105 udow\u0105, na kt\u00f3rej leczenie koledzy z jednostki regularnie organizowali zbi\u00f3rki pieni\u0119dzy.<\/p>\n\n\n\n<p>\u201eMimo m\u0142odego wieku by\u0142 osob\u0105 niezwykle zaanga\u017cowan\u0105, zawsze gotow\u0105 do niesienia pomocy i wsparcia innym. Swoj\u0105 postaw\u0105, \u017cyczliwo\u015bci\u0105 i oddaniem s\u0142u\u017cbie zapisa\u0142 si\u0119 na zawsze w naszej pami\u0119ci oraz w sercach druhen i druh\u00f3w\u201d &#8211; informuje w oficjalnym komunikacie KSRG OSP Rokietnica.&nbsp;<\/p>\n\n\n\n<p>Zmar\u0142y stra\u017cak by\u0142 ceniony za pracowito\u015b\u0107 i optymizm, kt\u00f3re zachowywa\u0142 mimo pogarszaj\u0105cego si\u0119 stanu zdrowia. Jego \u015bmier\u0107 27 kwietnia zako\u0144czy\u0142a d\u0142ug\u0105 batali\u0119 o \u017cycie, kt\u00f3r\u0105 \u015bledzi\u0142a ca\u0142a lokalna spo\u0142eczno\u015b\u0107, wspieraj\u0105c go w procesie kosztownej rehabilitacji.<\/p>\n\n\n\n<p>Symboliczne po\u017cegnanie przy d\u017awi\u0119kach syren<br>Aby uczci\u0107 pami\u0119\u0107 zmar\u0142ego, w poniedzia\u0142ek o godzinie 18:00 w remizach w okolicy zawy\u0142y syreny alarmowe.&nbsp;<\/p>\n\n\n\n<p>\u201eDzi\u015b o godzinie 18:00, w celu oddania Mu ho\u0142du, przy naszej stra\u017cnicy zostanie uruchomiona syrena stra\u017cacka na czas 1 minuty. Zach\u0119camy wszystkich do chwili zadumy i uczczenia Jego pami\u0119ci\u201d \u2013 og\u0142osili stra\u017cacy na Facebooku.&nbsp;<\/p>\n\n\n\n<p>Akcja obj\u0119\u0142a kilka s\u0105siednich miejscowo\u015bci, kt\u00f3re solidarnie w\u0142\u0105czy\u0142y sygna\u0142y d\u017awi\u0119kowe.&nbsp;<\/p>\n\n\n\n<p>Przed stra\u017cnicami zebrali si\u0119 druhowie w pe\u0142nym umundurowaniu, oddaj\u0105c honor koledze, kt\u00f3ry odszed\u0142 na \u201ewieczn\u0105 s\u0142u\u017cb\u0119\u201d. Gest ten by\u0142 wyrazem najwy\u017cszego szacunku dla po\u015bwi\u0119cenia 24-latka, kt\u00f3ry znaczn\u0105 cz\u0119\u015b\u0107 swojego doros\u0142ego \u017cycia odda\u0142 bezinteresownemu ratowaniu innych ludzi oraz mienia.<br><\/p>\n\n\n\n<p>Reakcja \u015brodowiska stra\u017cackiego i kondolencje dla rodziny<br>Odej\u015bcie m\u0142odego druha wywo\u0142a\u0142o fal\u0119 kondolencji ze strony s\u0142u\u017cb ratowniczych oraz mieszka\u0144c\u00f3w Wielkopolski. Stra\u017cacy z Rokietnicy we wzruszaj\u0105cym po\u017cegnaniu zaznaczyli:&nbsp;<\/p>\n\n\n\n<p>\u201eJego odej\u015bcie to dla nas wszystkich ogromna strata. \u017begnamy nie tylko stra\u017caka, ale przede wszystkim dobrego cz\u0142owieka, koleg\u0119 i przyjaciela\u201d.&nbsp;<\/p>\n\n\n\n<p>Rodzina zmar\u0142ego otrzyma\u0142a liczne s\u0142owa wsparcia pod postem.&nbsp;<\/p>\n\n\n\n<p>\u201eWspania\u0142y cz\u0142owiek pomimo wszystkiego zawsze u\u015bmiechni\u0119ty, takiego go zapami\u0119tam&#8221;.<\/p>\n\n\n\n<p>\u201eNajszczersze wyrazy wsp\u00f3\u0142czucia dla rodziny i bliskich To jeszcze nie Tw\u00f3j czas by\u0142 \u017ceby odchodzi\u0107 z tego \u015bwiata Spoczywaj w pokoju&#8221;.<\/p>\n\n\n\n<p>\u201eOdszed\u0142 na wieczna s\u0142u\u017cb\u0119, niech spoczywa w spokoju&#8221;.<\/p>\n\n\n\n<p>\u015amier\u0107 Konrada Piechockiego pozostaje dla ochotniczej stra\u017cy po\u017carnej symbolem straty wybitnego spo\u0142ecznika, kt\u00f3rego postawa stanowi\u0142a wz\u00f3r do na\u015bladowania dla m\u0142odszych rocznik\u00f3w kandydat\u00f3w na stra\u017cak\u00f3w.<br><\/p>\n","protected":false},"excerpt":{"rendered":"W poniedzia\u0142ek regionem wstrz\u0105sn\u0119\u0142a informacja o \u015bmierci 24-letniego stra\u017caka ochotnika. Konrad Piechocki do ko\u0144ca pozostawa\u0142 oddany swojej misji, mimo wieloletniej walki z wyniszczaj\u0105c\u0105 \n<a class=\"moretag\" href=\"https:\/\/lifevery.biz.ua\/?p=11173\"> [...]<\/a>","protected":false},"author":1,"featured_media":11174,"comment_status":"open","ping_status":"open","sticky":false,"template":"","format":"standard","meta":{"footnotes":""},"categories":[1],"tags":[],"class_list":["post-11173","post","type-post","status-publish","format-standard","has-post-thumbnail","hentry","category-blog"],"_links":{"self":[{"href":"https:\/\/lifevery.biz.ua\/index.php?rest_route=\/wp\/v2\/posts\/11173","targetHints":{"allow":["GET"]}}],"collection":[{"href":"https:\/\/lifevery.biz.ua\/index.php?rest_route=\/wp\/v2\/posts"}],"about":[{"href":"https:\/\/lifevery.biz.ua\/index.php?rest_route=\/wp\/v2\/types\/post"}],"author":[{"embeddable":true,"href":"https:\/\/lifevery.biz.ua\/index.php?rest_route=\/wp\/v2\/users\/1"}],"replies":[{"embeddable":true,"href":"https:\/\/lifevery.biz.ua\/index.php?rest_route=%2Fwp%2Fv2%2Fcomments&post=11173"}],"version-history":[{"count":1,"href":"https:\/\/lifevery.biz.ua\/index.php?rest_route=\/wp\/v2\/posts\/11173\/revisions"}],"predecessor-version":[{"id":11175,"href":"https:\/\/lifevery.biz.ua\/index.php?rest_route=\/wp\/v2\/posts\/11173\/revisions\/11175"}],"wp:featuredmedia":[{"embeddable":true,"href":"https:\/\/lifevery.biz.ua\/index.php?rest_route=\/wp\/v2\/media\/11174"}],"wp:attachment":[{"href":"https:\/\/lifevery.biz.ua\/index.php?rest_route=%2Fwp%2Fv2%2Fmedia&parent=11173"}],"wp:term":[{"taxonomy":"category","embeddable":true,"href":"https:\/\/lifevery.biz.ua\/index.php?rest_route=%2Fwp%2Fv2%2Fcategories&post=11173"},{"taxonomy":"post_tag","embeddable":true,"href":"https:\/\/lifevery.biz.ua\/index.php?rest_route=%2Fwp%2Fv2%2Ftags&post=11173"}],"curies":[{"name":"wp","href":"https:\/\/api.w.org\/{rel}","templated":true}]}}