{"id":11143,"date":"2026-04-28T20:10:53","date_gmt":"2026-04-28T20:10:53","guid":{"rendered":"https:\/\/lifevery.biz.ua\/?p=11143"},"modified":"2026-04-28T20:10:53","modified_gmt":"2026-04-28T20:10:53","slug":"nie-zyje-mlody-pilkarz-upadl-na-boisku-w-trakcie-meczu-osierocil-kilkudniowe-dziecko","status":"publish","type":"post","link":"https:\/\/lifevery.biz.ua\/?p=11143","title":{"rendered":"Nie \u017cyje m\u0142ody pi\u0142karz, upad\u0142 na boisku w trakcie meczu. Osieroci\u0142 kilkudniowe dziecko"},"content":{"rendered":"\n<p>Kilka dni temu pi\u0142karski \u015bwiat obieg\u0142y dramatyczne wie\u015bci. Jeden z pi\u0142karzy upad\u0142 w trakcie spotkania i straci\u0142 przytomno\u015b\u0107. Niestety jak si\u0119 okazuje, zmar\u0142 po kilku dniach w szpitalu. Wstrz\u0105saj\u0105ce wie\u015bci obieg\u0142y \u015bwiat. Zawodnik osieroci\u0142 dw\u00f3jk\u0119 malutkich dzieci.&nbsp;<\/p>\n\n\n\n<p>Pi\u0142karz zas\u0142ab\u0142 na meczu. Dramatyczne sceny na boisku<br>W trakcie spotkania Copa Libertadores (po\u0142udniowoameryka\u0144ski odpowiednik Ligi Mistrz\u00f3w) dosz\u0142o do dramatycznych scen. Urugwajski klub Club Nacional de Football zagra\u0142 na wyje\u017adzie z brazylijskim Sao Paulo. Na drug\u0105 po\u0142ow\u0119 meczu wyszed\u0142 Juan Izquierdo, kt\u00f3ry zmieni\u0142 koleg\u0119 z dru\u017cyny. Niestety w ostatnich minutach dosz\u0142o do dramatycznych scen z jego udzia\u0142em. Zawodnik upad\u0142 na muraw\u0119 bez kontaktu z rywalem i straci\u0142 przytomno\u015b\u0107. Pi\u0142karze byli przera\u017ceni a na boisku pojawi\u0142a si\u0119 karetka.<br><\/p>\n\n\n\n<p>Juan Izquierdo nie \u017cyje<br>Po przewiezieniu do szpitala stan pi\u0142karza pocz\u0105tkowo si\u0119 ustabilizowa\u0142 i nic nie zwiastowa\u0142o tragedii. Niestety p\u00f3\u017aniej dosz\u0142o do gwa\u0142townego pogorszenia sytuacji. U Juana Izquierdo wykryto arytmi\u0119 serca, kt\u00f3ra okaza\u0142a si\u0119 zab\u00f3jcza. Zawodnik zmar\u0142 w nocy z wtorku na \u015brod\u0119 czasu polskiego. Przyczyn\u0105 zgonu by\u0142a \u015bmier\u0107 m\u00f3zgu spowodowana nag\u0142ym zatrzymaniem kr\u0105\u017cenia. Tragiczne wie\u015bci zza oceanu\u2026<\/p>\n\n\n\n<p>Informacj\u0119 o \u015bmierci Juana przekaza\u0142 jego klub &#8211; Nacionale. We wzruszaj\u0105cym wpisie na platformie X dru\u017cyna po\u017cegna\u0142a zmar\u0142ego koleg\u0119:<\/p>\n\n\n\n<p>Z najg\u0142\u0119bszym b\u00f3lem i wstrz\u0105sem w naszych sercach Narodowy Klub Pi\u0142ki No\u017cnej og\u0142asza \u015bmier\u0107 naszego ukochanego zawodnika Juana Izquierdo.<\/p>\n\n\n\n<p>Sk\u0142adamy najszczersze kondolencje jego rodzinie, przyjacio\u0142om, wsp\u00f3\u0142pracownikom i bliskim.<\/p>\n\n\n\n<p>Ca\u0142y Nacional op\u0142akuje jego nieodwracaln\u0105 strat\u0119.<\/p>\n\n\n\n<p>Juanie, b\u0119dziesz z nami na zawsze. &#8211; przekaza\u0142o Nacionale.<br><\/p>\n\n\n\n<p>\u015awiat pi\u0142ki no\u017cnej pogr\u0105\u017cony w \u017ca\u0142obie<br>Fatalne wie\u015bci z Ameryki Po\u0142udniowej wstrz\u0105sn\u0119\u0142y ca\u0142ym pi\u0142karskim \u015bwiatem. \u017ba\u0142oba ogarn\u0119\u0142a przede wszystkim rozgrywki Copa Libertadores, a kondolencje i wyrazy wsp\u00f3\u0142czucia nios\u0105 si\u0119 po \u015bwiecie. Na wzruszaj\u0105ce s\u0142owa zdecydowa\u0142 si\u0119 m.in. klub Sao Paulo, z kt\u00f3rym mierzy\u0142a si\u0119 dru\u017cyna Nacionale:<\/p>\n\n\n\n<p>Prze\u017cywamy dni modlitwy, jedno\u015bci i nadziei, a dzi\u015b jeste\u015bmy w g\u0142\u0119bokim smutku z powodu wiadomo\u015bci o \u015bmierci Juana Izquierdo, sportowca z Nacional<\/p>\n\n\n\n<p>Sk\u0142adamy kondolencje rodzinie, przyjacio\u0142om, wsp\u00f3\u0142pracownikom, fanom Nacional i ca\u0142emu narodowi Urugwaju w tej chwili b\u00f3lu. Smutny dzie\u0144 dla futbolu.<\/p>\n\n\n\n<p>Spoczywaj w pokoju, Juanie.<\/p>\n\n\n\n<p>Prezes Brazylijskiego Zwi\u0105zku Pi\u0142ki No\u017cnej &#8211; Ednaldo Rodrigues, przekaza\u0142, \u017ce ka\u017cde \u015brodowe spotkanie w Brazylii b\u0119dzie poprzedzone minut\u0105 ciszy na cze\u015b\u0107 Izquierdo.<\/p>\n\n\n\n<p>27-latek opu\u015bci\u0142 \u017con\u0119 i osieroci\u0142 dw\u00f3jk\u0119 dzieci: 2-letni\u0105 c\u00f3rk\u0119 oraz synka, kt\u00f3ry przyszed\u0142 na \u015bwiat zaledwie kilka dni temu\u2026<br><\/p>\n","protected":false},"excerpt":{"rendered":"Kilka dni temu pi\u0142karski \u015bwiat obieg\u0142y dramatyczne wie\u015bci. Jeden z pi\u0142karzy upad\u0142 w trakcie spotkania i straci\u0142 przytomno\u015b\u0107. Niestety jak si\u0119 okazuje, zmar\u0142 \n<a class=\"moretag\" href=\"https:\/\/lifevery.biz.ua\/?p=11143\"> [...]<\/a>","protected":false},"author":1,"featured_media":11144,"comment_status":"open","ping_status":"open","sticky":false,"template":"","format":"standard","meta":{"footnotes":""},"categories":[1],"tags":[],"class_list":["post-11143","post","type-post","status-publish","format-standard","has-post-thumbnail","hentry","category-blog"],"_links":{"self":[{"href":"https:\/\/lifevery.biz.ua\/index.php?rest_route=\/wp\/v2\/posts\/11143","targetHints":{"allow":["GET"]}}],"collection":[{"href":"https:\/\/lifevery.biz.ua\/index.php?rest_route=\/wp\/v2\/posts"}],"about":[{"href":"https:\/\/lifevery.biz.ua\/index.php?rest_route=\/wp\/v2\/types\/post"}],"author":[{"embeddable":true,"href":"https:\/\/lifevery.biz.ua\/index.php?rest_route=\/wp\/v2\/users\/1"}],"replies":[{"embeddable":true,"href":"https:\/\/lifevery.biz.ua\/index.php?rest_route=%2Fwp%2Fv2%2Fcomments&post=11143"}],"version-history":[{"count":1,"href":"https:\/\/lifevery.biz.ua\/index.php?rest_route=\/wp\/v2\/posts\/11143\/revisions"}],"predecessor-version":[{"id":11145,"href":"https:\/\/lifevery.biz.ua\/index.php?rest_route=\/wp\/v2\/posts\/11143\/revisions\/11145"}],"wp:featuredmedia":[{"embeddable":true,"href":"https:\/\/lifevery.biz.ua\/index.php?rest_route=\/wp\/v2\/media\/11144"}],"wp:attachment":[{"href":"https:\/\/lifevery.biz.ua\/index.php?rest_route=%2Fwp%2Fv2%2Fmedia&parent=11143"}],"wp:term":[{"taxonomy":"category","embeddable":true,"href":"https:\/\/lifevery.biz.ua\/index.php?rest_route=%2Fwp%2Fv2%2Fcategories&post=11143"},{"taxonomy":"post_tag","embeddable":true,"href":"https:\/\/lifevery.biz.ua\/index.php?rest_route=%2Fwp%2Fv2%2Ftags&post=11143"}],"curies":[{"name":"wp","href":"https:\/\/api.w.org\/{rel}","templated":true}]}}