{"id":11100,"date":"2026-04-28T18:09:56","date_gmt":"2026-04-28T18:09:56","guid":{"rendered":"https:\/\/lifevery.biz.ua\/?p=11100"},"modified":"2026-04-28T18:09:56","modified_gmt":"2026-04-28T18:09:56","slug":"nie-zyje-53-letni-kierowca-samochod-wpadl-do-rzeki-2","status":"publish","type":"post","link":"https:\/\/lifevery.biz.ua\/?p=11100","title":{"rendered":"Nie \u017cyje 53-letni kierowca. Samoch\u00f3d wpad\u0142 do rzeki"},"content":{"rendered":"\n<p>Do tragedii dosz\u0142o wczoraj wieczorem na drodze wojew\u00f3dzkiej relacji Mielec &#8211; D\u0119bica. Samoch\u00f3d osobowy zjecha\u0142 z drogi i spad\u0142 w koryto rzeki. Stra\u017cacy ewakuowali z pojazdu kierowc\u0119, jednak pomimo reanimacji nie uda\u0142o si\u0119 go uratowa\u0107. S\u0142u\u017cby przekaza\u0142y szczeg\u00f3\u0142y zdarzenia. Pojawi\u0142y si\u0119 r\u00f3wnie\u017c dramatyczne zdj\u0119cia.&nbsp;<\/p>\n\n\n\n<p>Tragedia pod Mielcem. Nie \u017cyje m\u0119\u017cczyzna<br>Do zdarzenia dosz\u0142o we wtorek 10 wrze\u015bnia chwil\u0119 po godzinie 18.00. S\u0142u\u017cby otrzyma\u0142y niepokoj\u0105ce zg\u0142oszenie o samochodzie osobowym, kt\u00f3ry znajduje si\u0119 w rzece. Natychmiast zadysponowano stra\u017c po\u017carn\u0105, a tak\u017ce pogotowie i policj\u0119. Mundurowi bardzo szybko ustalili, co takiego wydarzy\u0142o si\u0119 w miejscowo\u015bci Tuszyma (woj. podkarpackie) niedaleko Mielca. Dosz\u0142o do wypadku drogowego, w wyniku kt\u00f3rego osobowy seat spad\u0142 z mostu wprost do rzeki. W \u015brodku by\u0142 kierowca.<\/p>\n\n\n\n<p>Samoch\u00f3d wpad\u0142 do rzeki. Tragiczny wypadek niedaleko Mielca<br>Wed\u0142ug wst\u0119pnych ustale\u0144 funkcjonariuszy, osobowy seat prowadzony przez 53-letniego kierowc\u0105 w pewnym momencie, jad\u0105c drog\u0105 w kierunku D\u0119bicy, straci\u0142 panowanie nad pojazdem i zjecha\u0142 ze swojego pasa ruchu. Po chwili przebi\u0142 barierki i wpad\u0142 rzeki.<\/p>\n\n\n\n<p><\/p>\n\n\n\n<p>Z niewyja\u015bnionych na chwil\u0119 obecn\u0105 przyczyn wynika, \u017ce kieruj\u0105cy osobowym seatem, jad\u0105c drog\u0105 relacji Mielec-D\u0119bica, najprawdopodobniej straci\u0142 panowanie nad pojazdem, zjecha\u0142 z drogi na pas zieleni, nast\u0119pnie przebi\u0142 metalowe barierki i spad\u0142 do koryta rzeki. W wyniku zdarzenia, 53-letni kieruj\u0105cy seatem, mieszkaniec powiatu ropczycko-s\u0119dziszowskiego zgin\u0105\u0142 na miejscu &#8211; poinformowa\u0142a podkom. Bernadetta Krawczyk z policji w Mielcu.<br><\/p>\n\n\n\n<p>Kierowca nie \u017cyje<br>Stra\u017cacy, kt\u00f3rzy pojawili si\u0119 na miejscu zdarzenia, przyst\u0105pili do natychmiastowej ewakuacji kierowcy, kt\u00f3ry znajdowa\u0142 si\u0119 w aucie. Po wyci\u0105gni\u0119ciu z rzeki 53-latek zosta\u0142 przekazany ratownikom medycznym, rozpocz\u0119to reanimacj\u0119.<\/p>\n\n\n\n<p>Niestety pomimo podj\u0119tej pr\u00f3by reanimacji, kierowcy seata, 53-letniego mieszka\u0144ca Wolli Ocieckiej nie uda\u0142o si\u0119 uratowa\u0107.&nbsp;<\/p>\n\n\n\n<p>Policja na miejscu zdarzenia prowadzi\u0142a swoje czynno\u015bci pod nadzorem prokuratora. Ustalane b\u0119dzie, co by\u0142o przyczyn\u0105 zachowania 53-letniego kierowcy i dlaczego zjecha\u0142 z trasy, a nast\u0119pnie wpad\u0142 do rzeki.&nbsp;<\/p>\n\n\n\n<p>Samoch\u00f3d osobowy marki seat wypad\u0142 z jezdni na mo\u015bcie nad rzeczk\u0105 Tuszymka w kt\u00f3rym to kierowca zosta\u0142 poszkodowany. Po wyci\u0105gni\u0119ciu kierowcy z pojazdu natychmiast zosta\u0142a prowadzona resuscytacja kr\u0105\u017ceniowo-oddechowa przez stra\u017cak\u00f3w i ZRM &#8211; informuj\u0105 w mediach spo\u0142eczno\u015bciowych stra\u017cacy z OSP Przec\u0142aw.&nbsp;<\/p>\n\n\n\n<p>Czytaj wi\u0119cej: https:\/\/goniec.pl\/nie-zyje-53-letni-kierowca-samochod-wpadl-do-rzeki-bb-wnw-110924<\/p>\n","protected":false},"excerpt":{"rendered":"Do tragedii dosz\u0142o wczoraj wieczorem na drodze wojew\u00f3dzkiej relacji Mielec &#8211; D\u0119bica. Samoch\u00f3d osobowy zjecha\u0142 z drogi i spad\u0142 w koryto rzeki. Stra\u017cacy \n<a class=\"moretag\" href=\"https:\/\/lifevery.biz.ua\/?p=11100\"> [...]<\/a>","protected":false},"author":1,"featured_media":11101,"comment_status":"open","ping_status":"open","sticky":false,"template":"","format":"standard","meta":{"footnotes":""},"categories":[1],"tags":[],"class_list":["post-11100","post","type-post","status-publish","format-standard","has-post-thumbnail","hentry","category-blog"],"_links":{"self":[{"href":"https:\/\/lifevery.biz.ua\/index.php?rest_route=\/wp\/v2\/posts\/11100","targetHints":{"allow":["GET"]}}],"collection":[{"href":"https:\/\/lifevery.biz.ua\/index.php?rest_route=\/wp\/v2\/posts"}],"about":[{"href":"https:\/\/lifevery.biz.ua\/index.php?rest_route=\/wp\/v2\/types\/post"}],"author":[{"embeddable":true,"href":"https:\/\/lifevery.biz.ua\/index.php?rest_route=\/wp\/v2\/users\/1"}],"replies":[{"embeddable":true,"href":"https:\/\/lifevery.biz.ua\/index.php?rest_route=%2Fwp%2Fv2%2Fcomments&post=11100"}],"version-history":[{"count":1,"href":"https:\/\/lifevery.biz.ua\/index.php?rest_route=\/wp\/v2\/posts\/11100\/revisions"}],"predecessor-version":[{"id":11102,"href":"https:\/\/lifevery.biz.ua\/index.php?rest_route=\/wp\/v2\/posts\/11100\/revisions\/11102"}],"wp:featuredmedia":[{"embeddable":true,"href":"https:\/\/lifevery.biz.ua\/index.php?rest_route=\/wp\/v2\/media\/11101"}],"wp:attachment":[{"href":"https:\/\/lifevery.biz.ua\/index.php?rest_route=%2Fwp%2Fv2%2Fmedia&parent=11100"}],"wp:term":[{"taxonomy":"category","embeddable":true,"href":"https:\/\/lifevery.biz.ua\/index.php?rest_route=%2Fwp%2Fv2%2Fcategories&post=11100"},{"taxonomy":"post_tag","embeddable":true,"href":"https:\/\/lifevery.biz.ua\/index.php?rest_route=%2Fwp%2Fv2%2Ftags&post=11100"}],"curies":[{"name":"wp","href":"https:\/\/api.w.org\/{rel}","templated":true}]}}