{"id":1108,"date":"2026-01-25T13:01:49","date_gmt":"2026-01-25T13:01:49","guid":{"rendered":"https:\/\/lifevery.biz.ua\/?p=1108"},"modified":"2026-01-25T13:01:49","modified_gmt":"2026-01-25T13:01:49","slug":"final-wosp-juz-za-chwile-a-tu-takie-wiesci-owsiak-podjal-drastyczna-decyzje-to-koniec","status":"publish","type":"post","link":"https:\/\/lifevery.biz.ua\/?p=1108","title":{"rendered":"Fina\u0142 WO\u015aP ju\u017c za chwil\u0119, a tu takie wie\u015bci. Owsiak podj\u0105\u0142 drastyczn\u0105 decyzj\u0119. To koniec"},"content":{"rendered":"\n<p>Tu\u017c przed 34. Fina\u0142em WO\u015aP napi\u0119cie wok\u00f3\u0142 Jerzego Owsiaka zn\u00f3w wystrzeli\u0142o. Za\u0142o\u017cyciel Orkiestry od miesi\u0119cy m\u00f3wi o ograniczaniu obecno\u015bci publicznej, ale w czwartek i tak zabra\u0142 g\u0142os. Tym razem posz\u0142o o s\u0142owa, kt\u00f3re coraz cz\u0119\u015bciej padaj\u0105 w jego kierunku: \u201enie daj\u0119 na Owsiaka\u201d.<\/p>\n\n\n\n<ul class=\"wp-block-list\">\n<li>Czytaj te\u017c:\u00a0<a href=\"https:\/\/wlocie.pl\/spoleczenstwo\/slynny-polski-naukowiec-przepadl-bez-sladu-policja-poszukuje-kacpra-swierka\">S\u0142ynny polski naukowiec przepad\u0142 bez \u015bladu. Policja poszukuje Kacpra \u015awierka<\/a><\/li>\n<\/ul>\n\n\n\n<h2 class=\"wp-block-heading\">Coraz wi\u0119cej negatywnych g\u0142os\u00f3w i nag\u0142a reakcja Owsiaka<\/h2>\n\n\n\n<ol start=\"34\" class=\"wp-block-list\">\n<li>Fina\u0142 Wielkiej Orkiestry \u015awi\u0105tecznej Pomocy odb\u0119dzie si\u0119 w niedziel\u0119, 25 stycznia 2026 roku. Od lat twarz\u0105 przedsi\u0119wzi\u0119cia jest\u00a0<strong>Jerzy Owsiak<\/strong>, kt\u00f3ry prowadzi fundacj\u0119 od 1993 roku. Wraz z przygotowaniami wraca jednak temat narastaj\u0105cej krytyki wobec niego i ca\u0142ej inicjatywy.<\/li>\n<\/ol>\n\n\n\n<p>W czwartek Owsiak opublikowa\u0142 filmik pokazuj\u0105cy przygotowania do fina\u0142u w studiu TVN. Cho\u0107 wcze\u015bniej zapowiada\u0142 ograniczenie aktywno\u015bci, tym razem odni\u00f3s\u0142 si\u0119 do kr\u0105\u017c\u0105cych plotek i komentarzy.<\/p>\n\n\n\n<h2 class=\"wp-block-heading\">\u201eNie zbierali\u015bmy na Owsiaka\u201d. Mocne s\u0142owa w filmiku z przygotowa\u0144<\/h2>\n\n\n\n<p>Owsiak w nagraniu nawi\u0105za\u0142 do sformu\u0142owania, kt\u00f3re \u2013 jak m\u00f3wi \u2013 s\u0142yszy coraz cz\u0119\u015bciej.<\/p>\n\n\n\n<blockquote class=\"wp-block-quote is-layout-flow wp-block-quote-is-layout-flow\">\n<p>\u201eTak przy okazji dzisiejszego dnia, kiedy s\u0142ysz\u0119, jak kto\u015b pr\u00f3buje m\u00f3wi\u0107 \u2018nie daj\u0119 na Owsiaka\u2019. Przez 34 lata nigdy nie zbierali\u015bmy \u2018na Owsiaka\u2019. Ja nie potrzebuj\u0119 takich zbi\u00f3rek\u201d.<\/p>\n<\/blockquote>\n\n\n\n<p>Doda\u0142 te\u017c, \u017ce osoby u\u017cywaj\u0105ce takich okre\u015ble\u0144 powinny si\u0119 nad sob\u0105 zastanowi\u0107. I przesun\u0105\u0142 akcent na to, co \u2013 wed\u0142ug niego \u2013 jest sednem Orkiestry.<\/p>\n\n\n\n<blockquote class=\"wp-block-quote is-layout-flow wp-block-quote-is-layout-flow\">\n<p>\u201ePiszcie to, co si\u0119 dzieje, \u017ce ju\u017c za chwil\u0119 b\u0119dziemy zbierali na WO\u015aP, czyli nas wszystkich\u201d.<\/p>\n<\/blockquote>\n\n\n\n<h2 class=\"wp-block-heading\">Owsiak ogranicza wyst\u0105pienia i aktywno\u015b\u0107 w sieci. \u201eWytrzyma\u0142o\u015b\u0107 si\u0119 sko\u0144czy\u0142a\u201d<\/h2>\n\n\n\n<p>W tle tej reakcji jest jego wcze\u015bniejsza decyzja o wycofaniu si\u0119 z cz\u0119\u015bci aktywno\u015bci publicznej. W rozmowie z PAP w listopadzie 2025 roku m\u00f3wi\u0142 wprost o zm\u0119czeniu i ko\u0144cu si\u0142.<\/p>\n\n\n\n<blockquote class=\"wp-block-quote is-layout-flow wp-block-quote-is-layout-flow\">\n<p>\u201eWywiady ograniczam, rezygnuj\u0119 te\u017c z publikowania na Facebooku. Obecno\u015b\u0107 w serwisie wymaga\u0142a ode mnie wytrzyma\u0142o\u015bci, kt\u00f3ra si\u0119 sko\u0144czy\u0142a\u201d.<\/p>\n<\/blockquote>\n\n\n\n<p>Jednocze\u015bnie zaznacza\u0142, \u017ce nie oznacza to ca\u0142kowitego odej\u015bcia. Zgodnie z deklaracj\u0105 nadal zamierza pojawia\u0107 si\u0119 na&nbsp;<strong>Fina\u0142ach WO\u015aP<\/strong>&nbsp;oraz na festiwalu&nbsp;<strong>Pol\u2019and\u2019Rock<\/strong>.<\/p>\n\n\n\n<h2 class=\"wp-block-heading\">34. Fina\u0142 WO\u015aP ju\u017c 25 stycznia. Atmosfera g\u0119stnieje przed fina\u0142owym weekendem<\/h2>\n\n\n\n<p>W praktyce czwartek pokaza\u0142 jedno: mimo zapowiedzi o ograniczaniu obecno\u015bci, Owsiak wci\u0105\u017c reaguje, gdy temat dotyka fundamentu Orkiestry. W tym wypadku chodzi o narracj\u0119, kt\u00f3ra \u2013 w jego ocenie \u2013 odwraca sens zbi\u00f3rki i sprowadza j\u0105 do osoby.<\/p>\n\n\n\n<p>A do fina\u0142u zosta\u0142o ju\u017c naprawd\u0119 niewiele czasu.<\/p>\n","protected":false},"excerpt":{"rendered":"Tu\u017c przed 34. Fina\u0142em WO\u015aP napi\u0119cie wok\u00f3\u0142 Jerzego Owsiaka zn\u00f3w wystrzeli\u0142o. Za\u0142o\u017cyciel Orkiestry od miesi\u0119cy m\u00f3wi o ograniczaniu obecno\u015bci publicznej, ale w czwartek \n<a class=\"moretag\" href=\"https:\/\/lifevery.biz.ua\/?p=1108\"> [...]<\/a>","protected":false},"author":1,"featured_media":1109,"comment_status":"open","ping_status":"open","sticky":false,"template":"","format":"standard","meta":{"footnotes":""},"categories":[1],"tags":[],"class_list":["post-1108","post","type-post","status-publish","format-standard","has-post-thumbnail","hentry","category-blog"],"_links":{"self":[{"href":"https:\/\/lifevery.biz.ua\/index.php?rest_route=\/wp\/v2\/posts\/1108","targetHints":{"allow":["GET"]}}],"collection":[{"href":"https:\/\/lifevery.biz.ua\/index.php?rest_route=\/wp\/v2\/posts"}],"about":[{"href":"https:\/\/lifevery.biz.ua\/index.php?rest_route=\/wp\/v2\/types\/post"}],"author":[{"embeddable":true,"href":"https:\/\/lifevery.biz.ua\/index.php?rest_route=\/wp\/v2\/users\/1"}],"replies":[{"embeddable":true,"href":"https:\/\/lifevery.biz.ua\/index.php?rest_route=%2Fwp%2Fv2%2Fcomments&post=1108"}],"version-history":[{"count":1,"href":"https:\/\/lifevery.biz.ua\/index.php?rest_route=\/wp\/v2\/posts\/1108\/revisions"}],"predecessor-version":[{"id":1110,"href":"https:\/\/lifevery.biz.ua\/index.php?rest_route=\/wp\/v2\/posts\/1108\/revisions\/1110"}],"wp:featuredmedia":[{"embeddable":true,"href":"https:\/\/lifevery.biz.ua\/index.php?rest_route=\/wp\/v2\/media\/1109"}],"wp:attachment":[{"href":"https:\/\/lifevery.biz.ua\/index.php?rest_route=%2Fwp%2Fv2%2Fmedia&parent=1108"}],"wp:term":[{"taxonomy":"category","embeddable":true,"href":"https:\/\/lifevery.biz.ua\/index.php?rest_route=%2Fwp%2Fv2%2Fcategories&post=1108"},{"taxonomy":"post_tag","embeddable":true,"href":"https:\/\/lifevery.biz.ua\/index.php?rest_route=%2Fwp%2Fv2%2Ftags&post=1108"}],"curies":[{"name":"wp","href":"https:\/\/api.w.org\/{rel}","templated":true}]}}