{"id":11067,"date":"2026-04-28T10:39:41","date_gmt":"2026-04-28T10:39:41","guid":{"rendered":"https:\/\/lifevery.biz.ua\/?p=11067"},"modified":"2026-04-28T10:39:41","modified_gmt":"2026-04-28T10:39:41","slug":"smutne-wiesci-ze-swiata-polskiej-kultury-zmarla-ceniona-artystka-2","status":"publish","type":"post","link":"https:\/\/lifevery.biz.ua\/?p=11067","title":{"rendered":"Smutne wie\u015bci ze \u015bwiata polskiej kultury. Zmar\u0142a ceniona artystka"},"content":{"rendered":"\n<p>Niezwykle przykre wie\u015bci obieg\u0142y \u015bwiat polskiej kultury. Nie \u017cyje znana primadonna i ikona Opery Krakowskiej. Jadwiga Roma\u0144ska zmar\u0142a w wieku 96 lat. O jej \u015bmierci poinformowali pracownicy plac\u00f3wki, z kt\u00f3r\u0105 przez lata by\u0142a zwi\u0105zana.<\/p>\n\n\n\n<p>Nie \u017cyje s\u0142ynna primadonna<br>O \u015bmierci swojej wieloletniej solistki poinformowali przedstawiciele Opery Krakowskiej. Z udost\u0119pnionego w mediach spo\u0142eczno\u015bciowych komunikatu wynika, \u017ce Jadwiga Roma\u0144ska zmar\u0142a pi\u0105tek 27 wrze\u015bnia 2024 roku. Urodzona 23 kwietnia 1928 roku artystka by\u0142a absolwentk\u0105 Pa\u0144stwowej Wy\u017cszej Szko\u0142y Muzycznej w Katowicach. Swoj\u0105 karier\u0119 rozpocz\u0119\u0142a na deskach Operetki Krakowskiej rol\u0105 Gildy w &#8220;Rigoletcie&#8221; Verdiego.<\/p>\n\n\n\n<p>Z g\u0142\u0119bokim smutkiem informujemy, \u017ce w dniu dzisiejszym zmar\u0142a prof. Jadwiga Roma\u0144ska, wieloletnia solistka (sopran) i primadonna Opery Krakowskiej &#8211; przekazali pracownicy Opery Krakowskiej.<br><\/p>\n\n\n\n<p>Kiedy zostanie pochowana Jadwiga Roma\u0144ska?<br>W mediach pojawi\u0142a si\u0119 ju\u017c tak\u017ce informacja dotycz\u0105ca poch\u00f3wku s\u0142ynnej primadonny. Z przekazu &#8220;Radia Krak\u00f3w&#8221; wynika, \u017ce pogrzeb Jadwigi Roma\u0144skiej odb\u0119dzie si\u0119 w czwartek, 3 pa\u017adziernika 2024 roku. Ca\u0142a uroczysto\u015b\u0107 rozpocznie si\u0119 o godzinie 12:00 w kaplicy na cmentarzu Salwatorskim. Po zako\u0144czeniu nabo\u017ce\u0144stwa nast\u0105pi odprowadzenie zmar\u0142ej do grobowca.<\/p>\n\n\n\n<p><\/p>\n\n\n\n<p>Ostatnie po\u017cegnanie artystki ma przyci\u0105gn\u0105\u0107 na krakowsk\u0105 nekropoli\u0119 wiele zas\u0142u\u017conych os\u00f3b ze \u015bwiata polskiej kultury. Roma\u0144ska w trakcie kilku dekad swojej dzia\u0142alno\u015bci mia\u0142a bowiem okazj\u0119 zosta\u0107 zdobywczyni\u0105 wielu nagr\u00f3d, w tym srebrnego medalu na Mi\u0119dzynarodowym Konkursie Muzycznym w Genewie (1957) czy zwyci\u0119\u017cczyni\u0105 Mi\u0119dzynarodowego Konkursu Radiofonii Niemieckiej (ARD) w Monachium.<br><\/p>\n\n\n\n<p>Kim by\u0142a Jadwiga Roma\u0144ska?<br>Warto wspomnie\u0107, \u017ce Jadwiga Roma\u0144ska w ci\u0105gu pierwszych 30 lat swojej dzia\u0142alno\u015bci zagra\u0142a a\u017c 37 pierwszoplanowych r\u00f3l w Operze Krakowskiej. W jej portfolio znalaz\u0142y si\u0119 takie charakteryzacje jak Rozyna w &#8220;Cyruliku sewilskim&#8221; Rossiniego, Tatiana w &#8220;Eugeniuszu&#8221; Onieginie Czajkowskiego, \u0141ucja w &#8220;\u0141ucji z Lammermoor&#8221; Donizettiego, Ma\u0142gorzata w &#8220;Fau\u015bcie&#8221; Gounoda czy Cho-cho-san w &#8220;Madame Butterfly&#8221; Pucciniego.<\/p>\n\n\n\n<p>: Nie \u017cyje aktor uwielbianych przez Polak\u00f3w film\u00f3w. Jeden mia\u0142 premier\u0119 3 miesi\u0105ce temu<\/p>\n\n\n\n<p>W\u015br\u00f3d przedstawicieli swojego \u015brodowiska artystka znana by\u0142a z interpretacji pie\u015bni romantycznej i utwor\u00f3w Karola Szymanowskiego. Gwiazda na swoim koncie mia\u0142a tak\u017ce prac\u0119 dydaktyczn\u0105 na \u00a0PWSM w Krakowie (1973-1977) oraz w Katedrze Wokalistyki Akademii Muzycznej w Katowicach (1978-1981). Za swoj\u0105 dzia\u0142alno\u015b\u0107 otrzyma\u0142a m.in. Krzy\u017c Kawalerski (1981) oraz Komandorski Order Odrodzenia Polski (1983).<br><\/p>\n","protected":false},"excerpt":{"rendered":"Niezwykle przykre wie\u015bci obieg\u0142y \u015bwiat polskiej kultury. Nie \u017cyje znana primadonna i ikona Opery Krakowskiej. Jadwiga Roma\u0144ska zmar\u0142a w wieku 96 lat. O \n<a class=\"moretag\" href=\"https:\/\/lifevery.biz.ua\/?p=11067\"> [...]<\/a>","protected":false},"author":1,"featured_media":11068,"comment_status":"open","ping_status":"open","sticky":false,"template":"","format":"standard","meta":{"footnotes":""},"categories":[1],"tags":[],"class_list":["post-11067","post","type-post","status-publish","format-standard","has-post-thumbnail","hentry","category-blog"],"_links":{"self":[{"href":"https:\/\/lifevery.biz.ua\/index.php?rest_route=\/wp\/v2\/posts\/11067","targetHints":{"allow":["GET"]}}],"collection":[{"href":"https:\/\/lifevery.biz.ua\/index.php?rest_route=\/wp\/v2\/posts"}],"about":[{"href":"https:\/\/lifevery.biz.ua\/index.php?rest_route=\/wp\/v2\/types\/post"}],"author":[{"embeddable":true,"href":"https:\/\/lifevery.biz.ua\/index.php?rest_route=\/wp\/v2\/users\/1"}],"replies":[{"embeddable":true,"href":"https:\/\/lifevery.biz.ua\/index.php?rest_route=%2Fwp%2Fv2%2Fcomments&post=11067"}],"version-history":[{"count":1,"href":"https:\/\/lifevery.biz.ua\/index.php?rest_route=\/wp\/v2\/posts\/11067\/revisions"}],"predecessor-version":[{"id":11069,"href":"https:\/\/lifevery.biz.ua\/index.php?rest_route=\/wp\/v2\/posts\/11067\/revisions\/11069"}],"wp:featuredmedia":[{"embeddable":true,"href":"https:\/\/lifevery.biz.ua\/index.php?rest_route=\/wp\/v2\/media\/11068"}],"wp:attachment":[{"href":"https:\/\/lifevery.biz.ua\/index.php?rest_route=%2Fwp%2Fv2%2Fmedia&parent=11067"}],"wp:term":[{"taxonomy":"category","embeddable":true,"href":"https:\/\/lifevery.biz.ua\/index.php?rest_route=%2Fwp%2Fv2%2Fcategories&post=11067"},{"taxonomy":"post_tag","embeddable":true,"href":"https:\/\/lifevery.biz.ua\/index.php?rest_route=%2Fwp%2Fv2%2Ftags&post=11067"}],"curies":[{"name":"wp","href":"https:\/\/api.w.org\/{rel}","templated":true}]}}