{"id":11058,"date":"2026-04-28T10:12:10","date_gmt":"2026-04-28T10:12:10","guid":{"rendered":"https:\/\/lifevery.biz.ua\/?p=11058"},"modified":"2026-04-28T10:12:10","modified_gmt":"2026-04-28T10:12:10","slug":"17-latek-smiertelnie-ugodzony-nozem-prokuratura-ujawnila-jaki-mogl-byc-motyw-2","status":"publish","type":"post","link":"https:\/\/lifevery.biz.ua\/?p=11058","title":{"rendered":"17-latek \u015bmiertelnie ugodzony no\u017cem. Prokuratura ujawni\u0142a, jaki m\u00f3g\u0142 by\u0107 motyw"},"content":{"rendered":"\n<p>Nie \u017cyje 17-latek, kt\u00f3ry w pi\u0105tek wieczorem zosta\u0142 ugodzony no\u017cem w Warszawie. Nastolatek zosta\u0142 zaatakowany w pobli\u017cu stacji metra Centrum Nauki Kopernik. Pojawi\u0142y si\u0119 nieoficjalne informacje na temat prawdopodobnego motywu 15-latki, kt\u00f3ra mia\u0142a dopu\u015bci\u0107 si\u0119 brutalnego ataku na swojego znajomego.<\/p>\n\n\n\n<p>Nie \u017cyje 17-latek ugodzony no\u017cem<br>Dramat rozegra\u0142 si\u0119 w pi\u0105tek w pobli\u017cu stacji metra Centrum Nauki Kopernik w Warszawie. 17-latek zosta\u0142 zaatakowany i zraniony no\u017cem. Mimo wysi\u0142k\u00f3w lekarzy, po kilku dniach ze szpitala nap\u0142yn\u0119\u0142a tragiczna informacja, \u017cycia nastolatka nie uda\u0142o si\u0119 uratowa\u0107. Podejrzenia pad\u0142y na trzy osoby, w tym 15-latk\u0119. Wszyscy mnieli zna\u0107 swoj\u0105 ofiar\u0119.\u00a0<br><\/p>\n\n\n\n<p>15-latka i dw\u00f3ch m\u0119\u017cczyzn zatrzymanych<br>Policjanci szybko ustalili prawdopodobnych sprawc\u00f3w i ju\u017c nast\u0119pnego dnia zatrzymali trzy osoby: 15-latk\u0119 i dw\u00f3ch m\u0119\u017cczyzn. Prokuratura zarzuca m\u0119\u017cczyznom utrudnianie post\u0119powania karnego, niezawiadomienie o przest\u0119pstwie oraz nieudzielenie pomocy osobie pokrzywdzonej. 15-latka us\u0142ysza\u0142a zarzut spowodowania ci\u0119\u017ckiego uszczerbku na zdrowiu, jednak mo\u017ce si\u0119 on zmieni\u0107 z uwagi na \u015bmier\u0107 17-latka.\u00a0Nieoficjalnie m\u00f3wi si\u0119 ju\u017c o jej motywie.\u00a0<br><\/p>\n\n\n\n<p>Motyw 15-latki, kt\u00f3ra ma sta\u0107 za atakiem na 17-latka<br>Zmiana tre\u015bci zarzutu dla 15-latki b\u0119dzie zale\u017ca\u0142a w g\u0142\u00f3wnej mierze od opinii bieg\u0142ych medyk\u00f3w.&nbsp;<\/p>\n\n\n\n<p>Istnieje mo\u017cliwo\u015b\u0107, by osoba nieletnia, kt\u00f3ra uko\u0144czy\u0142a 15. rok \u017cycia, mog\u0142a odpowiada\u0107 jak doros\u0142y \u2013&nbsp;powiedzia\u0142 RMF FM&nbsp;prok. Piotr Antoni Skiba, rzecznik Prokuratury Okr\u0119gowej w Warszawie.<\/p>\n\n\n\n<p>Jak podaje RMF FM, 15-latka ma dzi\u015b trafi\u0107 do zak\u0142adu poprawczego o zaostrzonym rygorze w Zawierciu na \u015al\u0105sku. Wiadomo ju\u017c, \u017ce wszystkie osoby bior\u0105ce udzia\u0142 z zdarzeniu zna\u0142y si\u0119. Towarzystwo ma by\u0107 zwi\u0105zane z podwarszawskimi Markami. Jeden zatrzymanych jest rzekomo ch\u0142opakiem napastniczki. Mia\u0142 on ukry\u0107 n\u00f3\u017c, kt\u00f3rego u\u017cy\u0142a jego dziewczyna. Ta wed\u0142ug nieoficjalnych ustale\u0144 zaatakowa\u0142a 17-latka ze wzgl\u0119du na to, \u017ce by\u0142a w konflikcie z jego dziewczyn\u0105.\u00a0<br><\/p>\n","protected":false},"excerpt":{"rendered":"Nie \u017cyje 17-latek, kt\u00f3ry w pi\u0105tek wieczorem zosta\u0142 ugodzony no\u017cem w Warszawie. Nastolatek zosta\u0142 zaatakowany w pobli\u017cu stacji metra Centrum Nauki Kopernik. Pojawi\u0142y \n<a class=\"moretag\" href=\"https:\/\/lifevery.biz.ua\/?p=11058\"> [...]<\/a>","protected":false},"author":1,"featured_media":11059,"comment_status":"open","ping_status":"open","sticky":false,"template":"","format":"standard","meta":{"footnotes":""},"categories":[1],"tags":[],"class_list":["post-11058","post","type-post","status-publish","format-standard","has-post-thumbnail","hentry","category-blog"],"_links":{"self":[{"href":"https:\/\/lifevery.biz.ua\/index.php?rest_route=\/wp\/v2\/posts\/11058","targetHints":{"allow":["GET"]}}],"collection":[{"href":"https:\/\/lifevery.biz.ua\/index.php?rest_route=\/wp\/v2\/posts"}],"about":[{"href":"https:\/\/lifevery.biz.ua\/index.php?rest_route=\/wp\/v2\/types\/post"}],"author":[{"embeddable":true,"href":"https:\/\/lifevery.biz.ua\/index.php?rest_route=\/wp\/v2\/users\/1"}],"replies":[{"embeddable":true,"href":"https:\/\/lifevery.biz.ua\/index.php?rest_route=%2Fwp%2Fv2%2Fcomments&post=11058"}],"version-history":[{"count":1,"href":"https:\/\/lifevery.biz.ua\/index.php?rest_route=\/wp\/v2\/posts\/11058\/revisions"}],"predecessor-version":[{"id":11060,"href":"https:\/\/lifevery.biz.ua\/index.php?rest_route=\/wp\/v2\/posts\/11058\/revisions\/11060"}],"wp:featuredmedia":[{"embeddable":true,"href":"https:\/\/lifevery.biz.ua\/index.php?rest_route=\/wp\/v2\/media\/11059"}],"wp:attachment":[{"href":"https:\/\/lifevery.biz.ua\/index.php?rest_route=%2Fwp%2Fv2%2Fmedia&parent=11058"}],"wp:term":[{"taxonomy":"category","embeddable":true,"href":"https:\/\/lifevery.biz.ua\/index.php?rest_route=%2Fwp%2Fv2%2Fcategories&post=11058"},{"taxonomy":"post_tag","embeddable":true,"href":"https:\/\/lifevery.biz.ua\/index.php?rest_route=%2Fwp%2Fv2%2Ftags&post=11058"}],"curies":[{"name":"wp","href":"https:\/\/api.w.org\/{rel}","templated":true}]}}