{"id":11049,"date":"2026-04-28T10:02:19","date_gmt":"2026-04-28T10:02:19","guid":{"rendered":"https:\/\/lifevery.biz.ua\/?p=11049"},"modified":"2026-04-28T10:02:19","modified_gmt":"2026-04-28T10:02:19","slug":"czolowo-zderzyl-sie-z-tir-em-z-auta-zostaly-strzepy-nie-zyje-kierowca-ratownicy-byli-bezradni-2","status":"publish","type":"post","link":"https:\/\/lifevery.biz.ua\/?p=11049","title":{"rendered":"Czo\u0142owo zderzy\u0142 si\u0119 z TIR-em, z auta zosta\u0142y strz\u0119py. Nie \u017cyje kierowca, ratownicy byli bezradni"},"content":{"rendered":"\n<p>Tragiczny poranek na polskich drogach. W wypadku na jednej z tras wojew\u00f3dztwa warmi\u0144sko-mazurskiego zgin\u0105\u0142 kierowca samochodu osobowego. Jego auto zderzy\u0142o si\u0119 z ci\u0119\u017car\u00f3wk\u0105 na drodze krajowej nr 16 w okolicach Barczewa. Na miejscu wyst\u0119puj\u0105 powa\u017cne utrudnienia, policjanci wystosowali pilny apel do kierowc\u00f3w.&nbsp;<\/p>\n\n\n\n<p>Czo\u0142owe zderzenie ci\u0119\u017car\u00f3wki z osob\u00f3wk\u0105<br>Tragiczny wypadek na drodze krajowej numer 16 mi\u0119dzy \u0141egajnami a Barczewem. Jak informuje policja, zg\u0142oszenie o zdarzeniu wp\u0142yn\u0119\u0142o we wczesnych godzinach porannych w poniedzia\u0142ek. Dosz\u0142o do czo\u0142owego zderzenia samochodu osobowego i ci\u0119\u017car\u00f3wki, skutki s\u0105 koszmarne. Nie uda\u0142o si\u0119 uratowa\u0107 \u017cycia jednej z poszkodowanych os\u00f3b.\u00a0<br><\/p>\n\n\n\n<p>W wypadku ranny zosta\u0142 pasa\u017cer ci\u0119\u017car\u00f3wki, kt\u00f3ry podobnie jak kierowca osob\u00f3wki zosta\u0142 przewieziony do szpitala. Policjanci przebadali kieruj\u0105cego ci\u0119\u017carowym dafem alkomatem \u2013 by\u0142 trze\u017awy. Na miejscu zdarzenia pracuj\u0105 policjanci wraz z technikiem kryminalistyki, ich czynno\u015bci odbywaj\u0105 si\u0119 pod nadzorem prokuratora. Ruch na DK16 na odcinku Barczewo &#8211; \u0141\u0119gajny odbywa si\u0119 wahad\u0142owo, utrudnienia mog\u0105 potrwa\u0107 kilka godzin. Policjanci ponowili apel o zachowanie ostro\u017cno\u015bci na drogach, zw\u0142aszcza w tak trudnych warunkach pogodowych, jakie obserwowalne s\u0105 na Warmii i Mazurach, gdzie wyst\u0119puj\u0105 obecnie mg\u0142y.&nbsp;<\/p>\n\n\n\n<p>Aktualizacja: Kieruj\u0105cy pojazdem osobowym zmar\u0142 w szpitalu. W zdarzeniu ranny zosta\u0142 r\u00f3wnie\u017c pasa\u017cer ci\u0119\u017car\u00f3wki. Ruch na DK16 (Barczewo- \u0141\u0119gajny) odbywa si\u0119 wahad\u0142owo. Utrudnienia mog\u0105 potrwa\u0107 kilka godzin. Prosimy o cierpliwo\u015b\u0107 i, je\u015bli to mo\u017cliwe, wybranie innej trasy. pic.twitter.com\/at92ekkJKd<\/p>\n\n\n\n<p>\u2014 Policja Olsztyn (@kmpolsztyn) September 30, 2024<br>Rozwi\u0144<br>W wypadku ranny zosta\u0142 pasa\u017cer ci\u0119\u017car\u00f3wki, kt\u00f3ry podobnie jak kierowca osob\u00f3wki zosta\u0142 przewieziony do szpitala. Policjanci przebadali kieruj\u0105cego ci\u0119\u017carowym dafem alkomatem \u2013 by\u0142 trze\u017awy. Na miejscu zdarzenia pracuj\u0105 policjanci wraz z technikiem kryminalistyki, ich czynno\u015bci odbywaj\u0105 si\u0119 pod nadzorem prokuratora. Ruch na DK16 na odcinku Barczewo &#8211; \u0141\u0119gajny odbywa si\u0119 wahad\u0142owo, utrudnienia mog\u0105 potrwa\u0107 kilka godzin. Policjanci ponowili apel o zachowanie ostro\u017cno\u015bci na drogach, zw\u0142aszcza w tak trudnych warunkach pogodowych, jakie obserwowalne s\u0105 na Warmii i Mazurach, gdzie wyst\u0119puj\u0105 obecnie mg\u0142y.&nbsp;<\/p>\n\n\n\n<p>Aktualizacja: Kieruj\u0105cy pojazdem osobowym zmar\u0142 w szpitalu. W zdarzeniu ranny zosta\u0142 r\u00f3wnie\u017c pasa\u017cer ci\u0119\u017car\u00f3wki. Ruch na DK16 (Barczewo- \u0141\u0119gajny) odbywa si\u0119 wahad\u0142owo. Utrudnienia mog\u0105 potrwa\u0107 kilka godzin. Prosimy o cierpliwo\u015b\u0107 i, je\u015bli to mo\u017cliwe, wybranie innej trasy. pic.twitter.com\/at92ekkJKd<\/p>\n\n\n\n<p>\u2014 Policja Olsztyn (@kmpolsztyn) September 30, 2024<br>Rozwi\u0144<br><\/p>\n","protected":false},"excerpt":{"rendered":"Tragiczny poranek na polskich drogach. W wypadku na jednej z tras wojew\u00f3dztwa warmi\u0144sko-mazurskiego zgin\u0105\u0142 kierowca samochodu osobowego. Jego auto zderzy\u0142o si\u0119 z ci\u0119\u017car\u00f3wk\u0105 \n<a class=\"moretag\" href=\"https:\/\/lifevery.biz.ua\/?p=11049\"> [...]<\/a>","protected":false},"author":1,"featured_media":11050,"comment_status":"open","ping_status":"open","sticky":false,"template":"","format":"standard","meta":{"footnotes":""},"categories":[1],"tags":[],"class_list":["post-11049","post","type-post","status-publish","format-standard","has-post-thumbnail","hentry","category-blog"],"_links":{"self":[{"href":"https:\/\/lifevery.biz.ua\/index.php?rest_route=\/wp\/v2\/posts\/11049","targetHints":{"allow":["GET"]}}],"collection":[{"href":"https:\/\/lifevery.biz.ua\/index.php?rest_route=\/wp\/v2\/posts"}],"about":[{"href":"https:\/\/lifevery.biz.ua\/index.php?rest_route=\/wp\/v2\/types\/post"}],"author":[{"embeddable":true,"href":"https:\/\/lifevery.biz.ua\/index.php?rest_route=\/wp\/v2\/users\/1"}],"replies":[{"embeddable":true,"href":"https:\/\/lifevery.biz.ua\/index.php?rest_route=%2Fwp%2Fv2%2Fcomments&post=11049"}],"version-history":[{"count":1,"href":"https:\/\/lifevery.biz.ua\/index.php?rest_route=\/wp\/v2\/posts\/11049\/revisions"}],"predecessor-version":[{"id":11051,"href":"https:\/\/lifevery.biz.ua\/index.php?rest_route=\/wp\/v2\/posts\/11049\/revisions\/11051"}],"wp:featuredmedia":[{"embeddable":true,"href":"https:\/\/lifevery.biz.ua\/index.php?rest_route=\/wp\/v2\/media\/11050"}],"wp:attachment":[{"href":"https:\/\/lifevery.biz.ua\/index.php?rest_route=%2Fwp%2Fv2%2Fmedia&parent=11049"}],"wp:term":[{"taxonomy":"category","embeddable":true,"href":"https:\/\/lifevery.biz.ua\/index.php?rest_route=%2Fwp%2Fv2%2Fcategories&post=11049"},{"taxonomy":"post_tag","embeddable":true,"href":"https:\/\/lifevery.biz.ua\/index.php?rest_route=%2Fwp%2Fv2%2Ftags&post=11049"}],"curies":[{"name":"wp","href":"https:\/\/api.w.org\/{rel}","templated":true}]}}