{"id":1103,"date":"2026-01-25T12:58:01","date_gmt":"2026-01-25T12:58:01","guid":{"rendered":"https:\/\/lifevery.biz.ua\/?p=1103"},"modified":"2026-01-25T12:58:01","modified_gmt":"2026-01-25T12:58:01","slug":"ludzie-nie-mogli-dluzej-wytrzymac-wyszli-na-ulice-ogromna-awantura-tusk-potwierdzil-zamkniecie-2","status":"publish","type":"post","link":"https:\/\/lifevery.biz.ua\/?p=1103","title":{"rendered":"Ludzie nie mogli d\u0142u\u017cej wytrzyma\u0107, wyszli na ulice. Ogromna awantura, Tusk potwierdzi\u0142 zamkni\u0119cie"},"content":{"rendered":"\n<p>Jeszcze kilka dni temu sp\u00f3r o los zwierz\u0105t toczy\u0142 si\u0119 g\u0142\u00f3wnie w mediach spo\u0142eczno\u015bciowych. W pi\u0105tek przeni\u00f3s\u0142 si\u0119 na ulice niewielkiego Sobolewa i b\u0142yskawicznie podzieli\u0142 lokaln\u0105 spo\u0142eczno\u015b\u0107. Jedni przyszli alarmowa\u0107 o dramacie ps\u00f3w, inni broni\u0107 w\u0142adz gminy i podwa\u017ca\u0107 oskar\u017cenia aktywist\u00f3w. Gdy emocje si\u0119ga\u0142y zenitu, z Warszawy pop\u0142yn\u0105\u0142 komunikat, kt\u00f3ry przes\u0105dzi\u0142 o dalszym losie schroniska.<\/p>\n\n\n\n<ul class=\"wp-block-list\">\n<li>Czytaj te\u017c:\u00a0<a href=\"https:\/\/wlocie.pl\/polityka\/tusk-publicznie-upokorzyl-nawrockiego-i-kaczynskiego-ludzie-niedowierzali-w-to-co-napisal-ludzie-patrza\">Tusk publicznie upokorzy\u0142 Nawrockiego i Kaczy\u0144skiego. Ludzie niedowierzali w to co napisa\u0142: \u201eLudzie patrz\u0105\u2026\u201d<\/a><\/li>\n<\/ul>\n\n\n\n<h2 class=\"wp-block-heading\">Protest w Sobolewie wok\u00f3\u0142 schroniska Happy Dog<\/h2>\n\n\n\n<p>24 stycznia do Sobolewa przyjecha\u0142a redakcja \u201eFaktu\u201d, by relacjonowa\u0107 protest zwi\u0105zany z zarzutami wobec schroniska Happy Dog. Na miejscu szybko okaza\u0142o si\u0119, \u017ce nie ma jednej wersji wydarze\u0144. Naprzeciw siebie stan\u0119li aktywi\u015bci oraz cz\u0119\u015b\u0107 mieszka\u0144c\u00f3w m\u00f3wi\u0105cych o fatalnych warunkach, w jakich maj\u0105 przebywa\u0107 psy, a tak\u017ce osoby zdecydowanie broni\u0105ce w\u00f3jta gminy.<\/p>\n\n\n\n<p>Zamiast wsp\u00f3lnego apelu pojawi\u0142y si\u0119 wzajemne pretensje. Pada\u0142y oskar\u017cenia o \u201enagonk\u0119\u201d, niszczenie wizerunku miejscowo\u015bci i manipulowanie opini\u0105 publiczn\u0105. Atmosfera g\u0119stnia\u0142a z ka\u017cd\u0105 minut\u0105, a rozmowy szybko przeradza\u0142y si\u0119 w ostre wymiany zda\u0144.<\/p>\n\n\n\n<p>Jedni zarzucali w\u0142adzom brak reakcji na sygna\u0142y o cierpieniu zwierz\u0105t. Drudzy przekonywali, \u017ce skala problemu zosta\u0142a sztucznie wyolbrzymiona, a Sobolewo nies\u0142usznie sta\u0142o si\u0119 celem ataku w internecie.<\/p>\n\n\n\n<h2 class=\"wp-block-heading\">Mieszka\u0144cy broni\u0105 w\u00f3jta. Padaj\u0105 mocne deklaracje poparcia<\/h2>\n\n\n\n<p>Podczas protestu wyra\u017anie s\u0142ycha\u0107 by\u0142o g\u0142osy wsparcia dla w\u0142odarza gminy. Cz\u0119\u015b\u0107 mieszka\u0144c\u00f3w nie kry\u0142a oburzenia wobec zarzut\u00f3w kierowanych pod adresem samorz\u0105du.<\/p>\n\n\n\n<iframe loading=\"lazy\" src=\"https:\/\/www.facebook.com\/plugins\/post.php?href=https%3A%2F%2Fwww.facebook.com%2Fpogotowiedlazwierzat%2Fposts%2Fpfbid07YmsWLDUPj6LNT1C11vBLZnn5iAY612YUFcLxKYPdBJLCHKMMCPJ7yxAC7D93rhXl&#038;show_text=true&#038;width=500\" width=\"500\" height=\"250\" style=\"border:none;overflow:hidden\" scrolling=\"no\" frameborder=\"0\" allowfullscreen=\"true\" allow=\"autoplay; clipboard-write; encrypted-media; picture-in-picture; web-share\"><\/iframe>\n\n\n\n\n\n<blockquote class=\"wp-block-quote is-layout-flow wp-block-quote-is-layout-flow\">\n<p>\u2013 Jeden z najlepszych w\u00f3jt\u00f3w. Robi\u0142 wszystkie drogi, gdzie mo\u017cna by\u0142o. Najlepszy w\u00f3jt, jakiego mieli\u015bmy do tej pory praktycznie \u2013 m\u00f3wi\u0142 jeden z uczestnik\u00f3w zgromadzenia w rozmowie z \u201eFaktem\u201d.<\/p>\n<\/blockquote>\n\n\n\n<p>Dla obro\u0144c\u00f3w w\u0142adz kluczowe by\u0142y inwestycje i codzienne funkcjonowanie gminy. Ich zdaniem to dow\u00f3d, \u017ce Sobolewo jest dobrze zarz\u0105dzane, a zarzuty wobec schroniska nie oddaj\u0105 rzeczywisto\u015bci.<\/p>\n\n\n\n<p>Kiedy reporterka zapyta\u0142a wprost o los zwierz\u0105t i doniesienia o z\u0142ych warunkach, odpowiedzi by\u0142y jednoznaczne.<\/p>\n\n\n\n<blockquote class=\"wp-block-quote is-layout-flow wp-block-quote-is-layout-flow\">\n<p>\u2013 Nie, prosz\u0119 pani, ja adoptowa\u0142em tam i psa, i kota i ja nie widzia\u0142em, \u017ceby tam by\u0142y jakie\u015b nie wiem co z\u0142e warunki albo z\u0142e traktowanie tych zwierz\u0105t. Wr\u0119cz przeciwnie \u2013 stwierdzi\u0142 jeden z m\u0119\u017cczyzn.<\/p>\n<\/blockquote>\n\n\n\n<blockquote class=\"wp-block-quote is-layout-flow wp-block-quote-is-layout-flow\">\n<p>\u2013 Ja te\u017c nie widzia\u0142em \u2013 doda\u0142 kolejny rozm\u00f3wca.<\/p>\n<\/blockquote>\n\n\n\n<h2 class=\"wp-block-heading\">Zdj\u0119cia ze schroniska podwa\u017cane. Ostre zarzuty wobec aktywist\u00f3w<\/h2>\n\n\n\n<p>Jednym z najbardziej zapalnych punkt\u00f3w sporu by\u0142y zdj\u0119cia i nagrania publikowane w internecie. Wed\u0142ug aktywist\u00f3w maj\u0105 one dokumentowa\u0107 skrajnie wychudzone psy i z\u0142e warunki panuj\u0105ce w schronisku Happy Dog. Materia\u0142y te wywo\u0142a\u0142y ogromne emocje w ca\u0142ym kraju.<\/p>\n\n\n\n<p>Podczas protestu wielu mieszka\u0144c\u00f3w kwestionowa\u0142o jednak ich autentyczno\u015b\u0107.<\/p>\n\n\n\n<blockquote class=\"wp-block-quote is-layout-flow wp-block-quote-is-layout-flow\">\n<p>\u2013 Nie wiadomo, czy to jest stamt\u0105d. R\u00f3\u017cnie to mo\u017cna interpretowa\u0107 \u2013 m\u00f3wili uczestnicy zgromadzenia.<\/p>\n<\/blockquote>\n\n\n\n<p>Najostrzejsze s\u0142owa pada\u0142y pod adresem organizacji zajmuj\u0105cych si\u0119 ochron\u0105 zwierz\u0105t. Pojawi\u0142y si\u0119 sugestie o pr\u00f3bie przej\u0119cia schroniska i zarzuty dotycz\u0105ce rzekomych interes\u00f3w finansowych.<\/p>\n\n\n\n<blockquote class=\"wp-block-quote is-layout-flow wp-block-quote-is-layout-flow\">\n<p>\u2013 Jakie\u015b stowarzyszenie idiotyczne chce to przej\u0105\u0107, bo to dobry biznes z tego jest. Stowarzyszenie nie podlega kontroli weterynaryjnej i b\u0119d\u0105 mieli pole do popisu wtedy \u2013 m\u00f3wi\u0142 jeden z obro\u0144c\u00f3w obecnego zarz\u0105dzania plac\u00f3wk\u0105.<\/p>\n<\/blockquote>\n\n\n\n<h2 class=\"wp-block-heading\">Donald Tusk reaguje. Zapad\u0142a decyzja o zamkni\u0119ciu schroniska<\/h2>\n\n\n\n<p>Gdy w Sobolewie trwa\u0142a awantura, sprawa nabra\u0142a og\u00f3lnopolskiego wymiaru. G\u0142os zabra\u0142 premier&nbsp;<strong>Donald Tusk<\/strong>, kt\u00f3ry odni\u00f3s\u0142 si\u0119 do sytuacji zwierz\u0105t i dzia\u0142a\u0144 s\u0142u\u017cb.<\/p>\n\n\n\n<blockquote class=\"wp-block-quote is-layout-flow wp-block-quote-is-layout-flow\">\n<p>\u2013 Schronisko w Sobolewie to kolejny dow\u00f3d na to, \u017ce ludziom desperacko brakuje tego, czego mo\u017cemy uczy\u0107 si\u0119 od ps\u00f3w: mi\u0142o\u015bci, wierno\u015bci, charakteru \u2013 napisa\u0142 premier.<\/p>\n<\/blockquote>\n\n\n\n<p>W kolejnym wpisie przekaza\u0142 kluczow\u0105 informacj\u0119.<\/p>\n\n\n\n<blockquote class=\"wp-block-quote is-layout-flow wp-block-quote-is-layout-flow\">\n<p>\u2013 Powiatowy Lekarz Weterynarii zamkn\u0105\u0142 dzi\u015b to schronisko. Nie b\u0119dzie taryfy ulgowej dla tych, kt\u00f3rzy skazuj\u0105 zwierz\u0119ta na cierpienie \u2013 poinformowa\u0142 Donald Tusk.<\/p>\n<\/blockquote>\n\n\n\n<p>Decyzja o zamkni\u0119ciu schroniska zako\u0144czy\u0142a lokalny sp\u00f3r administracyjn\u0105 interwencj\u0105. Dla jednych by\u0142a potwierdzeniem najgorszych obaw, dla innych szokuj\u0105cym fina\u0142em konfliktu, kt\u00f3ry \u2013 jak twierdz\u0105 \u2013 opiera\u0142 si\u0119 na niepe\u0142nych lub podwa\u017canych informacjach. Jedno jest pewne: sprawa Sobolewa przesta\u0142a by\u0107 lokalna, a jej konsekwencje odczuwalne s\u0105 daleko poza granicami gminy.<\/p>\n","protected":false},"excerpt":{"rendered":"Jeszcze kilka dni temu sp\u00f3r o los zwierz\u0105t toczy\u0142 si\u0119 g\u0142\u00f3wnie w mediach spo\u0142eczno\u015bciowych. W pi\u0105tek przeni\u00f3s\u0142 si\u0119 na ulice niewielkiego Sobolewa i \n<a class=\"moretag\" href=\"https:\/\/lifevery.biz.ua\/?p=1103\"> [...]<\/a>","protected":false},"author":1,"featured_media":0,"comment_status":"open","ping_status":"open","sticky":false,"template":"","format":"standard","meta":{"footnotes":""},"categories":[1],"tags":[],"class_list":["post-1103","post","type-post","status-publish","format-standard","hentry","category-blog"],"_links":{"self":[{"href":"https:\/\/lifevery.biz.ua\/index.php?rest_route=\/wp\/v2\/posts\/1103","targetHints":{"allow":["GET"]}}],"collection":[{"href":"https:\/\/lifevery.biz.ua\/index.php?rest_route=\/wp\/v2\/posts"}],"about":[{"href":"https:\/\/lifevery.biz.ua\/index.php?rest_route=\/wp\/v2\/types\/post"}],"author":[{"embeddable":true,"href":"https:\/\/lifevery.biz.ua\/index.php?rest_route=\/wp\/v2\/users\/1"}],"replies":[{"embeddable":true,"href":"https:\/\/lifevery.biz.ua\/index.php?rest_route=%2Fwp%2Fv2%2Fcomments&post=1103"}],"version-history":[{"count":1,"href":"https:\/\/lifevery.biz.ua\/index.php?rest_route=\/wp\/v2\/posts\/1103\/revisions"}],"predecessor-version":[{"id":1104,"href":"https:\/\/lifevery.biz.ua\/index.php?rest_route=\/wp\/v2\/posts\/1103\/revisions\/1104"}],"wp:attachment":[{"href":"https:\/\/lifevery.biz.ua\/index.php?rest_route=%2Fwp%2Fv2%2Fmedia&parent=1103"}],"wp:term":[{"taxonomy":"category","embeddable":true,"href":"https:\/\/lifevery.biz.ua\/index.php?rest_route=%2Fwp%2Fv2%2Fcategories&post=1103"},{"taxonomy":"post_tag","embeddable":true,"href":"https:\/\/lifevery.biz.ua\/index.php?rest_route=%2Fwp%2Fv2%2Ftags&post=1103"}],"curies":[{"name":"wp","href":"https:\/\/api.w.org\/{rel}","templated":true}]}}