{"id":1097,"date":"2026-01-25T12:53:26","date_gmt":"2026-01-25T12:53:26","guid":{"rendered":"https:\/\/lifevery.biz.ua\/?p=1097"},"modified":"2026-01-25T12:53:26","modified_gmt":"2026-01-25T12:53:26","slug":"mandaryna-skrytykowala-maryle-rodowicz-jedno-pytanie-i-zrobilo-sie-niezrecznie","status":"publish","type":"post","link":"https:\/\/lifevery.biz.ua\/?p=1097","title":{"rendered":"Mandaryna skrytykowa\u0142a Maryl\u0119 Rodowicz. Jedno pytanie i zrobi\u0142o si\u0119 niezr\u0119cznie"},"content":{"rendered":"\n<p>Jeszcze cztery dni temu sta\u0142y na tej samej scenie podczas sylwestra TVP w Katowicach. Teraz Mandaryna zaskoczy\u0142a w wywiadzie radiowym, bo poproszona o wskazanie najmniej sympatycznej postaci z polskiego show-biznesu, wymieni\u0142a Maryl\u0119 Rodowicz. I od razu by\u0142o jasne, \u017ce to nie jest przypadkowe nazwisko.<\/p>\n\n\n\n<p>Czytaj te\u017c: Pot\u0119\u017cne uderzenie zimy. Masa \u015bniegu zasypa\u0142a p\u00f3\u0142nocn\u0105 Polsk\u0119<br>\u201eNie otaczam si\u0119 lud\u017ami\u2026\u201d Mandaryna d\u0142ugo unika\u0142a odpowiedzi<br>W rozmowie pad\u0142o proste pytanie, ale Mandaryna nie posz\u0142a w oczywiste \u201ewyliczanki\u201d. Najpierw podkre\u015bli\u0142a, \u017ce zwykle trzyma si\u0119 z dala od toksycznych relacji i wybiera spok\u00f3j.<\/p>\n\n\n\n<p>\u201eJa nie otaczam si\u0119 lud\u017ami, kt\u00f3rzy s\u0105 mi jacy\u015b ma\u0142o \u017cyczliwi, niefajni. Z artystami troch\u0119 tak bywa, \u017ce nawet jak kogo\u015b nie lubi\u0105, to i tak si\u0119 do niego u\u015bmiechaj\u0105. Nie wiem, wi\u0119c, kto mnie nie lubi\u2026\u201d<\/p>\n\n\n\n<p>To brzmia\u0142o jak pr\u00f3ba zej\u015bcia z tematu. Ale prowadz\u0105cy mia\u0142 doprecyzowa\u0107 pytanie i poprosi\u0107 o konkret.<\/p>\n\n\n\n<p>\u201eZostan\u0119 przy tym nazwisku\u201d. Pad\u0142o: Rodowicz<br>Kiedy rozmowa nie odpuszcza\u0142a, Mandaryna w ko\u0144cu wskaza\u0142a nazwisko. Nie zrobi\u0142a tego w formie ataku. Raczej w tonie: \u201eskoro mam powiedzie\u0107, to powiem\u201d.<\/p>\n\n\n\n<p>\u201eWiem, \u017ce kiedy\u015b jako\u015b niemi\u0142o o mnie powiedzia\u0142a Maryla Rodowicz, wi\u0119c zostan\u0119 przy tym nazwisku.\u201d<\/p>\n\n\n\n<p>W kolejnych s\u0142owach Mandaryna zasugerowa\u0142a, \u017ce dosz\u0142y j\u0105 sygna\u0142y, i\u017c Rodowicz mia\u0142a o niej m\u00f3wi\u0107 nieprzychylnie.<\/p>\n\n\n\n<p>\u201eBo ja po prostu nie wiem, czy jest sympatyczna czy niesympatyczna, wiem, \u017ce chyba jako\u015b za mn\u0105 nie przepada.\u201d<\/p>\n\n\n\n<p>To w\u0142a\u015bnie ten fragment mo\u017ce najmocniej \u201eusi\u0105\u015b\u0107\u201d widzom i czytelnikom. Bo tu nie ma \u017cartu ani przekomarzania. Jest zwyk\u0142e, ludzkie rozczarowanie.<\/p>\n\n\n\n<p>Dawna wypowied\u017a Rodowicz wraca jak bumerang<br>W tek\u015bcie pojawia si\u0119 te\u017c przypomnienie, \u017ce Maryla Rodowicz mia\u0142a wcze\u015bniej publicznie wypowiada\u0107 si\u0119 o Mandarynie ch\u0142odno i kwestionowa\u0107 jej status \u201egwiazdy\u201d. Padaj\u0105 s\u0142owa, kt\u00f3re po latach nadal potrafi\u0105 uku\u0107.<\/p>\n\n\n\n<p>\u201eU nas co druga osoba, kt\u00f3ra pojawi si\u0119 na \u015bciance to gwiazda\u2026 Przepraszam, je\u015bli Mandaryna jest gwiazd\u0105, to kim ja jestem? Caryc\u0105?!\u201d<\/p>\n\n\n\n<p>W tym kontek\u015bcie obecne wyznanie Mandaryny przestaje wygl\u0105da\u0107 jak \u201esensacja znik\u0105d\u201d. To raczej powr\u00f3t do rzeczy, kt\u00f3re kiedy\u015b zabola\u0142y, a teraz wyp\u0142yn\u0119\u0142y w rozmowie.<\/p>\n\n\n\n<p>Wsp\u00f3lna scena nie zawsze znaczy wsp\u00f3lne emocje<br>To jest te\u017c jedna z tych historii, kt\u00f3re obna\u017caj\u0105 kulisy show-biznesu. Na scenie: u\u015bmiechy, muzyka, \u015bwiat\u0142a. W kuluarach: pami\u0119\u0107, urazy, komentarze, kt\u00f3re kto\u015b us\u0142ysza\u0142 \u201eod kogo\u015b\u201d. Mandaryna powiedzia\u0142a to wprost \u2013 w bran\u017cy bywa tak, \u017ce nawet je\u015bli relacje s\u0105 ch\u0142odne, to na zewn\u0105trz wszystko wygl\u0105da poprawnie.<\/p>\n\n\n\n<p>I by\u0107 mo\u017ce dlatego ta wypowied\u017a tak przyci\u0105ga uwag\u0119. Bo jest o tym, co zwykle zostaje przemilczane.<\/p>\n","protected":false},"excerpt":{"rendered":"Jeszcze cztery dni temu sta\u0142y na tej samej scenie podczas sylwestra TVP w Katowicach. Teraz Mandaryna zaskoczy\u0142a w wywiadzie radiowym, bo poproszona o \n<a class=\"moretag\" href=\"https:\/\/lifevery.biz.ua\/?p=1097\"> [...]<\/a>","protected":false},"author":1,"featured_media":1098,"comment_status":"open","ping_status":"open","sticky":false,"template":"","format":"standard","meta":{"footnotes":""},"categories":[1],"tags":[],"class_list":["post-1097","post","type-post","status-publish","format-standard","has-post-thumbnail","hentry","category-blog"],"_links":{"self":[{"href":"https:\/\/lifevery.biz.ua\/index.php?rest_route=\/wp\/v2\/posts\/1097","targetHints":{"allow":["GET"]}}],"collection":[{"href":"https:\/\/lifevery.biz.ua\/index.php?rest_route=\/wp\/v2\/posts"}],"about":[{"href":"https:\/\/lifevery.biz.ua\/index.php?rest_route=\/wp\/v2\/types\/post"}],"author":[{"embeddable":true,"href":"https:\/\/lifevery.biz.ua\/index.php?rest_route=\/wp\/v2\/users\/1"}],"replies":[{"embeddable":true,"href":"https:\/\/lifevery.biz.ua\/index.php?rest_route=%2Fwp%2Fv2%2Fcomments&post=1097"}],"version-history":[{"count":1,"href":"https:\/\/lifevery.biz.ua\/index.php?rest_route=\/wp\/v2\/posts\/1097\/revisions"}],"predecessor-version":[{"id":1099,"href":"https:\/\/lifevery.biz.ua\/index.php?rest_route=\/wp\/v2\/posts\/1097\/revisions\/1099"}],"wp:featuredmedia":[{"embeddable":true,"href":"https:\/\/lifevery.biz.ua\/index.php?rest_route=\/wp\/v2\/media\/1098"}],"wp:attachment":[{"href":"https:\/\/lifevery.biz.ua\/index.php?rest_route=%2Fwp%2Fv2%2Fmedia&parent=1097"}],"wp:term":[{"taxonomy":"category","embeddable":true,"href":"https:\/\/lifevery.biz.ua\/index.php?rest_route=%2Fwp%2Fv2%2Fcategories&post=1097"},{"taxonomy":"post_tag","embeddable":true,"href":"https:\/\/lifevery.biz.ua\/index.php?rest_route=%2Fwp%2Fv2%2Ftags&post=1097"}],"curies":[{"name":"wp","href":"https:\/\/api.w.org\/{rel}","templated":true}]}}