{"id":1094,"date":"2026-01-25T12:52:13","date_gmt":"2026-01-25T12:52:13","guid":{"rendered":"https:\/\/lifevery.biz.ua\/?p=1094"},"modified":"2026-01-25T12:52:13","modified_gmt":"2026-01-25T12:52:13","slug":"michal-wisniewski-przerwal-milczenie-po-sylwestrze-tvp-wszystkich-przeprasza","status":"publish","type":"post","link":"https:\/\/lifevery.biz.ua\/?p=1094","title":{"rendered":"Micha\u0142 Wi\u015bniewski przerwa\u0142 milczenie po sylwestrze TVP. Wszystkich przeprasza"},"content":{"rendered":"\n<p>Sylwestrowa noc w telewizji mia\u0142a by\u0107 pewniakiem: hity, konfetti, szybkie tempo i prowadz\u0105cy, kt\u00f3rzy nios\u0105 energi\u0119 do p\u00f3\u0142nocy. Tym razem jednak na scenie TVP dzia\u0142o si\u0119 tyle, \u017ce widzowie bardziej ni\u017c setlist\u0119 zapami\u0119tali potkni\u0119cia, awarie i nerwowe momenty.<strong>&nbsp;Micha\u0142 Wi\u015bniewski<\/strong>&nbsp;by\u0142 tego wieczoru w samym \u015brodku wydarze\u0144. Nie tylko \u015bpiewa\u0142, ale te\u017c wsp\u00f3\u0142prowadzi\u0142. I w\u0142a\u015bnie po tej roli zosta\u0142 mu w g\u0142owie najwi\u0119kszy zgrzyt. Artysta, po fali komentarzy, opublikowa\u0142 wpis, w kt\u00f3rym wprost przeprosi\u0142 i przyzna\u0142, \u017ce nie wszystko posz\u0142o tak, jak powinno.<\/p>\n\n\n\n<ul class=\"wp-block-list\">\n<li>Zobacz r\u00f3wnie\u017c:\u00a0<a href=\"https:\/\/wlocie.pl\/gwiazdy\/w-srodku-nocy-przekazali-pilne-doniesienia-ws-cugowskiego-jest-zle\">W \u015brodku nocy przekazali pilne doniesienia ws. Cugowskiego. Jest \u017ale<\/a><\/li>\n<\/ul>\n\n\n\n<h2 class=\"wp-block-heading\">Sylwester TVP z seri\u0105 problem\u00f3w. Scena nie odpuszcza\u0142a nikomu<\/h2>\n\n\n\n<p>Wpadki i utrudnienia pojawia\u0142y si\u0119 jedna po drugiej, a cz\u0119\u015b\u0107 z nich by\u0142a zwyczajnie \u201epogodowa\u201d i techniczna. Swoj\u0105 relacj\u0119 opisa\u0142a Maryla Rodowicz, kt\u00f3ra zwr\u00f3ci\u0142a uwag\u0119 na warunki na scenie i awari\u0119 ods\u0142uchu. W jej s\u0142owach s\u0142ycha\u0107 by\u0142o bezradno\u015b\u0107 wobec tego, co dzia\u0142o si\u0119 w trakcie wyst\u0119pu.<\/p>\n\n\n\n<blockquote class=\"wp-block-quote is-layout-flow wp-block-quote-is-layout-flow\">\n<p>\u201eA na scenie, na hu\u015btawce wiatr tak wia\u0142, \u017ce w\u0142osy, grzywka, misternie u\u0142o\u017cona fryzura (\u2026), ju\u017c nie mia\u0142am na nic wp\u0142ywu, wszystko posz\u0142o hen sobie\u201d.<\/p>\n<\/blockquote>\n\n\n\n<p>Do tego dosz\u0142y sytuacje, kt\u00f3re widzowie natychmiast&nbsp;<a href=\"http:\/\/interia.pl\/\">wy\u0142apuj\u0105<\/a>, bo kamera ich nie \u201ezmi\u0119kcza\u201d. W mediach pojawi\u0142y si\u0119 te\u017c komentarze o potkni\u0119ciu Margaret tu\u017c po wej\u015bciu na scen\u0119.<\/p>\n\n\n\n<p>Atmosfera by\u0142a wi\u0119c taka, \u017ce nawet drobiazg potrafi\u0142 urosn\u0105\u0107 do rangi \u201ewielkiej wpadki\u201d, bo sylwester to moment, kiedy publiczno\u015b\u0107 jest wyj\u0105tkowo czujna. I cz\u0119sto por\u00f3wnuje wszystko z poprzednimi latami, minuta po minucie.<\/p>\n\n\n\n<h2 class=\"wp-block-heading\">Micha\u0142 Wi\u015bniewski nie tylko \u015bpiewa\u0142. W roli wsp\u00f3\u0142prowadz\u0105cego posz\u0142o najtrudniej<\/h2>\n\n\n\n<p>Wyst\u0119p Micha\u0142a Wi\u015bniewskiego i jego obecno\u015b\u0107 na scenie mia\u0142y dwa wymiary. Z jednej strony klasyka, czyli artysta jako wykonawca. Z drugiej, dodatkowe zadanie, czyli prowadzenie wielkiej imprezy na \u017cywo.<\/p>\n\n\n\n<p>Podczas wyst\u0119pu w duecie z Mandaryn\u0105 dosz\u0142o te\u017c do nieprzyjemnej sytuacji na scenie, jedna z tancerek przewr\u00f3ci\u0142a si\u0119 w trakcie uk\u0142adu. To s\u0105 te sekundy, kiedy wszystko dzieje si\u0119 szybko i nikt nie ma luksusu powt\u00f3rki.<\/p>\n\n\n\n<p>Jednak, jak wynika z reakcji w sieci, najwi\u0119ksze emocje wzbudzi\u0142y momenty \u201eprowadz\u0105ce\u201d, bo tam liczy si\u0119 s\u0142owo, timing i pewno\u015b\u0107. A Wi\u015bniewski sam przyzna\u0142, \u017ce w tej roli nie czu\u0142 si\u0119 na sto procent.<\/p>\n\n\n\n<h2 class=\"wp-block-heading\">Micha\u0142 Wi\u015bniewski: \u201eWzi\u0105\u0142em na siebie bardzo, bardzo wiele\u201d<\/h2>\n\n\n\n<p>Po sylwestrze lider Ich Troje odni\u00f3s\u0142 si\u0119 do komentarzy i napisa\u0142 wprost, \u017ce w minionym czasie mia\u0142 na g\u0142owie wyj\u0105tkowo du\u017co spraw. Wymieni\u0142 mi\u0119dzy innymi budow\u0119 domu, jubileusz, du\u017c\u0105 scen\u0119 Pol\u2019and\u2019Rock Festival i dopiero na ko\u0144cu, jak sam to uj\u0105\u0142, \u201ena deser\u201d wsp\u00f3\u0142prowadzenie sylwestra.<\/p>\n\n\n\n<blockquote class=\"wp-block-quote is-layout-flow wp-block-quote-is-layout-flow\">\n<p>\u201eW tym roku wzi\u0105\u0142em na siebie bardzo, bardzo wiele. Budowa domu (ci\u0105g\u0142a), Jubileusz (\u2026). Du\u017ca scena Pol\u2019and\u2019Rock Festival i jakby opr\u00f3cz corocznego wyst\u0119pu na scenie by\u0142o ma\u0142o, to na deser wyst\u0105pi\u0142em jako wsp\u00f3\u0142prowadz\u0105cy\u201d.<\/p>\n<\/blockquote>\n\n\n\n<p>To wa\u017cny fragment, bo pokazuje, \u017ce on sam \u0142\u0105czy te sytuacje w jedn\u0105 ca\u0142o\u015b\u0107: kumulacja obowi\u0105zk\u00f3w, du\u017ca presja, potem wyst\u0119p na \u017cywo, a na koniec internet, kt\u00f3ry nie zapomina niczego.<\/p>\n\n\n\n<h2 class=\"wp-block-heading\">\u201eRoi\u0142o si\u0119 od faux-pas\u201d. Wi\u015bniewski przeprasza i stawia spraw\u0119 jasno<\/h2>\n\n\n\n<p>Najmocniejsze s\u0142owa pad\u0142y wtedy, gdy przyzna\u0142, \u017ce zdaje sobie spraw\u0119 z w\u0142asnych pomy\u0142ek i nie chce ich zamiata\u0107 pod dywan. Wprost napisa\u0142, \u017ce na swoich koncertach ma wi\u0119ksz\u0105 swobod\u0119, ale tu pojawi\u0142o si\u0119 za du\u017co nietakt\u00f3w.<\/p>\n\n\n\n<blockquote class=\"wp-block-quote is-layout-flow wp-block-quote-is-layout-flow\">\n<p>\u201eChcia\u0142bym wszystkim bardzo serdecznie podzi\u0119kowa\u0107 za wsparcie. To dla mnie du\u017co znaczy i przetrwa\u0142em. Ale kto mnie zna, ten wie, \u017ce najwi\u0119kszym swoim krytykiem jestem ja sam. I o ile na swoich wyst\u0119pach mog\u0119 robi\u0107, co mi si\u0119 \u017cywnie podoba (wiadomo, m\u00f3j cyrk\u2026) to tu roi\u0142o si\u0119 od faux-pas i pomy\u0142ek, za kt\u00f3re wszystkich serdecznie przepraszam\u201d.<\/p>\n<\/blockquote>\n\n\n\n<p>I doda\u0142 jeszcze jedn\u0105 rzecz, kt\u00f3ra brzmi jak pr\u00f3ba postawienia kropki. Zwr\u00f3ci\u0142 uwag\u0119, \u017ce cz\u0119\u015b\u0107 widz\u00f3w w\u0142\u0105cza telewizor w\u0142a\u015bnie tylko w sylwestra, wi\u0119c wra\u017cenie zostaje na d\u0142ugo.<\/p>\n\n\n\n<blockquote class=\"wp-block-quote is-layout-flow wp-block-quote-is-layout-flow\">\n<p>\u201eW\u015br\u00f3d Was jest wielu, kt\u00f3rzy tylko tego dnia ogl\u0105daj\u0105 telewizj\u0119, wi\u0119c ma prawo pozosta\u0107 niesmak. Ale c\u00f3\u017c ja poradz\u0119, jestem, jaki jestem \u2013 niedoskona\u0142y\u201d.<\/p>\n<\/blockquote>\n\n\n\n<p>To przeprosiny, ale te\u017c bardzo typowe dla Wi\u015bniewskiego zdanie o sobie: bez wyg\u0142adzania, bez udawania, \u017ce nic si\u0119 nie sta\u0142o.<\/p>\n\n\n\n<h2 class=\"wp-block-heading\">Co wiemy na pewno<\/h2>\n\n\n\n<ul class=\"wp-block-list\">\n<li>Sylwester TVP przyni\u00f3s\u0142 seri\u0119 nieprzewidzianych wpadek i problem\u00f3w na scenie.<\/li>\n\n\n\n<li>Maryla Rodowicz m\u00f3wi\u0142a o silnym wietrze i awarii ods\u0142uchu, kt\u00f3ra utrudni\u0142a wyst\u0119p.<\/li>\n\n\n\n<li>Pojawi\u0142y si\u0119 doniesienia o potkni\u0119ciu Margaret po wej\u015bciu na scen\u0119.<\/li>\n\n\n\n<li>Micha\u0142 Wi\u015bniewski wyst\u0105pi\u0142 jako wykonawca i wsp\u00f3\u0142prowadz\u0105cy, a po krytyce przeprosi\u0142 za pomy\u0142ki i faux-pas.<\/li>\n\n\n\n<li>Artysta t\u0142umaczy\u0142, \u017ce mia\u0142 na siebie na\u0142o\u017conych bardzo wiele obowi\u0105zk\u00f3w w ostatnim czasie.<\/li>\n<\/ul>\n\n\n\n<p>W takich sytuacjach zwykle dziej\u0105 si\u0119 dwie rzeczy r\u00f3wnolegle: cz\u0119\u015b\u0107 widz\u00f3w szybko zapomina, bo sylwester \u017cyje kr\u00f3tko, a cz\u0119\u015b\u0107 wypomina \u201ewpadki\u201d jeszcze d\u0142ugo, bo telewizja na \u017cywo lubi wraca\u0107 w formie klip\u00f3w i mem\u00f3w.<\/p>\n\n\n\n<p>Je\u015bli Wi\u015bniewski ma wraca\u0107 do roli wsp\u00f3\u0142prowadz\u0105cego, kluczowe b\u0119dzie jedno: komfort w tej funkcji. Bo scena koncertowa rz\u0105dzi si\u0119 innymi prawami ni\u017c prowadzenie du\u017cej transmisji, gdzie ka\u017cde s\u0142owo jest \u201ena wag\u0119 z\u0142ota\u201d.<\/p>\n\n\n\n<p>Wyst\u0119py na \u017cywo to \u015brodowisko wysokiego ryzyka: pogoda, realizacja, ods\u0142uch, tempo, przekaz re\u017cyserski, reakcje publiczno\u015bci. Je\u015bli w jednym czasie kumuluj\u0105 si\u0119 techniczne trudno\u015bci i napi\u0119cie, ro\u015bnie szansa na drobne pomy\u0142ki, zw\u0142aszcza w prowadzeniu, gdzie nie ma \u201emuzycznego bufora\u201d.<\/p>\n\n\n\n<p>Z perspektywy wizerunkowej przeprosiny maj\u0105 sens, bo skracaj\u0105 \u017cywot tematu. Widzowie cz\u0119sto bardziej zapami\u0119tuj\u0105 to, czy kto\u015b potrafi\u0142 wzi\u0105\u0107 odpowiedzialno\u015b\u0107, ni\u017c sam b\u0142\u0105d. A tu Wi\u015bniewski zrobi\u0142 dok\u0142adnie to: nazwa\u0142 problem i przeprosi\u0142 bez udawania, \u017ce by\u0142o idealnie.<\/p>\n\n\n\n<h2 class=\"wp-block-heading\">Pytania i odpowiedzi<\/h2>\n\n\n\n<p><strong>Dlaczego widzowie tak mocno komentuj\u0105 wpadki na sylwestrze?<\/strong><br>Bo to jedna z najwi\u0119kszych transmisji roku. Ogl\u0105daj\u0105 j\u0105 tak\u017ce osoby, kt\u00f3re na co dzie\u0144 nie \u015bledz\u0105 koncert\u00f3w i show, wi\u0119c oczekiwania s\u0105 \u201eod\u015bwi\u0119tne\u201d.<\/p>\n\n\n\n<p><strong>Co dok\u0142adnie napisa\u0142 Micha\u0142 Wi\u015bniewski?<\/strong><br>Podzi\u0119kowa\u0142 za wsparcie, przyzna\u0142 si\u0119 do pomy\u0142ek w roli wsp\u00f3\u0142prowadz\u0105cego i przeprosi\u0142 za faux-pas. Podkre\u015bli\u0142 te\u017c, \u017ce jest swoim najwi\u0119kszym krytykiem.<\/p>\n\n\n\n<p><strong>Czy to oznacza, \u017ce Wi\u015bniewski nie chce ju\u017c prowadzi\u0107 takich imprez?<\/strong><br>Z jego s\u0142\u00f3w wynika raczej, \u017ce ma \u015bwiadomo\u015b\u0107, i\u017c ta rola jest trudniejsza i mniej komfortowa ni\u017c klasyczny wyst\u0119p.<\/p>\n","protected":false},"excerpt":{"rendered":"Sylwestrowa noc w telewizji mia\u0142a by\u0107 pewniakiem: hity, konfetti, szybkie tempo i prowadz\u0105cy, kt\u00f3rzy nios\u0105 energi\u0119 do p\u00f3\u0142nocy. Tym razem jednak na scenie \n<a class=\"moretag\" href=\"https:\/\/lifevery.biz.ua\/?p=1094\"> [...]<\/a>","protected":false},"author":1,"featured_media":1095,"comment_status":"open","ping_status":"open","sticky":false,"template":"","format":"standard","meta":{"footnotes":""},"categories":[1],"tags":[],"class_list":["post-1094","post","type-post","status-publish","format-standard","has-post-thumbnail","hentry","category-blog"],"_links":{"self":[{"href":"https:\/\/lifevery.biz.ua\/index.php?rest_route=\/wp\/v2\/posts\/1094","targetHints":{"allow":["GET"]}}],"collection":[{"href":"https:\/\/lifevery.biz.ua\/index.php?rest_route=\/wp\/v2\/posts"}],"about":[{"href":"https:\/\/lifevery.biz.ua\/index.php?rest_route=\/wp\/v2\/types\/post"}],"author":[{"embeddable":true,"href":"https:\/\/lifevery.biz.ua\/index.php?rest_route=\/wp\/v2\/users\/1"}],"replies":[{"embeddable":true,"href":"https:\/\/lifevery.biz.ua\/index.php?rest_route=%2Fwp%2Fv2%2Fcomments&post=1094"}],"version-history":[{"count":1,"href":"https:\/\/lifevery.biz.ua\/index.php?rest_route=\/wp\/v2\/posts\/1094\/revisions"}],"predecessor-version":[{"id":1096,"href":"https:\/\/lifevery.biz.ua\/index.php?rest_route=\/wp\/v2\/posts\/1094\/revisions\/1096"}],"wp:featuredmedia":[{"embeddable":true,"href":"https:\/\/lifevery.biz.ua\/index.php?rest_route=\/wp\/v2\/media\/1095"}],"wp:attachment":[{"href":"https:\/\/lifevery.biz.ua\/index.php?rest_route=%2Fwp%2Fv2%2Fmedia&parent=1094"}],"wp:term":[{"taxonomy":"category","embeddable":true,"href":"https:\/\/lifevery.biz.ua\/index.php?rest_route=%2Fwp%2Fv2%2Fcategories&post=1094"},{"taxonomy":"post_tag","embeddable":true,"href":"https:\/\/lifevery.biz.ua\/index.php?rest_route=%2Fwp%2Fv2%2Ftags&post=1094"}],"curies":[{"name":"wp","href":"https:\/\/api.w.org\/{rel}","templated":true}]}}