{"id":10927,"date":"2026-04-27T06:32:43","date_gmt":"2026-04-27T06:32:43","guid":{"rendered":"https:\/\/lifevery.biz.ua\/?p=10927"},"modified":"2026-04-27T06:32:43","modified_gmt":"2026-04-27T06:32:43","slug":"tak-bylego-ministra-pozegnal-donald-tusk","status":"publish","type":"post","link":"https:\/\/lifevery.biz.ua\/?p=10927","title":{"rendered":"Tak by\u0142ego ministra po\u017cegna\u0142 Donald Tusk"},"content":{"rendered":"\n<p>W sobotnie popo\u0142udnie Polsk\u0119 obieg\u0142a informacja o \u015bmierci Andrzeja Olechowskiego. By\u0142ego ministra finans\u00f3w i wsp\u00f3\u0142za\u0142o\u017cyciela Platformy Obywatelskiej \u017cegnaj\u0105 bliscy oraz wsp\u00f3\u0142pracownicy W\u015br\u00f3d nich znalaz\u0142 si\u0119 r\u00f3wnie\u017c premier Donald Tusk, kt\u00f3ry zamie\u015bci\u0142 osobisty wpis.<\/p>\n\n\n\n<p>Andrzej Olechowski nie \u017cyje<br>Andrzej Olechowski by\u0142 ekonomist\u0105 i dyplomat\u0105 z wieloletnim do\u015bwiadczeniem w instytucjach mi\u0119dzynarodowych. Urodzi\u0142 si\u0119 9 wrze\u015bnia 1947 roku w Krakowie, uko\u0144czy\u0142 studia ekonomiczne, a nast\u0119pnie rozpocz\u0105\u0142 prac\u0119 w sekretariacie Konferencji Narod\u00f3w Zjednoczonych ds. Handlu i Rozwoju (UNCTAD) w Genewie. W kolejnych latach by\u0142 zwi\u0105zany m.in. z Bankiem \u015awiatowym.<\/p>\n\n\n\n<p>Po powrocie do Polski w 1987 roku obj\u0105\u0142 stanowisko doradcy prezesa Narodowego Banku Polskiego, a dwa lata p\u00f3\u017aniej zosta\u0142 pierwszym zast\u0119pc\u0105 prezesa NBP.<\/p>\n\n\n\n<p>W historii polskiej polityki zapisa\u0142 si\u0119 tak\u017ce jako wsp\u00f3\u0142za\u0142o\u017cyciel Platformy Obywatelskiej &#8211; obok Macieja P\u0142a\u017cy\u0144skiego i Donalda Tuska nale\u017ca\u0142 do tzw. \u201etrzech tenor\u00f3w\u201d, kt\u00f3rzy tworzyli ugrupowanie. Dwukrotnie kandydowa\u0142 w wyborach prezydenckich &#8211; w 2000 i 2010 roku &#8211; a poza dzia\u0142alno\u015bci\u0105 polityczn\u0105 zajmowa\u0142 si\u0119 r\u00f3wnie\u017c prac\u0105 naukow\u0105 i publicystyczn\u0105, koncentruj\u0105c si\u0119 na gospodarce oraz polityce zagranicznej.<br>Czytaj wi\u0119cej: https:\/\/goniec.pl\/nie-zyje-andrzej-olechowski-tak-bylego-ministra-pozegnal-donald-tusk-js-wksw-250426<\/p>\n","protected":false},"excerpt":{"rendered":"W sobotnie popo\u0142udnie Polsk\u0119 obieg\u0142a informacja o \u015bmierci Andrzeja Olechowskiego. By\u0142ego ministra finans\u00f3w i wsp\u00f3\u0142za\u0142o\u017cyciela Platformy Obywatelskiej \u017cegnaj\u0105 bliscy oraz wsp\u00f3\u0142pracownicy W\u015br\u00f3d nich \n<a class=\"moretag\" href=\"https:\/\/lifevery.biz.ua\/?p=10927\"> [...]<\/a>","protected":false},"author":1,"featured_media":0,"comment_status":"open","ping_status":"open","sticky":false,"template":"","format":"standard","meta":{"footnotes":""},"categories":[1],"tags":[],"class_list":["post-10927","post","type-post","status-publish","format-standard","hentry","category-blog"],"_links":{"self":[{"href":"https:\/\/lifevery.biz.ua\/index.php?rest_route=\/wp\/v2\/posts\/10927","targetHints":{"allow":["GET"]}}],"collection":[{"href":"https:\/\/lifevery.biz.ua\/index.php?rest_route=\/wp\/v2\/posts"}],"about":[{"href":"https:\/\/lifevery.biz.ua\/index.php?rest_route=\/wp\/v2\/types\/post"}],"author":[{"embeddable":true,"href":"https:\/\/lifevery.biz.ua\/index.php?rest_route=\/wp\/v2\/users\/1"}],"replies":[{"embeddable":true,"href":"https:\/\/lifevery.biz.ua\/index.php?rest_route=%2Fwp%2Fv2%2Fcomments&post=10927"}],"version-history":[{"count":1,"href":"https:\/\/lifevery.biz.ua\/index.php?rest_route=\/wp\/v2\/posts\/10927\/revisions"}],"predecessor-version":[{"id":10928,"href":"https:\/\/lifevery.biz.ua\/index.php?rest_route=\/wp\/v2\/posts\/10927\/revisions\/10928"}],"wp:attachment":[{"href":"https:\/\/lifevery.biz.ua\/index.php?rest_route=%2Fwp%2Fv2%2Fmedia&parent=10927"}],"wp:term":[{"taxonomy":"category","embeddable":true,"href":"https:\/\/lifevery.biz.ua\/index.php?rest_route=%2Fwp%2Fv2%2Fcategories&post=10927"},{"taxonomy":"post_tag","embeddable":true,"href":"https:\/\/lifevery.biz.ua\/index.php?rest_route=%2Fwp%2Fv2%2Ftags&post=10927"}],"curies":[{"name":"wp","href":"https:\/\/api.w.org\/{rel}","templated":true}]}}