{"id":10912,"date":"2026-04-27T05:08:47","date_gmt":"2026-04-27T05:08:47","guid":{"rendered":"https:\/\/lifevery.biz.ua\/?p=10912"},"modified":"2026-04-27T05:08:47","modified_gmt":"2026-04-27T05:08:47","slug":"tragiczna-smierc-18-letniego-kolarza-swiat-sportu-w-zalobie","status":"publish","type":"post","link":"https:\/\/lifevery.biz.ua\/?p=10912","title":{"rendered":"Tragiczna \u015bmier\u0107 18-letniego kolarza. \u015awiat sportu w \u017ca\u0142obie"},"content":{"rendered":"\n<p>\u015awiat sportu pogr\u0105\u017cy\u0142 si\u0119 w \u017ca\u0142obie. W tragicznym wypadku zmar\u0142 utalentowany, 18-letni sportowiec. Z ka\u017cdej strony nap\u0142ywaj\u0105 wyrazy smutku i kondolencje.<\/p>\n\n\n\n<p>18-letni kolarz zgin\u0105\u0142 w tragicznym wypadku<br>\u017bycie bywa bardzo przewrotne, raz daje, a raz zabiera. Tym razem \u015bwiat sportu poni\u00f3s\u0142 niepowetowan\u0105 strat\u0119. W wypadku samochodowym zgin\u0105\u0142 18-letni kolarz Miel Dekien. Jak podaje serwis sporza.be, m\u0142ody zawodnik mia\u0142 jecha\u0107 jako pasa\u017cer, gdy dosz\u0142o do dramatycznego zdarzenia w belgijskim Beerst ko\u0142o Diksmuide. Tragiczn\u0105 informacj\u0119 poda\u0142 dyrektor dru\u017cyny Team Basso Flanders, Rudy Vandenheede.<\/p>\n\n\n\n<p>Ze smutkiem informujemy o \u015bmierci Miela Dekiena, jednego z naszych nowych zawodnik\u00f3w na sezon 2025, kt\u00f3ry zmar\u0142 w wyniku tragicznego wypadku drogowego. W imieniu ca\u0142ego zespo\u0142u sk\u0142adamy najszczersze kondolencje rodzinie i znajomym &#8211; napisa\u0142 m\u0119\u017cczyzna w mediach spo\u0142eczno\u015bciowych.<\/p>\n\n\n\n<p>Miel Dekien je\u017adzi\u0142 dotychczas w zespole junior\u00f3w QAC Ostend Air College. Zaledwie tydzie\u0144 temu m\u0142ody Belg startowa\u0142 w swoim pierwszym wy\u015bcigu w kategorii U23. Sezon 2025 mia\u0142 rozpocz\u0105\u0107 w nowych barwach. Nikt nie m\u00f3g\u0142 przewidzie\u0107 tego, \u017ce \u015bmier\u0107 przyjdzie tak nagle.<br><\/p>\n\n\n\n<p>Kolarski \u015bwiat w \u017ca\u0142obie po \u015bmierci 18-letniego kolarza<br>\u015amier\u0107 Miela Dekiena odbi\u0142a si\u0119 szerokim echem w \u015bwiecie sportu, a zw\u0142aszcza kolarstwa. Wiele os\u00f3b zwi\u0105zanych z t\u0105 dyscyplin\u0105 postanowi\u0142o z\u0142o\u017cy\u0107 kondolencje najbli\u017cszym 18-letniego Belga. Nie zabrak\u0142o r\u00f3wnie\u017c stanowiska juniorskiej ekipy QAC Ostend Air College, do kt\u00f3rej nale\u017ca\u0142 kolarz.<\/p>\n\n\n\n<p>Na zawsze pozostaniesz w naszych sercach Miel, nigdy Ci\u0119 nie zapomnimy i jeste\u015bmy wdzi\u0119czni za wiele pi\u0119knych wsp\u00f3lnych chwil. By\u0142e\u015b i zawsze pozostaniesz dla nas niezwyk\u0142ym cz\u0142owiekiem. Najg\u0142\u0119bsze kondolencje dla rodzic\u00f3w, rodziny, przyjaci\u00f3\u0142 i wszystkich, kt\u00f3rzy byli bliscy Mielowi &#8211; czytamy w mediach spo\u0142eczno\u015bciowych.<br><\/p>\n\n\n\n<p>W komentarzach pod postami informuj\u0105cymi o tragicznej \u015bmierci Dekiena mo\u017cemy przeczyta\u0107, jak reaguj\u0105 kibice. Czytamy o s\u0142owach wsparcia, \u017calu oraz smutku z powodu straty utalentowanego sportowca.<\/p>\n\n\n\n<p>Niesamowicie smutna wiadomo\u015b\u0107 dla rodziny i ca\u0142ej spo\u0142eczno\u015bci kolarskiej;<\/p>\n\n\n\n<p>Du\u017co si\u0142 dla rodziny, ale tak\u017ce dla otoczenia kolarzy\u2026 nie powinni\u015bmy o nich zapomina\u0107 ;<\/p>\n\n\n\n<p>Co za niesamowita strata. Du\u017co si\u0142y dla rodziny (\u2026) Co za dramat dla wszystkich &#8211; czytamy w komentarzach w mediach spo\u0142eczno\u015bciowych.<\/p>\n\n\n\n<p> Hiszpanie donosz\u0105 o ko\u0144cu kariery Lewandowskiego w Barcelonie. Tymczasem trener wprost przyzna\u0142 ws. Polaka<br><\/p>\n\n\n\n<p>Zaczyna\u0142 swoj\u0105 sportow\u0105 przygod\u0119<br>Miel Dekien by\u0142 na pocz\u0105tku swojej kolarskiej przygody. Niewiele dzieli\u0142o go od rozpocz\u0119cia start\u00f3w w seniorskich rozgrywkach. Ca\u0142kiem niedawno przeszed\u0142 z kolarstwa prze\u0142ajowego na kolarstwo szosowe. Sezon 2025 mia\u0142 rozpocz\u0105\u0107 w Basso Team Flanders.<br><\/p>\n","protected":false},"excerpt":{"rendered":"\u015awiat sportu pogr\u0105\u017cy\u0142 si\u0119 w \u017ca\u0142obie. W tragicznym wypadku zmar\u0142 utalentowany, 18-letni sportowiec. Z ka\u017cdej strony nap\u0142ywaj\u0105 wyrazy smutku i kondolencje. 18-letni kolarz \n<a class=\"moretag\" href=\"https:\/\/lifevery.biz.ua\/?p=10912\"> [...]<\/a>","protected":false},"author":1,"featured_media":10913,"comment_status":"open","ping_status":"open","sticky":false,"template":"","format":"standard","meta":{"footnotes":""},"categories":[1],"tags":[],"class_list":["post-10912","post","type-post","status-publish","format-standard","has-post-thumbnail","hentry","category-blog"],"_links":{"self":[{"href":"https:\/\/lifevery.biz.ua\/index.php?rest_route=\/wp\/v2\/posts\/10912","targetHints":{"allow":["GET"]}}],"collection":[{"href":"https:\/\/lifevery.biz.ua\/index.php?rest_route=\/wp\/v2\/posts"}],"about":[{"href":"https:\/\/lifevery.biz.ua\/index.php?rest_route=\/wp\/v2\/types\/post"}],"author":[{"embeddable":true,"href":"https:\/\/lifevery.biz.ua\/index.php?rest_route=\/wp\/v2\/users\/1"}],"replies":[{"embeddable":true,"href":"https:\/\/lifevery.biz.ua\/index.php?rest_route=%2Fwp%2Fv2%2Fcomments&post=10912"}],"version-history":[{"count":1,"href":"https:\/\/lifevery.biz.ua\/index.php?rest_route=\/wp\/v2\/posts\/10912\/revisions"}],"predecessor-version":[{"id":10914,"href":"https:\/\/lifevery.biz.ua\/index.php?rest_route=\/wp\/v2\/posts\/10912\/revisions\/10914"}],"wp:featuredmedia":[{"embeddable":true,"href":"https:\/\/lifevery.biz.ua\/index.php?rest_route=\/wp\/v2\/media\/10913"}],"wp:attachment":[{"href":"https:\/\/lifevery.biz.ua\/index.php?rest_route=%2Fwp%2Fv2%2Fmedia&parent=10912"}],"wp:term":[{"taxonomy":"category","embeddable":true,"href":"https:\/\/lifevery.biz.ua\/index.php?rest_route=%2Fwp%2Fv2%2Fcategories&post=10912"},{"taxonomy":"post_tag","embeddable":true,"href":"https:\/\/lifevery.biz.ua\/index.php?rest_route=%2Fwp%2Fv2%2Ftags&post=10912"}],"curies":[{"name":"wp","href":"https:\/\/api.w.org\/{rel}","templated":true}]}}