{"id":1091,"date":"2026-01-25T12:49:17","date_gmt":"2026-01-25T12:49:17","guid":{"rendered":"https:\/\/lifevery.biz.ua\/?p=1091"},"modified":"2026-01-25T12:49:17","modified_gmt":"2026-01-25T12:49:17","slug":"monika-olejnik-nie-miala-litosci-dla-karola-nawrockiego-dosolila-mu-tak-ze-az-poszlo-w-piety","status":"publish","type":"post","link":"https:\/\/lifevery.biz.ua\/?p=1091","title":{"rendered":"Monika Olejnik nie mia\u0142a lito\u015bci dla Karola Nawrockiego. Dosoli\u0142a mu tak, \u017ce a\u017c posz\u0142o w pi\u0119ty"},"content":{"rendered":"\n<p>W polskiej polityce czasem nie trzeba konferencji ani sejmowej awantury, \u017ceby rozp\u0119ta\u0107 burz\u0119. Wystarczy kilka minut w studiu i jedno mocne sformu\u0142owanie, kt\u00f3re zaczyna kr\u0105\u017cy\u0107 w mediach spo\u0142eczno\u015bciowych szybciej ni\u017c pe\u0142ny zapis programu. Tak w\u0142a\u015bnie sta\u0142o si\u0119 po ostatniej \u201eKropce nad i\u201d \u2013 widzowie momentalnie podzielili si\u0119 na dwa obozy, a temat zacz\u0105\u0142 \u017cy\u0107 w\u0142asnym \u017cyciem.<\/p>\n\n\n\n<p>Czytaj r\u00f3wnie\u017c: Partnerka Daniela Nawrockiego ma 3-letni\u0105 c\u00f3rk\u0119. Nie uwierzycie kto jest ojcem<br>Monika Olejnik i jej pozycja w politycznej rozmowie<br>Monika Olejnik od lat jest jedn\u0105 z najbardziej rozpoznawalnych dziennikarek politycznych w Polsce. Jej styl jest charakterystyczny: bez owijania w bawe\u0142n\u0119, bez \u201emi\u0119kkich\u201d pyta\u0144, z naciskiem na odpowiedzialno\u015b\u0107 os\u00f3b publicznych. To sprawia, \u017ce nawet kr\u00f3tkie komentarze wypowiedziane w jej programie potrafi\u0105 wyj\u015b\u0107 daleko poza ramy jednego wieczoru.<\/p>\n\n\n\n<p>Zobacz tak\u017ce: Niebywa\u0142e co Andrzej Duda wypali\u0142 o Tusku. To posz\u0142o na \u017cywo<br>\u201eKropka nad i\u201d ma te\u017c swoj\u0105 specyfik\u0119 \u2013 to format, w kt\u00f3rym cz\u0119sto nie chodzi tylko o relacj\u0119 wydarze\u0144, ale o ich interpretacj\u0119. A kiedy interpretacja dotyka najwy\u017cszych urz\u0119d\u00f3w w pa\u0144stwie, emocje s\u0105 praktycznie gwarantowane.<\/p>\n\n\n\n<p>Dlaczego ta emisja wywo\u0142a\u0142a tak mocn\u0105 reakcj\u0119<br>W tej rozmowie najmocniej wybrzmia\u0142 w\u0105tek standard\u00f3w, jakie powinny obowi\u0105zywa\u0107 osoby stoj\u0105ce na szczycie w\u0142adzy. Olejnik budowa\u0142a wypowied\u017a wok\u00f3\u0142 pytania, gdzie ko\u0144czy si\u0119 \u201eprywatno\u015b\u0107\u201d, a zaczyna odpowiedzialno\u015b\u0107 za urz\u0105d, kt\u00f3ry reprezentuje pa\u0144stwo.<\/p>\n\n\n\n<p>To temat, kt\u00f3ry w Polsce wraca regularnie, bo dotyka dw\u00f3ch wra\u017cliwych sfer naraz: wizerunku prezydenta i spo\u0142ecznych oczekiwa\u0144 wobec jego otoczenia. W efekcie wystarczy\u0142o, \u017ce dziennikarka u\u017cy\u0142a mocniejszego okre\u015blenia, a cz\u0119\u015b\u0107 widz\u00f3w odebra\u0142a to jako uzasadnion\u0105 krytyk\u0119, a cz\u0119\u015b\u0107 jako przesad\u0119.<\/p>\n\n\n\n<p>Co pad\u0142o na antenie i kogo dotyczy\u0142a krytyka<br>W programie Monika Olejnik odnios\u0142a si\u0119 bezpo\u015brednio do prezydenta Karola Nawrockiego i zasugerowa\u0142a, \u017ce cz\u0119\u015b\u0107 jego relacji towarzyskich mo\u017ce budzi\u0107 pytania w kontek\u015bcie pe\u0142nionej funkcji. Kluczowe sta\u0142o si\u0119 jedno sformu\u0142owanie, kt\u00f3re natychmiast zacz\u0119\u0142o by\u0107 cytowane i powtarzane w komentarzach:<\/p>\n\n\n\n<p>\u201eszemrane znajomo\u015bci\u201d<\/p>\n\n\n\n<p>To w\u0142a\u015bnie te dwa s\u0142owa sta\u0142y si\u0119 osi\u0105 sporu. Dla jednych by\u0142y sygna\u0142em, \u017ce o standardach na szczytach w\u0142adzy trzeba m\u00f3wi\u0107 wprost. Dla innych \u2013 zbyt ostr\u0105 ocen\u0105, kt\u00f3ra wchodzi w obszar insynuacji. Niezale\u017cnie od interpretacji, efekt by\u0142 jeden: jedno zdanie z programu sta\u0142o si\u0119 paliwem dla szerszej dyskusji o tym, jak publicy\u015bci mog\u0105 komentowa\u0107 prezydenta i gdzie przebiega granica mi\u0119dzy krytyk\u0105 a uderzeniem w urz\u0105d.<\/p>\n\n\n\n<p>Dlaczego ta historia mo\u017ce jeszcze wr\u00f3ci\u0107<br>W podobnych sprawach cz\u0119sto nie chodzi o sam\u0105 emisj\u0119, tylko o to, co wydarzy si\u0119 p\u00f3\u017aniej: czy pojawi si\u0119 stanowisko, polemika, dalsze wypowiedzi polityk\u00f3w albo kolejna ods\u0142ona tematu w mediach. W tym przypadku emocje podbi\u0142 te\u017c fakt, \u017ce krytyka dotyczy najwy\u017cszej funkcji w pa\u0144stwie, a to automatycznie podnosi temperatur\u0119 debaty.<\/p>\n","protected":false},"excerpt":{"rendered":"W polskiej polityce czasem nie trzeba konferencji ani sejmowej awantury, \u017ceby rozp\u0119ta\u0107 burz\u0119. Wystarczy kilka minut w studiu i jedno mocne sformu\u0142owanie, kt\u00f3re \n<a class=\"moretag\" href=\"https:\/\/lifevery.biz.ua\/?p=1091\"> [...]<\/a>","protected":false},"author":1,"featured_media":1092,"comment_status":"open","ping_status":"open","sticky":false,"template":"","format":"standard","meta":{"footnotes":""},"categories":[1],"tags":[],"class_list":["post-1091","post","type-post","status-publish","format-standard","has-post-thumbnail","hentry","category-blog"],"_links":{"self":[{"href":"https:\/\/lifevery.biz.ua\/index.php?rest_route=\/wp\/v2\/posts\/1091","targetHints":{"allow":["GET"]}}],"collection":[{"href":"https:\/\/lifevery.biz.ua\/index.php?rest_route=\/wp\/v2\/posts"}],"about":[{"href":"https:\/\/lifevery.biz.ua\/index.php?rest_route=\/wp\/v2\/types\/post"}],"author":[{"embeddable":true,"href":"https:\/\/lifevery.biz.ua\/index.php?rest_route=\/wp\/v2\/users\/1"}],"replies":[{"embeddable":true,"href":"https:\/\/lifevery.biz.ua\/index.php?rest_route=%2Fwp%2Fv2%2Fcomments&post=1091"}],"version-history":[{"count":1,"href":"https:\/\/lifevery.biz.ua\/index.php?rest_route=\/wp\/v2\/posts\/1091\/revisions"}],"predecessor-version":[{"id":1093,"href":"https:\/\/lifevery.biz.ua\/index.php?rest_route=\/wp\/v2\/posts\/1091\/revisions\/1093"}],"wp:featuredmedia":[{"embeddable":true,"href":"https:\/\/lifevery.biz.ua\/index.php?rest_route=\/wp\/v2\/media\/1092"}],"wp:attachment":[{"href":"https:\/\/lifevery.biz.ua\/index.php?rest_route=%2Fwp%2Fv2%2Fmedia&parent=1091"}],"wp:term":[{"taxonomy":"category","embeddable":true,"href":"https:\/\/lifevery.biz.ua\/index.php?rest_route=%2Fwp%2Fv2%2Fcategories&post=1091"},{"taxonomy":"post_tag","embeddable":true,"href":"https:\/\/lifevery.biz.ua\/index.php?rest_route=%2Fwp%2Fv2%2Ftags&post=1091"}],"curies":[{"name":"wp","href":"https:\/\/api.w.org\/{rel}","templated":true}]}}