{"id":10895,"date":"2026-04-26T20:37:56","date_gmt":"2026-04-26T20:37:56","guid":{"rendered":"https:\/\/lifevery.biz.ua\/?p=10895"},"modified":"2026-04-26T20:37:56","modified_gmt":"2026-04-26T20:37:56","slug":"nie-zyje-znany-polski-dziennikarz-mial-54-lata-przegral-walke-z-choroba","status":"publish","type":"post","link":"https:\/\/lifevery.biz.ua\/?p=10895","title":{"rendered":"Nie \u017cyje znany polski dziennikarz, mia\u0142 54 lata. Przegra\u0142 walk\u0119 z chorob\u0105"},"content":{"rendered":"\n<p>Smutne wie\u015bci nap\u0142yn\u0119\u0142y z wojew\u00f3dztwa pomorskiego. We wtorek, 12 listopada, w wieku 54 lat zmar\u0142 znany dziennikarz. \u201cPrzegra\u0142 walk\u0119 z d\u0142ug\u0105 i ci\u0119\u017ck\u0105 chorob\u0105\u201d \u2013 przekaza\u0142o tego samego dnia Radio Gda\u0144sk. Poinformowano o dacie ostatniego po\u017cegnania.&nbsp;<\/p>\n\n\n\n<p>Nie \u017cyje dziennikarz Tomasz Buza<br>Tomasz Buza zmar\u0142 we wtorek, 12 listopada. Smutn\u0105 informacj\u0119 poda\u0142o tego samego dnia Radio Gda\u0144sk, s\u0142owa po\u017cegnania znanego dziennikarza pojawi\u0142y si\u0119 tak\u017ce na portalu miasta Gda\u0144sk.&nbsp;<\/p>\n\n\n\n<p>\u017by\u0142e\u015b jak chcia\u0142e\u015b \u2013 napisa\u0142a kr\u00f3tko Agnieszka Michaj\u0142ow, wieloletnia dziennikarka lokalnej rozg\u0142o\u015bni.<\/p>\n\n\n\n<p>Ujawniono, \u017ce przed \u015bmierci\u0105 Tomasz Buza zmaga\u0142 si\u0119 z d\u0142ug\u0105 i ci\u0119\u017ck\u0105 chorob\u0105, odszed\u0142 w wieku 54 lat. Podano termin pogrzebu.&nbsp;<\/p>\n\n\n\n<p>: Nie \u017cyje m\u0142ody ch\u0142opak. Skandaliczne zachowanie ludzi, ratownicy medyczni nie wierzyli w\u0142asnym oczom<\/p>\n\n\n\n<p>Zmar\u0142 znany dziennikarz<br>Nie \u017cyje Tomasz Buza, odszed\u0142 po d\u0142ugiej i ci\u0119\u017ckiej chorobie. Filmoznawca i by\u0142y dziennikarz Radia Gda\u0144sk zmar\u0142 w wieku 54 lat. Na\u00a0antenie lokalnej rozg\u0142o\u015bni prowadzi\u0142 m.in.\u00a0audycje muzyczne i\u00a0filmowe, a\u00a0tak\u017ce List\u0119 Przeboj\u00f3w Radia Gda\u0144sk. Relacjonowa\u0142 r\u00f3wnie\u017c Festiwale Polskich Film\u00f3w Fabularnych w\u00a0Gdyni. Przeprowadzi\u0142 wiele rozm\u00f3w ze \u015bwiatowej s\u0142awy artystami.<br><\/p>\n\n\n\n<p>Tomasz Buza zmar\u0142, zmaga\u0142 si\u0119 z ci\u0119\u017ck\u0105 chorob\u0105<br>Tomasz Buza urodzi\u0142 si\u0119 5 wrze\u015bnia 1970 roku w Gdyni, studiowa\u0142 na Uniwersytecie Gda\u0144skim. Portal miasta przypomina o jego ponadprzeci\u0119tnej wiedzy filmowej i muzycznej, a tak\u017ce ciep\u0142y, charakterystyczny g\u0142os. W swojej karierze przeprowadzi\u0142 wiele wywiad\u00f3w z aktorami i re\u017cyserami, w tym m.in. aktorami Janem Nowickim czy Franciszkiem Pieczk\u0105. Rozmawia\u0142 r\u00f3wnie\u017c z zagranicznymi, wybitnymi tw\u00f3rcami, takimi jak z Alan Parker, brytyjski re\u017cyser m.in. film\u00f3w &#8220;Midnight Express&#8221;, &#8220;S\u0142awa&#8221;, &#8220;The Wall&#8221;, &#8220;Ptasiek&#8221;, &#8220;Harry Angel&#8221;, &#8220;Mississipi w ogniu&#8221; czy &#8220;The Commitments&#8221;.\u00a0<br><\/p>\n","protected":false},"excerpt":{"rendered":"Smutne wie\u015bci nap\u0142yn\u0119\u0142y z wojew\u00f3dztwa pomorskiego. We wtorek, 12 listopada, w wieku 54 lat zmar\u0142 znany dziennikarz. \u201cPrzegra\u0142 walk\u0119 z d\u0142ug\u0105 i ci\u0119\u017ck\u0105 \n<a class=\"moretag\" href=\"https:\/\/lifevery.biz.ua\/?p=10895\"> [...]<\/a>","protected":false},"author":1,"featured_media":10896,"comment_status":"open","ping_status":"open","sticky":false,"template":"","format":"standard","meta":{"footnotes":""},"categories":[1],"tags":[],"class_list":["post-10895","post","type-post","status-publish","format-standard","has-post-thumbnail","hentry","category-blog"],"_links":{"self":[{"href":"https:\/\/lifevery.biz.ua\/index.php?rest_route=\/wp\/v2\/posts\/10895","targetHints":{"allow":["GET"]}}],"collection":[{"href":"https:\/\/lifevery.biz.ua\/index.php?rest_route=\/wp\/v2\/posts"}],"about":[{"href":"https:\/\/lifevery.biz.ua\/index.php?rest_route=\/wp\/v2\/types\/post"}],"author":[{"embeddable":true,"href":"https:\/\/lifevery.biz.ua\/index.php?rest_route=\/wp\/v2\/users\/1"}],"replies":[{"embeddable":true,"href":"https:\/\/lifevery.biz.ua\/index.php?rest_route=%2Fwp%2Fv2%2Fcomments&post=10895"}],"version-history":[{"count":1,"href":"https:\/\/lifevery.biz.ua\/index.php?rest_route=\/wp\/v2\/posts\/10895\/revisions"}],"predecessor-version":[{"id":10897,"href":"https:\/\/lifevery.biz.ua\/index.php?rest_route=\/wp\/v2\/posts\/10895\/revisions\/10897"}],"wp:featuredmedia":[{"embeddable":true,"href":"https:\/\/lifevery.biz.ua\/index.php?rest_route=\/wp\/v2\/media\/10896"}],"wp:attachment":[{"href":"https:\/\/lifevery.biz.ua\/index.php?rest_route=%2Fwp%2Fv2%2Fmedia&parent=10895"}],"wp:term":[{"taxonomy":"category","embeddable":true,"href":"https:\/\/lifevery.biz.ua\/index.php?rest_route=%2Fwp%2Fv2%2Fcategories&post=10895"},{"taxonomy":"post_tag","embeddable":true,"href":"https:\/\/lifevery.biz.ua\/index.php?rest_route=%2Fwp%2Fv2%2Ftags&post=10895"}],"curies":[{"name":"wp","href":"https:\/\/api.w.org\/{rel}","templated":true}]}}