{"id":1088,"date":"2026-01-25T12:48:00","date_gmt":"2026-01-25T12:48:00","guid":{"rendered":"https:\/\/lifevery.biz.ua\/?p=1088"},"modified":"2026-01-25T12:48:00","modified_gmt":"2026-01-25T12:48:00","slug":"michal-szpak-nie-czekal-ani-chwili-pilnie-podzielil-sie-radoscia-plyna-gratulacje","status":"publish","type":"post","link":"https:\/\/lifevery.biz.ua\/?p=1088","title":{"rendered":"Micha\u0142 Szpak nie czeka\u0142 ani chwili. Pilnie podzieli\u0142 si\u0119 rado\u015bci\u0105, p\u0142yn\u0105 gratulacje"},"content":{"rendered":"\n<p><strong>Micha\u0142 Szpak<\/strong>&nbsp;zacz\u0105\u0142 ten rok mocno i emocjonalnie. Ledwie kilka dni temu w poruszaj\u0105cych s\u0142owach dzi\u0119kowa\u0142 fanom za obecno\u015b\u0107 i wsparcie, a teraz na jego profilu pojawi\u0142 si\u0119 pow\u00f3d do czystej, bardzo przyjemnej dumy. To nie jest wiadomo\u015b\u0107 o nowym singlu ani o kolejnym programie w telewizji. Chodzi o co\u015b, co od lat jest jego znakiem rozpoznawczym \u2013&nbsp;<strong>sceniczny wizerunek<\/strong>, dopracowany do ostatniego detalu i zawsze wywo\u0142uj\u0105cy reakcje.<\/p>\n\n\n\n<ul class=\"wp-block-list\">\n<li>Czytaj r\u00f3wnie\u017c:\u00a0<a href=\"https:\/\/wlocie.pl\/gwiazdy\/jadzia-nalepa-z-programu-duze-dzieci-ma-juz-25-lat-niebywale-jak-teraz-wyglada\">Jadzia Nalepa z programu \u201eDu\u017ce dzieci\u201d ma ju\u017c 25 lat. Niebywa\u0142e jak teraz wygl\u0105da<\/a><\/li>\n<\/ul>\n\n\n\n<h2 class=\"wp-block-heading\">Jedna kreacja, jeden kadr i nagle wszyscy patrz\u0105 w t\u0119 sam\u0105 stron\u0119<\/h2>\n\n\n\n<p>Je\u015bli jest w polskim show-biznesie kto\u015b, komu trudno odm\u00f3wi\u0107 konsekwencji w budowaniu stylu, to w\u0142a\u015bnie Szpak. Niezale\u017cnie od tego, czy kto\u015b go uwielbia, czy tylko \u201ezerka z ciekawo\u015bci\u201d, jedno jest pewne: kiedy pojawia si\u0119 na scenie, ludzie komentuj\u0105 nie tylko g\u0142os, ale te\u017c to, co ma na sobie. U niego str\u00f3j nie bywa t\u0142em. Cz\u0119sto jest cz\u0119\u015bci\u0105 wyst\u0119pu, emocji, energii. I czasem wystarczy jedna kreacja, \u017ceby pami\u0119\u0107 o danym momencie zosta\u0142a na d\u0142u\u017cej ni\u017c sam wyst\u0119p.<\/p>\n\n\n\n<ul class=\"wp-block-list\">\n<li>Czytaj tak\u017ce:\u00a0<a href=\"https:\/\/wlocie.pl\/polityka\/monika-olejnik-nie-miala-litosci-dla-karola-nawrockiego-dosolila-mu-tak-ze-az-poszlo-w-piety\">Monika Olejnik nie mia\u0142a lito\u015bci dla Karola Nawrockiego. Dosoli\u0142a mu tak, \u017ce a\u017c posz\u0142o w pi\u0119ty<\/a><\/li>\n<\/ul>\n\n\n\n<p>Tym razem wr\u00f3ci\u0142 temat sprzed lat, ale w bardzo eleganckim, symbolicznym wydaniu. Na profilu Muzeum Polskiej Piosenki pojawi\u0142 si\u0119 post, kt\u00f3ry dla fan\u00f3w Micha\u0142a brzmi jak ma\u0142e wyr\u00f3\u017cnienie z kategorii \u201eto ju\u017c historia\u201d. Instytucja og\u0142osi\u0142a, \u017ce w styczniu 2026 jako \u201eeksponat miesi\u0105ca\u201d prezentuje&nbsp;<strong>str\u00f3j estradowy Micha\u0142a Szpaka<\/strong>&nbsp;z jego wyst\u0119pu podczas&nbsp;<strong>KFPP w Opolu w 2012 roku<\/strong>.<\/p>\n\n\n\n<p>Zobacz te\u017c:&nbsp;<a href=\"https:\/\/allpress.pl\/ewa-szpak-michal-szpak\/\">Siostra Szpaka pokaza\u0142a intymne zdj\u0119cie z ch\u0142opakiem. Micha\u0142 nie b\u0119dzie zachwycony<\/a><\/p>\n\n\n\n<h2 class=\"wp-block-heading\">Muzeum og\u0142asza \u201eeksponat miesi\u0105ca\u201d, a Micha\u0142 Szpak udost\u0119pnia i zaczyna si\u0119 lawina<\/h2>\n\n\n\n<p>W opublikowanym komunikacie Muzeum wskaza\u0142o dok\u0142adnie, o jak\u0105 kreacj\u0119 chodzi, a tak\u017ce podkre\u015bli\u0142o nazwisko projektanta. I tu od razu wida\u0107, \u017ce to nie jest przypadkowa ciekawostka, tylko realne docenienie pracy nad scen\u0105 i wizerunkiem. Bo w takich historiach zawsze s\u0105 dwie strony: artysta, kt\u00f3ry to nosi, i osoba, kt\u00f3ra to wymy\u015bla, szyje, dopracowuje, ryzykuje.<\/p>\n\n\n\n<blockquote class=\"wp-block-quote is-layout-flow wp-block-quote-is-layout-flow\">\n<p>\u201eEksponat miesi\u0105ca \u2013 stycze\u0144 2026. PREZENTOWANY EKSPONAT: Str\u00f3j estradowy Micha\u0142a Szpaka, w kt\u00f3rym artysta wyst\u0105pi\u0142 podczas XLIX KFPP w Opolu, 2012 r., proj. Adam Chodaczek \u2013 Faun Forge \u2018Farmerownia\u2019\u201d.<\/p>\n<\/blockquote>\n\n\n\n<p>Szpak nie przeszed\u0142 obok tego oboj\u0119tnie. Udost\u0119pni\u0142 wiadomo\u015b\u0107 u siebie i w\u0142a\u015bciwie tyle wystarczy\u0142o. Fani od razu zacz\u0119li pisa\u0107 gratulacje, a w komentarzach zrobi\u0142o si\u0119 naprawd\u0119 ciep\u0142o. Da\u0142o si\u0119 wyczu\u0107 nie tylko rado\u015b\u0107, ale te\u017c tak\u0105 satysfakcj\u0119: \u201ew ko\u0144cu kto\u015b to zauwa\u017cy\u0142 i nazwa\u0142 po imieniu\u201d.<\/p>\n\n\n\n<h2 class=\"wp-block-heading\">\u201eNareszcie kto\u015b doceni\u0142 sztuk\u0119\u201d. Fani pisz\u0105 wprost, co my\u015bl\u0105 o wyr\u00f3\u017cnieniu<\/h2>\n\n\n\n<p>Pod postami pojawi\u0142o si\u0119 sporo komentarzy, kt\u00f3re pokazuj\u0105, \u017ce wizerunek sceniczny to dla publiczno\u015bci nie jest b\u0142ahostka. Wiele os\u00f3b pisa\u0142o o kreatywno\u015bci i o tym, \u017ce takie stroje robi\u0105 robot\u0119 nawet po latach, bo wci\u0105\u017c budz\u0105 emocje i wygl\u0105daj\u0105 jak element wi\u0119kszej opowie\u015bci, a nie przebranie \u201ena jeden wiecz\u00f3r\u201d.<\/p>\n\n\n\n<blockquote class=\"wp-block-quote is-layout-flow wp-block-quote-is-layout-flow\">\n<p>\u201eGratuluj\u0119. Nareszcie kto\u015b doceni\u0142 warto\u015b\u0107 sztuki, kreatywno\u015bci i scenicznej kreacji na wysokim poziomie. Bardzo si\u0119 ciesz\u0119\u201d.<\/p>\n<\/blockquote>\n\n\n\n<blockquote class=\"wp-block-quote is-layout-flow wp-block-quote-is-layout-flow\">\n<p>\u201eBrawa i uk\u0142on w stron\u0119 projektanta Pana Adama Chodaczka za przepi\u0119kn\u0105 kreacj\u0119. Tyle lat, a wzbudza podziw\u201d.<\/p>\n<\/blockquote>\n\n\n\n<blockquote class=\"wp-block-quote is-layout-flow wp-block-quote-is-layout-flow\">\n<p>\u201eWow, cudownie\u201d.<\/p>\n<\/blockquote>\n\n\n\n<blockquote class=\"wp-block-quote is-layout-flow wp-block-quote-is-layout-flow\">\n<p>\u201ePorz\u0105dna robota. Micha\u0142 zawsze dba\u0142 o wizerunek sceniczny\u2026 Brawo, tak trzyma\u0107\u201d.<\/p>\n<\/blockquote>\n\n\n\n<p>I to jest chyba sedno tej historii: nie chodzi tylko o to, \u017ce \u201ekto\u015b da\u0142 wyr\u00f3\u017cnienie\u201d. Chodzi o moment, w kt\u00f3rym&nbsp;<strong>sceniczna kreacja<\/strong>&nbsp;przestaje by\u0107 ulotna, a zaczyna by\u0107 traktowana jak co\u015b, co warto zachowa\u0107, pokaza\u0107 i opisa\u0107. Dla artysty, kt\u00f3ry od lat buduje swoj\u0105 rozpoznawalno\u015b\u0107 tak\u017ce przez styl, to musi by\u0107 po prostu mi\u0142e.<\/p>\n\n\n\n<h2 class=\"wp-block-heading\">Micha\u0142 Szpak od lat robi swoje i nie udaje, \u017ce wizerunek nie ma znaczenia<\/h2>\n\n\n\n<p>(Reszta artyku\u0142u pod zdj\u0119ciem)<\/p>\n\n\n\n<figure class=\"wp-block-image\" id=\"attachment_76796\"><img decoding=\"async\" src=\"https:\/\/wlocie.pl\/wp-content\/uploads\/2026\/01\/michal_szpak_wywiad.jpg\" alt=\"Micha\u0142 Szpak zacz\u0105\u0142 ten rok mocno i emocjonalnie. Ledwie kilka dni temu w poruszaj\u0105cych s\u0142owach dzi\u0119kowa\u0142 fanom za obecno\u015b\u0107 i wsparcie, a teraz na jego profilu pojawi\u0142 si\u0119 pow\u00f3d do czystej, bardzo przyjemnej dumy. To nie jest wiadomo\u015b\u0107 o nowym singlu ani o kolejnym programie w telewizji. Chodzi o co\u015b, co od lat jest jego znakiem rozpoznawczym - sceniczny wizerunek, dopracowany do ostatniego detalu i zawsze wywo\u0142uj\u0105cy reakcje.\" class=\"wp-image-76796\"\/><figcaption class=\"wp-element-caption\">Fot:: YouTube\/ zurnalistapl, Micha\u0142 Szpak<\/figcaption><\/figure>\n\n\n\n<p>W polskiej bran\u017cy wci\u0105\u017c zdarza si\u0119, \u017ce kto\u015b patrzy na styl jak na fanaberi\u0119. A potem przychodzi rzeczywisto\u015b\u0107: ludzie pami\u0119taj\u0105 konkretne momenty w\u0142a\u015bnie przez obraz, detal, charakter. Szpak zawsze mia\u0142 odwag\u0119 i\u015b\u0107 pod pr\u0105d i nie udawa\u0107, \u017ce scena to tylko mikrofon i piosenka. U niego to tak\u017ce klimat, ruch, emocje, a str\u00f3j bywa cz\u0119\u015bci\u0105 tej uk\u0142adanki. I dlatego wyr\u00f3\u017cnienie z Muzeum Polskiej Piosenki brzmi jak ma\u0142y znak: \u201eto zostaje\u201d.<\/p>\n\n\n\n<p>Co ciekawe, ta wiadomo\u015b\u0107 przysz\u0142a w idealnym momencie, bo Micha\u0142 jest teraz w trybie dzielenia si\u0119 emocjami, wdzi\u0119czno\u015bci\u0105, kontaktem z lud\u017ami. Wida\u0107, \u017ce ma potrzeb\u0119 m\u00f3wi\u0107 do fan\u00f3w prosto, bez pozy. I mo\u017ce dlatego te gratulacje tak szybko pop\u0142yn\u0119\u0142y \u2013 bo w tym wszystkim jest du\u017co autentycznej rado\u015bci, a nie tylko komunikat \u201ez agencji\u201d.<\/p>\n","protected":false},"excerpt":{"rendered":"Micha\u0142 Szpak&nbsp;zacz\u0105\u0142 ten rok mocno i emocjonalnie. Ledwie kilka dni temu w poruszaj\u0105cych s\u0142owach dzi\u0119kowa\u0142 fanom za obecno\u015b\u0107 i wsparcie, a teraz na \n<a class=\"moretag\" href=\"https:\/\/lifevery.biz.ua\/?p=1088\"> [...]<\/a>","protected":false},"author":1,"featured_media":1089,"comment_status":"open","ping_status":"open","sticky":false,"template":"","format":"standard","meta":{"footnotes":""},"categories":[1],"tags":[],"class_list":["post-1088","post","type-post","status-publish","format-standard","has-post-thumbnail","hentry","category-blog"],"_links":{"self":[{"href":"https:\/\/lifevery.biz.ua\/index.php?rest_route=\/wp\/v2\/posts\/1088","targetHints":{"allow":["GET"]}}],"collection":[{"href":"https:\/\/lifevery.biz.ua\/index.php?rest_route=\/wp\/v2\/posts"}],"about":[{"href":"https:\/\/lifevery.biz.ua\/index.php?rest_route=\/wp\/v2\/types\/post"}],"author":[{"embeddable":true,"href":"https:\/\/lifevery.biz.ua\/index.php?rest_route=\/wp\/v2\/users\/1"}],"replies":[{"embeddable":true,"href":"https:\/\/lifevery.biz.ua\/index.php?rest_route=%2Fwp%2Fv2%2Fcomments&post=1088"}],"version-history":[{"count":1,"href":"https:\/\/lifevery.biz.ua\/index.php?rest_route=\/wp\/v2\/posts\/1088\/revisions"}],"predecessor-version":[{"id":1090,"href":"https:\/\/lifevery.biz.ua\/index.php?rest_route=\/wp\/v2\/posts\/1088\/revisions\/1090"}],"wp:featuredmedia":[{"embeddable":true,"href":"https:\/\/lifevery.biz.ua\/index.php?rest_route=\/wp\/v2\/media\/1089"}],"wp:attachment":[{"href":"https:\/\/lifevery.biz.ua\/index.php?rest_route=%2Fwp%2Fv2%2Fmedia&parent=1088"}],"wp:term":[{"taxonomy":"category","embeddable":true,"href":"https:\/\/lifevery.biz.ua\/index.php?rest_route=%2Fwp%2Fv2%2Fcategories&post=1088"},{"taxonomy":"post_tag","embeddable":true,"href":"https:\/\/lifevery.biz.ua\/index.php?rest_route=%2Fwp%2Fv2%2Ftags&post=1088"}],"curies":[{"name":"wp","href":"https:\/\/api.w.org\/{rel}","templated":true}]}}