{"id":10850,"date":"2026-04-26T18:45:27","date_gmt":"2026-04-26T18:45:27","guid":{"rendered":"https:\/\/lifevery.biz.ua\/?p=10850"},"modified":"2026-04-26T18:45:27","modified_gmt":"2026-04-26T18:45:27","slug":"nie-zyje-uwielbiany-proboszcz-parafianie-pograzeni-w-zalobie","status":"publish","type":"post","link":"https:\/\/lifevery.biz.ua\/?p=10850","title":{"rendered":"Nie \u017cyje uwielbiany proboszcz. Parafianie pogr\u0105\u017ceni w \u017ca\u0142obie"},"content":{"rendered":"\n<p>Kuria \u0142owicka przekaza\u0142a przykr\u0105 informacj\u0119 o \u015bmierci ks. Zbigniewa \u015awis\u0142owskiego, proboszcza zwi\u0105zanego z parafi\u0105 w D\u0105browicach od przesz\u0142o 20 lat. Wiadomo, kiedy odb\u0119d\u0105 si\u0119 uroczysto\u015bci pogrzebowe.<\/p>\n\n\n\n<p>Nie \u017cyje uwielbiany proboszcz<br>To pot\u0119\u017cny cios dla wiernych z parafii w D\u0105browicach. W wieku 66 lat zmar\u0142 lokalny proboszcz ks. Zbigniew \u015awis\u0142owski. Jako pierwsza informacj\u0119 o \u015bmierci duchownego przekaza\u0142a diecezja \u0142owicka.<\/p>\n\n\n\n<p>W pi\u0105tek, 6 grudnia 2024 roku, zmar\u0142 w wieku 66 lat \u015bp. ks. Zbigniew \u015awis\u0142owski, Proboszcz parafii D\u0105browice, dekanat Kro\u015bniewice. (\u2026). Wieczny odpoczynek racz mu da\u0107 Panie &#8211; napisa\u0142 ks. Stanis\u0142aw Plichta, kanclerz kurii.<br><\/p>\n\n\n\n<p>Burmistrz \u017cegna wieloletniego proboszcza<br>Ks. Zbigniew \u015awistowski przyj\u0105\u0142 \u015bwi\u0119cenia kap\u0142a\u0144skie ponad trzy dekady temu. Od ponad 20 lat zwi\u0105zany by\u0142 jednak z parafi\u0105 w D\u0105browicach, a jego \u015bmier\u0107 wzbudzi\u0142a smutek wielu parafian. Na wzruszaj\u0105ce s\u0142owa zdoby\u0142a si\u0119 m.in. burmistrz miasta Dorota D\u0105browska. \u201c\u017begnamy cz\u0142owieka o wielkim sercu, kt\u00f3ry zawsze by\u0142 blisko ludzi. Jego odej\u015bcie to bolesna strata, ale pozostanie z nami w modlitwie i pami\u0119ci\u201d &#8211; podkre\u015bli\u0142a przekazuj\u0105c wyrazy wsp\u00f3\u0142czucia dla bliskich i rodziny duchownego.<br><\/p>\n","protected":false},"excerpt":{"rendered":"Kuria \u0142owicka przekaza\u0142a przykr\u0105 informacj\u0119 o \u015bmierci ks. Zbigniewa \u015awis\u0142owskiego, proboszcza zwi\u0105zanego z parafi\u0105 w D\u0105browicach od przesz\u0142o 20 lat. Wiadomo, kiedy odb\u0119d\u0105 \n<a class=\"moretag\" href=\"https:\/\/lifevery.biz.ua\/?p=10850\"> [...]<\/a>","protected":false},"author":1,"featured_media":10851,"comment_status":"open","ping_status":"open","sticky":false,"template":"","format":"standard","meta":{"footnotes":""},"categories":[1],"tags":[],"class_list":["post-10850","post","type-post","status-publish","format-standard","has-post-thumbnail","hentry","category-blog"],"_links":{"self":[{"href":"https:\/\/lifevery.biz.ua\/index.php?rest_route=\/wp\/v2\/posts\/10850","targetHints":{"allow":["GET"]}}],"collection":[{"href":"https:\/\/lifevery.biz.ua\/index.php?rest_route=\/wp\/v2\/posts"}],"about":[{"href":"https:\/\/lifevery.biz.ua\/index.php?rest_route=\/wp\/v2\/types\/post"}],"author":[{"embeddable":true,"href":"https:\/\/lifevery.biz.ua\/index.php?rest_route=\/wp\/v2\/users\/1"}],"replies":[{"embeddable":true,"href":"https:\/\/lifevery.biz.ua\/index.php?rest_route=%2Fwp%2Fv2%2Fcomments&post=10850"}],"version-history":[{"count":1,"href":"https:\/\/lifevery.biz.ua\/index.php?rest_route=\/wp\/v2\/posts\/10850\/revisions"}],"predecessor-version":[{"id":10852,"href":"https:\/\/lifevery.biz.ua\/index.php?rest_route=\/wp\/v2\/posts\/10850\/revisions\/10852"}],"wp:featuredmedia":[{"embeddable":true,"href":"https:\/\/lifevery.biz.ua\/index.php?rest_route=\/wp\/v2\/media\/10851"}],"wp:attachment":[{"href":"https:\/\/lifevery.biz.ua\/index.php?rest_route=%2Fwp%2Fv2%2Fmedia&parent=10850"}],"wp:term":[{"taxonomy":"category","embeddable":true,"href":"https:\/\/lifevery.biz.ua\/index.php?rest_route=%2Fwp%2Fv2%2Fcategories&post=10850"},{"taxonomy":"post_tag","embeddable":true,"href":"https:\/\/lifevery.biz.ua\/index.php?rest_route=%2Fwp%2Fv2%2Ftags&post=10850"}],"curies":[{"name":"wp","href":"https:\/\/api.w.org\/{rel}","templated":true}]}}