{"id":10832,"date":"2026-04-26T18:16:23","date_gmt":"2026-04-26T18:16:23","guid":{"rendered":"https:\/\/lifevery.biz.ua\/?p=10832"},"modified":"2026-04-26T18:16:23","modified_gmt":"2026-04-26T18:16:23","slug":"nie-zyje-miliarder-zalozyciel-odziezowego-giganta-zginal-podczas-gorskiej-wycieczki","status":"publish","type":"post","link":"https:\/\/lifevery.biz.ua\/?p=10832","title":{"rendered":"Nie \u017cyje miliarder, za\u0142o\u017cyciel odzie\u017cowego giganta. Zgin\u0105\u0142 podczas g\u00f3rskiej wycieczki"},"content":{"rendered":"\n<p>Bliscy za\u0142o\u017cyciela odzie\u017cowego giganta pogr\u0105\u017ceni s\u0105 w g\u0142\u0119bokiej \u017ca\u0142obie. Nie \u017cyje tw\u00f3rca jednej z najpopularniejszych w Europie marek odzie\u017cowych. Na jaw wysz\u0142y tragiczne okoliczno\u015bci jego \u015bmierci. Wszystko mia\u0142o wydarzy\u0107 si\u0119 w u\u0142amku chwili podczas g\u00f3rskiej wycieczki, na oczach jego \u017cony i syna.&nbsp;<\/p>\n\n\n\n<p>Nie \u017cyje za\u0142o\u017cyciel odzie\u017cowego giganta<br>W sobotni wiecz\u00f3r media obieg\u0142a informacja o \u015bmierci za\u0142o\u017cyciela odzie\u017cowego giganta z Europy. Jego marka konkurowa\u0142a z najwi\u0119kszymi tego typu na \u015bwiecie i nawet dzisiaj jest uwielbiana przez wielu modowych entuzjast\u00f3w. Firma poinformowa\u0142a o tragicznej \u015bmierci Isaka Andica, kt\u00f3rego sklepy mo\u017cemy zobaczy\u0107 w wielu centrach handlowych w Polsce.&nbsp;<\/p>\n\n\n\n<p>: Niebywa\u0142e, jak choroba zmieni\u0142a ksi\u0119\u017cn\u0105 Kate. \u201cNie wr\u00f3ci\u0142a do normalno\u015bci\u201d<br><\/p>\n\n\n\n<p>Nie \u017cyje Isak Andic, zgin\u0105\u0142 w tragicznych okoliczno\u015bciach<br>Isak Andic nie \u017cyje, zgin\u0105\u0142 w tragicznym wypadku podczas g\u00f3rskiej wycieczki. Do najwi\u0119kszego sukcesu hiszpa\u0144skiego przedsi\u0119biorcy nale\u017cy za\u0142o\u017cenie marki odzie\u017cowej, kt\u00f3ra do dzisiaj rozwija si\u0119 na ca\u0142ym \u015bwiecie. Dzi\u015b firma liczy ponad 2,7 tys. sklep\u00f3w, w tym ju\u017c ponad 20 w Polsce.&nbsp;<\/p>\n\n\n\n<p>: Pilny komunikat TVP. Chodzi o sylwestra, klamka zapad\u0142a<br><\/p>\n\n\n\n<p>Tragiczny wypadek miliardera z Hiszpanii<br>Nie \u017cyje hiszpa\u0144ski przedsi\u0119biorca Isak Andic \u2013 za\u0142o\u017cyciel i w\u0142a\u015bciciel sieci sklep\u00f3w odzie\u017cowych Mango. Informacj\u0119 o \u015bmierci przekaza\u0142a firma w sobotnim komunikacie. kKondolencje dla&nbsp;rodziny 71-letniego biznesmena&nbsp;nap\u0142yn\u0119\u0142y ju\u017c m.in. ze strony szefa regionalnego rz\u0105du Katalonii Salvador Illa. Jak wynika z informacji dziennika &#8220;El Pais&#8221;, maj\u0105tek&nbsp;Andica szacowany jest dzisiaj na ok.&nbsp;4,5 mld euro. Jest najbogatszym cz\u0142owiekiem w Katalonii.<\/p>\n\n\n\n<p>Isak Andic&nbsp;zgin\u0105\u0142 w wieku 71 lat. Urodzi\u0142 si\u0119 w Turcji, a w latach 60. wraz z rodzin\u0105 przeni\u00f3s\u0142 si\u0119 do Hiszpanii. Tam zajmowa\u0142 si\u0119 handlem odzie\u017c\u0105, w tym r\u0119cznie haftowanymi t-shirtami. Przedsi\u0119biorstwo o nazwie&nbsp;Mango&nbsp;za\u0142o\u017cy\u0142 w 1984 roku wraz z bratem Nahmanem.&nbsp;W&nbsp;ci\u0105gu kilka lat firma rozwin\u0119\u0142a si\u0119 w&nbsp;pr\u0119\u017cn\u0105 sie\u0107 i&nbsp;zacz\u0119\u0142a wchodzi\u0107 do innych kraj\u00f3w, w tym m.in. Portugalii. Marka fast fashion b\u0142yskawicznie osi\u0105gn\u0119\u0142a sukces, a dzi\u015b dochody z zagranicy przynosz\u0105 trzy czwarte zysk\u00f3w przedsi\u0119biorstwa.<\/p>\n\n\n\n<p>Wiadomo ju\u017c, w jakich okoliczno\u015bciach zgin\u0105\u0142 hiszpa\u0144ski przedsi\u0119biorca. Jak podaje agencja EFE w oparciu o \u017ar\u00f3d\u0142a w firmie, wszystko mia\u0142o wydarzy\u0107 si\u0119 podczas g\u00f3rskiej wyprawy miliardera. Do wypadku dosz\u0142o podczas w\u0119dr\u00f3wki w&nbsp;masywie Montserrat&nbsp;w p\u00f3\u0142nocno-wschodniej cz\u0119\u015bci Hiszpanii, znajduj\u0105cego si\u0119 kilkadziesi\u0105t kilometr\u00f3w od Barcelony. Przedsi\u0119biorcy w wyprawie towarzyszy\u0142a \u017cona i syn. Nagle Andic po\u015blizgn\u0105\u0142 si\u0119 i spad\u0142 z wysoko\u015bci 150 metr\u00f3w.&nbsp;<\/p>\n\n\n\n<p>Z g\u0142\u0119bokim \u017calem informujemy o niespodziewanej \u015bmierci Isaka Andica, naszego prezesa i za\u0142o\u017cyciela Mango, w wypadku, kt\u00f3ry wydarzy\u0142 si\u0119 w t\u0119 sobot\u0119. Isak by\u0142 przyk\u0142adem dla nas wszystkich. Po\u015bwi\u0119ci\u0142 swoje \u017cycie Mango, pozostawiaj\u0105c niezatarty \u015blad dzi\u0119ki swojej strategicznej wizji, inspiruj\u0105cemu przyw\u00f3dztwu i niezachwianemu oddaniu warto\u015bciom, kt\u00f3rymi sam zaszczepi\u0142 w naszej firmie. (\u2026) Jego odej\u015bcie pozostawia ogromn\u0105 pustk\u0119, ale wszyscy jeste\u015bmy w pewien spos\u00f3b jego spu\u015bcizn\u0105 i \u015bwiadectwem jego osi\u0105gni\u0119\u0107. (\u2026) W tych niezwykle trudnych czasach dzielimy b\u00f3l rodziny, jakby by\u0142 naszym w\u0142asnym \u2013 czytamy w komunikacie Mango.<br><\/p>\n","protected":false},"excerpt":{"rendered":"Bliscy za\u0142o\u017cyciela odzie\u017cowego giganta pogr\u0105\u017ceni s\u0105 w g\u0142\u0119bokiej \u017ca\u0142obie. Nie \u017cyje tw\u00f3rca jednej z najpopularniejszych w Europie marek odzie\u017cowych. Na jaw wysz\u0142y tragiczne \n<a class=\"moretag\" href=\"https:\/\/lifevery.biz.ua\/?p=10832\"> [...]<\/a>","protected":false},"author":1,"featured_media":10833,"comment_status":"open","ping_status":"open","sticky":false,"template":"","format":"standard","meta":{"footnotes":""},"categories":[1],"tags":[],"class_list":["post-10832","post","type-post","status-publish","format-standard","has-post-thumbnail","hentry","category-blog"],"_links":{"self":[{"href":"https:\/\/lifevery.biz.ua\/index.php?rest_route=\/wp\/v2\/posts\/10832","targetHints":{"allow":["GET"]}}],"collection":[{"href":"https:\/\/lifevery.biz.ua\/index.php?rest_route=\/wp\/v2\/posts"}],"about":[{"href":"https:\/\/lifevery.biz.ua\/index.php?rest_route=\/wp\/v2\/types\/post"}],"author":[{"embeddable":true,"href":"https:\/\/lifevery.biz.ua\/index.php?rest_route=\/wp\/v2\/users\/1"}],"replies":[{"embeddable":true,"href":"https:\/\/lifevery.biz.ua\/index.php?rest_route=%2Fwp%2Fv2%2Fcomments&post=10832"}],"version-history":[{"count":1,"href":"https:\/\/lifevery.biz.ua\/index.php?rest_route=\/wp\/v2\/posts\/10832\/revisions"}],"predecessor-version":[{"id":10834,"href":"https:\/\/lifevery.biz.ua\/index.php?rest_route=\/wp\/v2\/posts\/10832\/revisions\/10834"}],"wp:featuredmedia":[{"embeddable":true,"href":"https:\/\/lifevery.biz.ua\/index.php?rest_route=\/wp\/v2\/media\/10833"}],"wp:attachment":[{"href":"https:\/\/lifevery.biz.ua\/index.php?rest_route=%2Fwp%2Fv2%2Fmedia&parent=10832"}],"wp:term":[{"taxonomy":"category","embeddable":true,"href":"https:\/\/lifevery.biz.ua\/index.php?rest_route=%2Fwp%2Fv2%2Fcategories&post=10832"},{"taxonomy":"post_tag","embeddable":true,"href":"https:\/\/lifevery.biz.ua\/index.php?rest_route=%2Fwp%2Fv2%2Ftags&post=10832"}],"curies":[{"name":"wp","href":"https:\/\/api.w.org\/{rel}","templated":true}]}}