{"id":10823,"date":"2026-04-26T10:29:55","date_gmt":"2026-04-26T10:29:55","guid":{"rendered":"https:\/\/lifevery.biz.ua\/?p=10823"},"modified":"2026-04-26T10:29:55","modified_gmt":"2026-04-26T10:29:55","slug":"nie-zyje-byla-partnerka-jakuba-rzezniczaka-miala-zaledwie-35-lat-osierocila-synka-3","status":"publish","type":"post","link":"https:\/\/lifevery.biz.ua\/?p=10823","title":{"rendered":"Nie \u017cyje by\u0142a partnerka Jakuba Rze\u017aniczaka. Mia\u0142a zaledwie 35 lat, osieroci\u0142a synka"},"content":{"rendered":"\n<p>Niezwykle przykr\u0105 wiadomo\u015b\u0107 przekazano w rozmowie z Plejad\u0105. W wieku 35 lat zmar\u0142a by\u0142a partnerka Jakuba Rze\u017aniczaka. Osieroci\u0142a kilkuletniego syna. Po g\u0142o\u015bnym rozstaniu z pi\u0142karzem wyda\u0142a ksi\u0105\u017ck\u0119, w kt\u00f3rej ujawni\u0142a, jak wygl\u0105da \u017cycie kobiet w zwi\u0105zkach z biznesmenami. \u201cWyra\u017camy g\u0142\u0119boki \u017cal z powodu przedwczesnej \u015bmierci\u201d \u2013 poinformowa\u0142o wydawnictwo.<\/p>\n\n\n\n<p>Nie \u017cyje by\u0142a partnerka Jakuba Rze\u017aniczaka<br>Wstrz\u0105saj\u0105ce doniesienia o \u015bmierci znanej by\u0142ej partnerki Jakuba Rze\u017aniczaka, ale przede wszystkim bardzo m\u0142odej, utalentowanej pisarki, przekaza\u0142 portal Plejada. P\u00f3\u017aniej informacj\u0119 potwierdzi\u0142o oficjalnie wydawnictwo, kt\u00f3re sprawowa\u0142o opiek\u0119 nad jej tw\u00f3rczo\u015bci\u0105. Ewelina \u015alota\u0142a, autorka g\u0142o\u015bnej publikacji \u201c\u017bony Konstancina\u201d, zmar\u0142a w wieku zaledwie 35 lat.<\/p>\n\n\n\n<p>Z przykro\u015bci\u0105 zawiadamiamy o \u015bmierci Eweliny \u015alota\u0142y, naszej autorki. Jej ksi\u0105\u017cki &#8220;\u017bony Konstancina&#8221;, &#8220;Kochanki Konstancina&#8221;, &#8220;Rozw\u00f3dki Konstancina&#8221;, &#8220;Matki Konstancina&#8221; znalaz\u0142y liczne grono wiernych czytelniczek \u2013 poda\u0142o w mediach wydawnictwo Pr\u00f3szy\u0144ski i S-ka.<\/p>\n\n\n\n<p>Po trudnych do\u015bwiadczeniach z show-biznesem, kt\u00f3re odbi\u0142y na niej wyra\u017ane pi\u0119tno, przerzuci\u0142a swoje zainteresowania na rodzin\u0119. Wychowywa\u0142a syna i traktowa\u0142a to jako jej g\u0142\u00f3wn\u0105 \u017cyciow\u0105 rol\u0119.<\/p>\n\n\n\n<p>Wyra\u017camy g\u0142\u0119boki \u017cal z powodu przedwczesnej \u015bmierci, przekazujemy wyrazy wsp\u00f3\u0142czucia Najbli\u017cszym.<br><\/p>\n\n\n\n<p>Ewelina \u015alota\u0142a zdoby\u0142a uwag\u0119 dzi\u0119ki relacji z Jakubem Rze\u017aniczakiem<br>Rozstali si\u0119 ponad dekad\u0119 temu, ale \u0142atka by\u0142ej dziewczyny Jakuba Rze\u017aniczaka przywar\u0142a do niej na sta\u0142e. Wspomina\u0142a, \u017ce, kiedy si\u0119 poznali, nie mia\u0142a poj\u0119cia, kim jest. Dopiero po czasie, gdy zacz\u0119\u0142a czyta\u0107 artyku\u0142y na sw\u00f3j temat, zrozumia\u0142a, \u017ce spotyka si\u0119 z naprawd\u0119 znanym pi\u0142karzem.<\/p>\n\n\n\n<p>Nie interesowa\u0142am si\u0119 sportem, wi\u0119c nie mia\u0142am poj\u0119cia, \u017ce jest pi\u0142karzem. Po kilku spotkaniach zacz\u0105\u0142 opowiada\u0107 mi o tym, \u017ce gra w Legii. Stwierdzi\u0142am, \u017ce fajnie, \u017ce ma jak\u0105\u015b pasj\u0119 i kopie pi\u0142k\u0119. Ale kompletnie nie dociera\u0142o do mnie to, \u017ce jest kim\u015b znanym \u2013 m\u00f3wi\u0142a w rozmowie z Plejad\u0105.<\/p>\n\n\n\n<p>Sta\u0142a si\u0119 jedn\u0105 z bohaterek swojej ksi\u0105\u017cki \u201c\u017bony z Konstancina\u201d, kt\u00f3ra ods\u0142ania\u0142a mroczne sekrety zwi\u0105zk\u00f3w z milionerami. Mimo \u017ce show-biznes nie przypad\u0142 jej do gustu i obcowanie z pr\u00f3\u017cnymi osobami zacz\u0119\u0142o j\u0105 w ko\u0144cu wp\u0119dza\u0107 w apati\u0119, po rozstaniu z Jakubem Rze\u017aniczakiem pozostali w dobrych stosunkach.<\/p>\n\n\n\n<p>Mimo r\u00f3\u017cnych perypetii, z du\u017cym sentymentem wspominam nasz zwi\u0105zek. Mam poczucie, \u017ce od niego rozpocz\u0119\u0142o si\u0119 moje doros\u0142e \u017cycie \u2013 m\u00f3wi\u0142a w tym samym wywiadzie.<br><\/p>\n\n\n\n<p>By\u0142a przede wszystkim matk\u0105. Ewelina \u015alota\u0142a zostawi\u0142a ma\u0142ego syna<br>W 2022 roku pracowa\u0142o jako architektka wn\u0119trz i wci\u0105\u017c rozwija\u0142a swoj\u0105 karier\u0119 pisarki. W zwi\u0105zku z promocj\u0105 ksi\u0105\u017cki musia\u0142a po\u015bwi\u0119ci\u0107 wiele czasu na wywiady i spotkania autorskie z czytelnikami, ale wyrabia\u0142a si\u0119 ze wszystkim tak, aby jeszcze mie\u0107 chwil\u0119 dla siebie.<\/p>\n\n\n\n<p>Mimo \u017ce jestem jedyn\u0105 samotn\u0105 osob\u0105 w towarzystwie, bo wszyscy inni to ma\u0142\u017ce\u0144stwa z dzie\u0107mi, nie czuj\u0119 si\u0119 w \u017caden spos\u00f3b gorsza \u2013 wyja\u015bnia\u0142a na \u0142amach Plejady.<\/p>\n\n\n\n<p>Na koniec wywiadu z serwisem podkre\u015bla\u0142a, \u017ce pieni\u0105dze mo\u017ce i daj\u0105 szcz\u0119\u015bcie, ale tylko pozorne. Zobrazowa\u0142a to przyk\u0142adem, \u017ce ostatecznie lepiej mieszka\u0107 w domku z ma\u0142ym autem na podje\u017adzie, ni\u017c p\u0142aka\u0107 w willi z zaparkowanym pod ni\u0105 Bentleyem.<\/p>\n\n\n\n<p>Wol\u0119 mie\u0107 mniej pieni\u0119dzy, ale wraca\u0107 do domu, w kt\u00f3rym wiem, \u017ce nie b\u0119dzie \u017cadnej awantury.<br><\/p>\n","protected":false},"excerpt":{"rendered":"Niezwykle przykr\u0105 wiadomo\u015b\u0107 przekazano w rozmowie z Plejad\u0105. W wieku 35 lat zmar\u0142a by\u0142a partnerka Jakuba Rze\u017aniczaka. Osieroci\u0142a kilkuletniego syna. Po g\u0142o\u015bnym rozstaniu \n<a class=\"moretag\" href=\"https:\/\/lifevery.biz.ua\/?p=10823\"> [...]<\/a>","protected":false},"author":1,"featured_media":10824,"comment_status":"open","ping_status":"open","sticky":false,"template":"","format":"standard","meta":{"footnotes":""},"categories":[1],"tags":[],"class_list":["post-10823","post","type-post","status-publish","format-standard","has-post-thumbnail","hentry","category-blog"],"_links":{"self":[{"href":"https:\/\/lifevery.biz.ua\/index.php?rest_route=\/wp\/v2\/posts\/10823","targetHints":{"allow":["GET"]}}],"collection":[{"href":"https:\/\/lifevery.biz.ua\/index.php?rest_route=\/wp\/v2\/posts"}],"about":[{"href":"https:\/\/lifevery.biz.ua\/index.php?rest_route=\/wp\/v2\/types\/post"}],"author":[{"embeddable":true,"href":"https:\/\/lifevery.biz.ua\/index.php?rest_route=\/wp\/v2\/users\/1"}],"replies":[{"embeddable":true,"href":"https:\/\/lifevery.biz.ua\/index.php?rest_route=%2Fwp%2Fv2%2Fcomments&post=10823"}],"version-history":[{"count":1,"href":"https:\/\/lifevery.biz.ua\/index.php?rest_route=\/wp\/v2\/posts\/10823\/revisions"}],"predecessor-version":[{"id":10825,"href":"https:\/\/lifevery.biz.ua\/index.php?rest_route=\/wp\/v2\/posts\/10823\/revisions\/10825"}],"wp:featuredmedia":[{"embeddable":true,"href":"https:\/\/lifevery.biz.ua\/index.php?rest_route=\/wp\/v2\/media\/10824"}],"wp:attachment":[{"href":"https:\/\/lifevery.biz.ua\/index.php?rest_route=%2Fwp%2Fv2%2Fmedia&parent=10823"}],"wp:term":[{"taxonomy":"category","embeddable":true,"href":"https:\/\/lifevery.biz.ua\/index.php?rest_route=%2Fwp%2Fv2%2Fcategories&post=10823"},{"taxonomy":"post_tag","embeddable":true,"href":"https:\/\/lifevery.biz.ua\/index.php?rest_route=%2Fwp%2Fv2%2Ftags&post=10823"}],"curies":[{"name":"wp","href":"https:\/\/api.w.org\/{rel}","templated":true}]}}