{"id":1082,"date":"2026-01-25T12:45:28","date_gmt":"2026-01-25T12:45:28","guid":{"rendered":"https:\/\/lifevery.biz.ua\/?p=1082"},"modified":"2026-01-25T12:45:28","modified_gmt":"2026-01-25T12:45:28","slug":"ulubieniec-tlumow-zginal-tragicznie-ze-swoimi-trzema-coreczkami-najstarsza-miala-tylko-12-lat","status":"publish","type":"post","link":"https:\/\/lifevery.biz.ua\/?p=1082","title":{"rendered":"Ulubieniec t\u0142um\u00f3w zgin\u0105\u0142 tragicznie ze swoimi trzema c\u00f3reczkami. Najstarsza mia\u0142a tylko 12 lat"},"content":{"rendered":"\n<p>Najpierw przysz\u0142a kr\u00f3tka informacja z daleka. Z miejsca, kt\u00f3re wi\u0119kszo\u015bci ludzi kojarzy si\u0119 z poczt\u00f3wkami, turkusow\u0105 wod\u0105 i spokojem. W Hiszpanii ta wiadomo\u015b\u0107 zatrzyma\u0142a na chwil\u0119 wszystko \u2013 treningi, codzienn\u0105 rutyn\u0119, sportowe emocje. Bo tym razem nie chodzi\u0142o o wynik, tylko o rodzin\u0119, kt\u00f3ra nie wr\u00f3ci\u0142a z wakacji.<\/p>\n\n\n\n<ul class=\"wp-block-list\">\n<li>Czytaj te\u017c:\u00a0<a href=\"https:\/\/wlocie.pl\/polityka\/chwile-po-1600-nawrocki-wyszedl-do-mediow-i-sie-zaczelo-tak-poteznego-ciosu-sie-nie-spodziewali\">Chwil\u0119 po 16:00 Nawrocki wyszed\u0142 do medi\u00f3w i si\u0119 zacz\u0119\u0142o. Tak pot\u0119\u017cnego ciosu si\u0119 nie spodziewali<\/a><\/li>\n<\/ul>\n\n\n\n<h2 class=\"wp-block-heading\">Rejs, kt\u00f3ry mia\u0142 by\u0107 zwyk\u0142\u0105 atrakcj\u0105<\/h2>\n\n\n\n<p>Fernando Mart\u00edn wypoczywa\u0142 w Indonezji razem z \u017con\u0105 i czterema c\u00f3rkami. Dziewczynki mia\u0142y 7, 9, 10 i 12 lat. Rodzina wybra\u0142a turystyczny rejs \u0142odzi\u0105 KM Putri Sakinah w rejonie wyspy Padar, jednej z najbardziej znanych cz\u0119\u015bci Parku Narodowego Komodo.<\/p>\n\n\n\n<ul class=\"wp-block-list\">\n<li>Zobacz r\u00f3wnie\u017c:\u00a0<a href=\"https:\/\/wlocie.pl\/gwiazdy\/pilne-doniesienia-z-domu-kwasniewskiej-dotarly-noca-blaga-ludzi-o-pomoc-nie-ma-juz-czasu\">Pilne doniesienia z domu Kwa\u015bniewskiej dotar\u0142y noc\u0105. B\u0142aga ludzi o pomoc. Nie ma ju\u017c czasu\u2026<\/a><\/li>\n<\/ul>\n\n\n\n<p>To nie by\u0142a wyprawa \u201ena ryzyko\u201d. Raczej jedna z tych atrakcji, kt\u00f3re ludzie wybieraj\u0105 w\u0142a\u015bnie po to, \u017ceby z\u0142apa\u0107 oddech i zrobi\u0107 kilka rodzinnych zdj\u0119\u0107. Pocz\u0105tek mia\u0142 przebiega\u0107 spokojnie.<\/p>\n\n\n\n<h2 class=\"wp-block-heading\">Pogoda zmieni\u0142a si\u0119 w kilka minut<\/h2>\n\n\n\n<p>P\u00f3\u017aniej pojawi\u0142y si\u0119 informacje o gwa\u0142townym za\u0142amaniu warunk\u00f3w. Silny wiatr, wysokie fale i sytuacja, kt\u00f3ra wymkn\u0119\u0142a si\u0119 spod kontroli. \u0141\u00f3d\u017a straci\u0142a stabilno\u015b\u0107 i dosz\u0142o do tragedii. W tle przewijaj\u0105 si\u0119 te\u017c w\u0105tpliwo\u015bci dotycz\u0105ce kwestii technicznych \u2013 to jeden z element\u00f3w, kt\u00f3ry ma zosta\u0107 sprawdzony.<\/p>\n\n\n\n<p>Na pok\u0142adzie by\u0142o \u0142\u0105cznie 11 os\u00f3b. Cz\u0119\u015bci pasa\u017cer\u00f3w uda\u0142o si\u0119 wydosta\u0107.<\/p>\n\n\n\n<h2 class=\"wp-block-heading\">Ocala\u0142y dwie osoby z rodziny<\/h2>\n\n\n\n<p>W\u015br\u00f3d ocala\u0142ych znalaz\u0142a si\u0119 \u017cona trenera oraz najm\u0142odsza, siedmioletnia c\u00f3rka. Fernando Mart\u00edn i trzy starsze dziewczynki nie zdo\u0142ali opu\u015bci\u0107 kabiny. Po wywr\u00f3ceniu \u0142odzi mia\u0142a ona szybko wype\u0142ni\u0107 si\u0119 wod\u0105, co uniemo\u017cliwi\u0142o ucieczk\u0119.<\/p>\n\n\n\n<p>Ruszy\u0142a akcja ratunkowa. Na miejsce skierowano s\u0142u\u017cby, w dzia\u0142aniach uczestniczy\u0142y jednostki morskie oraz nurkowie. Mimo poszukiwa\u0144 nie uda\u0142o si\u0119 uratowa\u0107 czworga cz\u0142onk\u00f3w rodziny. Ich cia\u0142a odnaleziono wewn\u0105trz zatopionej \u0142odzi.<\/p>\n\n\n\n<h2 class=\"wp-block-heading\">Valencia CF w \u017ca\u0142obie. Pi\u0142karski \u015bwiat m\u00f3wi jednym g\u0142osem<\/h2>\n\n\n\n<p>Gdy informacja dotar\u0142a do Hiszpanii,&nbsp;<strong>Valencia CF<\/strong>&nbsp;opublikowa\u0142a o\u015bwiadczenie i z\u0142o\u017cy\u0142a kondolencje rodzinie. W klubowym komunikacie przypomniano, \u017ce Mart\u00edn by\u0142 zwi\u0105zany z Valenci\u0105 od lat i pracowa\u0142 przy rozwoju kobiecej pi\u0142ki. W ostatnim sezonie prowadzi\u0142 rezerwy&nbsp;<strong>Valencia CF Femenino B<\/strong>.<\/p>\n\n\n\n<p>Pod wpisem szybko pojawi\u0142y si\u0119 setki komentarzy. Kondolencje przes\u0142a\u0142y te\u017c inne hiszpa\u0144skie kluby, w tym FC Barcelona oraz Villarreal CF. W takich chwilach sportowa rywalizacja zwykle znika. Zostaje cisza i proste s\u0142owa wsparcia.<\/p>\n\n\n\n<h2 class=\"wp-block-heading\">\u015aledztwo ma wyja\u015bni\u0107, co naprawd\u0119 si\u0119 sta\u0142o<\/h2>\n\n\n\n<p>Lokalne w\u0142adze zapowiedzia\u0142y dochodzenie. Ma ono ustali\u0107 dok\u0142adne przyczyny wypadku i&nbsp;<a href=\"http:\/\/interia.pl\/\">odpowiedzie\u0107<\/a>&nbsp;na pytania, kt\u00f3re zawsze pojawiaj\u0105 si\u0119 po takich tragediach: czy mo\u017cna by\u0142o temu zapobiec, czy procedury by\u0142y w\u0142a\u015bciwe, czy jednostka by\u0142a w pe\u0142ni sprawna.<\/p>\n\n\n\n<p>Najwi\u0119kszy ci\u0119\u017car spad\u0142 jednak na tych, kt\u00f3rzy prze\u017cyli. Ocalona \u017cona i najm\u0142odsza c\u00f3rka musz\u0105 zmierzy\u0107 si\u0119 ze strat\u0105, kt\u00f3rej nie da si\u0119 opisa\u0107 \u201ewielkimi s\u0142owami\u201d. To mia\u0142 by\u0107 rodzinny urlop. Zako\u0144czy\u0142 si\u0119 dramatem, kt\u00f3ry na zawsze zostanie w pami\u0119ci nie tylko bliskich, ale i ca\u0142ej pi\u0142karskiej spo\u0142eczno\u015bci.<\/p>\n","protected":false},"excerpt":{"rendered":"Najpierw przysz\u0142a kr\u00f3tka informacja z daleka. Z miejsca, kt\u00f3re wi\u0119kszo\u015bci ludzi kojarzy si\u0119 z poczt\u00f3wkami, turkusow\u0105 wod\u0105 i spokojem. W Hiszpanii ta wiadomo\u015b\u0107 \n<a class=\"moretag\" href=\"https:\/\/lifevery.biz.ua\/?p=1082\"> [...]<\/a>","protected":false},"author":1,"featured_media":1083,"comment_status":"open","ping_status":"open","sticky":false,"template":"","format":"standard","meta":{"footnotes":""},"categories":[1],"tags":[],"class_list":["post-1082","post","type-post","status-publish","format-standard","has-post-thumbnail","hentry","category-blog"],"_links":{"self":[{"href":"https:\/\/lifevery.biz.ua\/index.php?rest_route=\/wp\/v2\/posts\/1082","targetHints":{"allow":["GET"]}}],"collection":[{"href":"https:\/\/lifevery.biz.ua\/index.php?rest_route=\/wp\/v2\/posts"}],"about":[{"href":"https:\/\/lifevery.biz.ua\/index.php?rest_route=\/wp\/v2\/types\/post"}],"author":[{"embeddable":true,"href":"https:\/\/lifevery.biz.ua\/index.php?rest_route=\/wp\/v2\/users\/1"}],"replies":[{"embeddable":true,"href":"https:\/\/lifevery.biz.ua\/index.php?rest_route=%2Fwp%2Fv2%2Fcomments&post=1082"}],"version-history":[{"count":1,"href":"https:\/\/lifevery.biz.ua\/index.php?rest_route=\/wp\/v2\/posts\/1082\/revisions"}],"predecessor-version":[{"id":1084,"href":"https:\/\/lifevery.biz.ua\/index.php?rest_route=\/wp\/v2\/posts\/1082\/revisions\/1084"}],"wp:featuredmedia":[{"embeddable":true,"href":"https:\/\/lifevery.biz.ua\/index.php?rest_route=\/wp\/v2\/media\/1083"}],"wp:attachment":[{"href":"https:\/\/lifevery.biz.ua\/index.php?rest_route=%2Fwp%2Fv2%2Fmedia&parent=1082"}],"wp:term":[{"taxonomy":"category","embeddable":true,"href":"https:\/\/lifevery.biz.ua\/index.php?rest_route=%2Fwp%2Fv2%2Fcategories&post=1082"},{"taxonomy":"post_tag","embeddable":true,"href":"https:\/\/lifevery.biz.ua\/index.php?rest_route=%2Fwp%2Fv2%2Ftags&post=1082"}],"curies":[{"name":"wp","href":"https:\/\/api.w.org\/{rel}","templated":true}]}}