{"id":10784,"date":"2026-04-26T05:20:37","date_gmt":"2026-04-26T05:20:37","guid":{"rendered":"https:\/\/lifevery.biz.ua\/?p=10784"},"modified":"2026-04-26T05:20:37","modified_gmt":"2026-04-26T05:20:37","slug":"nie-zyje-jozef-kurek-mieszkancy-pograzeni-w-zalobie","status":"publish","type":"post","link":"https:\/\/lifevery.biz.ua\/?p=10784","title":{"rendered":"Nie \u017cyje J\u00f3zef Kurek. Mieszka\u0144cy pogr\u0105\u017ceni w \u017ca\u0142obie"},"content":{"rendered":"\n<p>Osoby wybierane na urz\u0105d burmistrza musz\u0105 cieszy\u0107 si\u0119 ogromnym zaufaniem mieszka\u0144c\u00f3w. Szczeg\u00f3lnie ci, kt\u00f3rych kadencja trwa przez wiele lat. W sobot\u0119 Polsk\u0119 obieg\u0142a przykra informacja o \u015bmierci absolutnego rekordzisty w tej kwestii.<\/p>\n\n\n\n<p>Nie \u017cyje najd\u0142u\u017cej urz\u0119duj\u0105cy burmistrz<br>W sobot\u0119, 4 stycznia do opinii publicznej dotar\u0142a bardzo smutna informacja. W wieku 71 lat zmar\u0142 w\u0142odarz Mszczonowa J\u00f3zef Grzegorz Kurek, kt\u00f3ry by\u0142 najd\u0142u\u017cej urz\u0119duj\u0105cym burmistrzem w Polsce. Zarz\u0105dza\u0142 niewielkim miastem na Mazowszu od 1988 roku.<\/p>\n\n\n\n<p>Przykre wie\u015bci potwierdzi\u0142 przewodnicz\u0105cy rady miejskiej w Mszczonowie \u0141ukasz Koperski. &#8220;Pogr\u0105\u017cony w ogromnym smutku z powodu tej nag\u0142ej, bolesnej straty\u00a0informuj\u0119, \u017ce w dniu 4 stycznia zmar\u0142 Burmistrz Mszczonowa J\u00f3zef Grzegorz Kurek. Niech spoczywa w pokoju&#8221; &#8211; poinformowano na stronie mszczonowskiego ratusza.<br><\/p>\n\n\n\n<p>Region op\u0142akuje J\u00f3zefa Grzegorza Kurka<br>Zmar\u0142ego burmistrza po\u017cegna\u0142y w mediach spo\u0142eczno\u015bciowych w\u0142adze powiatu \u017cyrardowskiego. W sentymentalnym wpisie zwr\u00f3cono uwag\u0119, \u017ce tworzy\u0142 histori\u0119 polskiego samorz\u0105du.<\/p>\n\n\n\n<p>Jako samorz\u0105dowiec burmistrz J\u00f3zef Grzegorz Kurek by\u0142 i pozostanie w naszej pami\u0119ci wybitnym, g\u0142\u0119boko zaanga\u017cowanym liderem i or\u0119downikiem spraw spo\u0142eczno\u015bci gminy Mszczon\u00f3w, ale dla nas samorz\u0105dowc\u00f3w, kt\u00f3rzy mieli zaszczyt wsp\u00f3\u0142pracowa\u0107 z Nim na co dzie\u0144 pozostanie tak\u017ce koleg\u0105, wiarygodnym partnerem w samorz\u0105dowej pracy i zabieganiu o lepsze jutro dla mieszka\u0144c\u00f3w naszego powiatu, cz\u0142owiekiem posiadaj\u0105cym co\u015b, co jest nies\u0142ychanie istotne w nie\u0142atwej samorz\u0105dowej pracy \u2013 b\u0142yskotliw\u0105 inteligencj\u0119 i wspania\u0142e poczucie humoru &#8211; napisano na Facebooku powiatu \u017cyrardowskiego.<br><\/p>\n\n\n\n<p>Wielu ciep\u0142ych s\u0142\u00f3w o J\u00f3zefie Kurku nie szcz\u0119dz\u0105 tak\u017ce lokalni samorz\u0105dowy. &#8220;By\u0142 takim samorz\u0105dowcem, kt\u00f3rego zaanga\u017cowanie na rzecz lokalnej spo\u0142eczno\u015bci procentowa\u0142o w wyborach, w ostatnich pokona\u0142 dw\u00f3ch przeciwnik\u00f3w w I turze&#8221; &#8211; oceni\u0142&nbsp;Artur Tusi\u0144ski, burmistrz Miasta Ogrodu Podkowa Le\u015bna.<\/p>\n\n\n\n<p>Dzi\u015b trudno znale\u017a\u0107 s\u0142owa, kt\u00f3re w pe\u0142ni odda\u0142yby warto\u015b\u0107 i znaczenie jego pracy, zaanga\u017cowania i m\u0105dro\u015bci. Grzegorz Kurek by\u0142 nie tylko wybitnym samorz\u0105dowcem, ale tak\u017ce mentorem i wzorem dla nas, kt\u00f3rzy stawiali pierwsze kroki w samorz\u0105dzie&#8221; &#8211; napisa\u0142 Karol Rajewski, burmistrz B\u0142aszek.\u00a0<br><\/p>\n","protected":false},"excerpt":{"rendered":"Osoby wybierane na urz\u0105d burmistrza musz\u0105 cieszy\u0107 si\u0119 ogromnym zaufaniem mieszka\u0144c\u00f3w. Szczeg\u00f3lnie ci, kt\u00f3rych kadencja trwa przez wiele lat. W sobot\u0119 Polsk\u0119 obieg\u0142a \n<a class=\"moretag\" href=\"https:\/\/lifevery.biz.ua\/?p=10784\"> [...]<\/a>","protected":false},"author":1,"featured_media":10785,"comment_status":"open","ping_status":"open","sticky":false,"template":"","format":"standard","meta":{"footnotes":""},"categories":[1],"tags":[],"class_list":["post-10784","post","type-post","status-publish","format-standard","has-post-thumbnail","hentry","category-blog"],"_links":{"self":[{"href":"https:\/\/lifevery.biz.ua\/index.php?rest_route=\/wp\/v2\/posts\/10784","targetHints":{"allow":["GET"]}}],"collection":[{"href":"https:\/\/lifevery.biz.ua\/index.php?rest_route=\/wp\/v2\/posts"}],"about":[{"href":"https:\/\/lifevery.biz.ua\/index.php?rest_route=\/wp\/v2\/types\/post"}],"author":[{"embeddable":true,"href":"https:\/\/lifevery.biz.ua\/index.php?rest_route=\/wp\/v2\/users\/1"}],"replies":[{"embeddable":true,"href":"https:\/\/lifevery.biz.ua\/index.php?rest_route=%2Fwp%2Fv2%2Fcomments&post=10784"}],"version-history":[{"count":1,"href":"https:\/\/lifevery.biz.ua\/index.php?rest_route=\/wp\/v2\/posts\/10784\/revisions"}],"predecessor-version":[{"id":10786,"href":"https:\/\/lifevery.biz.ua\/index.php?rest_route=\/wp\/v2\/posts\/10784\/revisions\/10786"}],"wp:featuredmedia":[{"embeddable":true,"href":"https:\/\/lifevery.biz.ua\/index.php?rest_route=\/wp\/v2\/media\/10785"}],"wp:attachment":[{"href":"https:\/\/lifevery.biz.ua\/index.php?rest_route=%2Fwp%2Fv2%2Fmedia&parent=10784"}],"wp:term":[{"taxonomy":"category","embeddable":true,"href":"https:\/\/lifevery.biz.ua\/index.php?rest_route=%2Fwp%2Fv2%2Fcategories&post=10784"},{"taxonomy":"post_tag","embeddable":true,"href":"https:\/\/lifevery.biz.ua\/index.php?rest_route=%2Fwp%2Fv2%2Ftags&post=10784"}],"curies":[{"name":"wp","href":"https:\/\/api.w.org\/{rel}","templated":true}]}}