{"id":1073,"date":"2026-01-25T12:40:58","date_gmt":"2026-01-25T12:40:58","guid":{"rendered":"https:\/\/lifevery.biz.ua\/?p=1073"},"modified":"2026-01-25T12:40:58","modified_gmt":"2026-01-25T12:40:58","slug":"byla-wozniaka-staraka-przerwala-milczenie-i-ujawnila-zdrade-zaraz-potem-byl-medialny-slub","status":"publish","type":"post","link":"https:\/\/lifevery.biz.ua\/?p=1073","title":{"rendered":"By\u0142a Wo\u017aniaka-Staraka przerwa\u0142a milczenie i ujawni\u0142a zdrad\u0119. Zaraz potem by\u0142 medialny \u015blub"},"content":{"rendered":"\n<p>Przez lata nie m\u00f3wi\u0142a o tym publicznie. Unika\u0142a komentarzy, nie wraca\u0142a do tamtego czasu, nie dok\u0142ada\u0142a kolejnych zda\u0144 do historii, kt\u00f3r\u0105 media ch\u0119tnie opowiada\u0142y za ni\u0105. Teraz zrobi\u0142a wyj\u0105tek \u2013 i to w spos\u00f3b, kt\u00f3ry natychmiast wywo\u0142a\u0142 emocje.<\/p>\n\n\n\n<ul class=\"wp-block-list\">\n<li>Czytaj te\u017c:\u00a0<a href=\"https:\/\/wlocie.pl\/polityka\/bruksela-pozywa-polske-do-tsue-i-zada-kar-wszystko-po-decyzji-nawrockiego\">Bruksela pozywa Polsk\u0119 do TSUE i \u017c\u0105da kar. Wszystko po decyzji Nawrockiego<\/a><\/li>\n<\/ul>\n\n\n\n<h2 class=\"wp-block-heading\">Zwi\u0105zek, kt\u00f3ry mia\u0142 sko\u0144czy\u0107 si\u0119 \u015blubem, zako\u0144czy\u0142 si\u0119 nagle<\/h2>\n\n\n\n<p>Natalia Klimas i Piotr Wo\u017aniak-Starak byli par\u0105, kt\u00f3r\u0105 wiele os\u00f3b odbiera\u0142o jako wyj\u0105tkowo zgran\u0105. Z relacji wynika, \u017ce planowali nawet \u015blub, a ich historia zacz\u0119\u0142a si\u0119 po tym, jak producent mia\u0142 ju\u017c za sob\u0105 g\u0142o\u015bny zwi\u0105zek z Alicj\u0105 Bachled\u0105-Curu\u015b. To w\u0142a\u015bnie p\u00f3\u017aniej, podczas studi\u00f3w w Stanach, pozna\u0142 Klimas. Modelka i aktorka zagra\u0142a w jego filmie.<\/p>\n\n\n\n<ul class=\"wp-block-list\">\n<li>Zobacz r\u00f3wnie\u017c:\u00a0<a href=\"https:\/\/wlocie.pl\/polityka\/nawrocki-przyszedl-na-spotkanie-i-zdebial-niebywale-jak-go-potraktowano-takiego-ciosu-sie-nie-spodziewal\">Nawrocki przyszed\u0142 na spotkanie i zd\u0119bia\u0142. Niebywa\u0142e jak go potraktowano. Takiego ciosu si\u0119 nie spodziewa\u0142<\/a><\/li>\n<\/ul>\n\n\n\n<p>W 2014 roku para nagle og\u0142osi\u0142a rozstanie. Jak wynika z opisu sytuacji, to Piotr Wo\u017aniak-Starak mia\u0142 podj\u0105\u0107 decyzj\u0119 o zako\u0144czeniu relacji po blisko trzech latach zwi\u0105zku.<\/p>\n\n\n\n<h2 class=\"wp-block-heading\">\u201eCzu\u0142am si\u0119 zagubiona\u201d. Klimas o tym, co dzia\u0142o si\u0119 p\u00f3\u017aniej<\/h2>\n\n\n\n<p>Aktorka wr\u00f3ci\u0142a my\u015blami do 2016 roku i przyzna\u0142a, \u017ce to nie by\u0142 dla niej dobry okres. Wprost napisa\u0142a, \u017ce by\u0142a wtedy w trudnym miejscu.<\/p>\n\n\n\n<blockquote class=\"wp-block-quote is-layout-flow wp-block-quote-is-layout-flow\">\n<p>\u201eNie by\u0142 to dla mnie nadmiernie dobry moment w \u017cyciu. (\u2026) Czu\u0142am si\u0119 zagubiona\u201d.<\/p>\n<\/blockquote>\n\n\n\n<p>W tym samym czasie \u2013 jak wynika z jej s\u0142\u00f3w \u2013 jej kariera aktorska mia\u0142a si\u0119 zatrzyma\u0107, a ona sama wci\u0105\u017c nie mog\u0142a doj\u015b\u0107 do siebie po rozstaniu z Wo\u017aniakiem-Starakiem.<\/p>\n\n\n\n<h2 class=\"wp-block-heading\">\u201eBy\u0142a przyjaci\u00f3\u0142ka\u201d i \u015blub, kt\u00f3ry sta\u0142 si\u0119 t\u0142em tej historii<\/h2>\n\n\n\n<p>Najmocniej wybrzmiewa fragment, w kt\u00f3rym Natalia Klimas opisa\u0142a moment poznania swojego przysz\u0142ego m\u0119\u017ca. Z jej relacji wynika, \u017ce sta\u0142o si\u0119 to podczas weekendu, gdy jej by\u0142y partner bra\u0142 \u201ebardzo medialny \u015blub\u201d z osob\u0105, kt\u00f3r\u0105 nazwa\u0142a&nbsp;<strong>\u201eby\u0142\u0105 przyjaci\u00f3\u0142k\u0105\u201d<\/strong>.<\/p>\n\n\n\n<blockquote class=\"wp-block-quote is-layout-flow wp-block-quote-is-layout-flow\">\n<p>\u201ePotem wydarzy\u0142o si\u0119 co\u015b niezwyk\u0142ego. Pozna\u0142am mi\u0142o\u015b\u0107 mojego \u017cycia. Nasz pierwszy wsp\u00f3lny czas to by\u0142 weekend, kiedy m\u00f3j by\u0142y partner bra\u0142 bardzo medialny \u015blub z moj\u0105 by\u0142\u0105 przyjaci\u00f3\u0142k\u0105\u201d \u2013 napisa\u0142a Klimas.<\/p>\n<\/blockquote>\n\n\n\n<p>W tym kontek\u015bcie pojawia si\u0119 nazwisko Agnieszki Szulim, p\u00f3\u017aniej Wo\u017aniak-Starak. Z opisu wynika, \u017ce w kr\u0119gu znajomych sytuacja by\u0142a szeroko komentowana, a Klimas dostawa\u0142a wiadomo\u015bci pe\u0142ne wsp\u00f3\u0142czucia.<\/p>\n\n\n\n<h2 class=\"wp-block-heading\">Wiadomo\u015bci od znajomych i punkt zwrotny w jej \u017cyciu<\/h2>\n\n\n\n<p>Klimas wspomina, \u017ce ludzie pisali do niej, pytaj\u0105c, czy si\u0119 trzyma. Ona jednak \u2013 jak podkre\u015bla \u2013 by\u0142a wtedy w zupe\u0142nie innym stanie emocjonalnym, bo w\u0142a\u015bnie rodzi\u0142o si\u0119 nowe uczucie.<\/p>\n\n\n\n<blockquote class=\"wp-block-quote is-layout-flow wp-block-quote-is-layout-flow\">\n<p>\u201eWszyscy pisali do mnie ze wsp\u00f3\u0142czuciem: \u201eTrzymasz si\u0119???\u201d. A ja nawet nie odpisywa\u0142am, bo w\u0142a\u015bnie zakocha\u0142am si\u0119 w moim przysz\u0142ym m\u0119\u017cu, a On we mnie. I od tamtego momentu powoli zacz\u0119\u0142am czu\u0107 si\u0119 bezpieczniej na \u015bwiecie. Jakbym znalaz\u0142a dom i schronienie. At o jest zdj\u0119cie z naszych pierwszych wsp\u00f3lnych wakacji, na Mykonos. Tam sp\u0119dzili\u015bmy moje urodziny\u201d \u2013 wspomina Natalia Klimas.<\/p>\n<\/blockquote>\n\n\n\n<p>Z jej s\u0142\u00f3w wynika, \u017ce tym \u201enowym pocz\u0105tkiem\u201d by\u0142 Miko\u0142aj Bober. Klimas przekaza\u0142a te\u017c, \u017ce dwa lata p\u00f3\u017aniej, w 2018 roku, wysz\u0142a za niego za m\u0105\u017c.<\/p>\n\n\n\n<h2 class=\"wp-block-heading\">Co naprawd\u0119 sugeruj\u0105 jej s\u0142owa<\/h2>\n\n\n\n<p>W tej historii nie ma wprost wypowiedzianych oskar\u017ce\u0144, ale jest jedno zdanie, kt\u00f3re ustawia wszystko w nowym&nbsp;<a href=\"http:\/\/wp.pl\/\">\u015bwietle<\/a>: okre\u015blenie&nbsp;<strong>\u201eby\u0142a przyjaci\u00f3\u0142ka\u201d<\/strong>&nbsp;i zarysowanie momentu, w kt\u00f3rym \u015blub by\u0142ego partnera sta\u0142 si\u0119 t\u0142em jej prywatnego prze\u0142omu.<\/p>\n\n\n\n<p>Dla cz\u0119\u015bci odbiorc\u00f3w to jasna sugestia, \u017ce relacja z Agnieszk\u0105 Szulim, p\u00f3\u017aniej Wo\u017aniak-Starak, zako\u0144czy\u0142a si\u0119 w\u0142a\u015bnie przez tamte wydarzenia. A jednocze\u015bnie \u2013 paradoksalnie \u2013 ten sam weekend, kt\u00f3ry wielu mog\u0142o uzna\u0107 za bolesny, w jej opowie\u015bci staje si\u0119 pocz\u0105tkiem czego\u015b, co nazywa&nbsp;<strong>\u201edomem i schronieniem\u201d<\/strong>.<\/p>\n","protected":false},"excerpt":{"rendered":"Przez lata nie m\u00f3wi\u0142a o tym publicznie. Unika\u0142a komentarzy, nie wraca\u0142a do tamtego czasu, nie dok\u0142ada\u0142a kolejnych zda\u0144 do historii, kt\u00f3r\u0105 media ch\u0119tnie \n<a class=\"moretag\" href=\"https:\/\/lifevery.biz.ua\/?p=1073\"> [...]<\/a>","protected":false},"author":1,"featured_media":1074,"comment_status":"open","ping_status":"open","sticky":false,"template":"","format":"standard","meta":{"footnotes":""},"categories":[1],"tags":[],"class_list":["post-1073","post","type-post","status-publish","format-standard","has-post-thumbnail","hentry","category-blog"],"_links":{"self":[{"href":"https:\/\/lifevery.biz.ua\/index.php?rest_route=\/wp\/v2\/posts\/1073","targetHints":{"allow":["GET"]}}],"collection":[{"href":"https:\/\/lifevery.biz.ua\/index.php?rest_route=\/wp\/v2\/posts"}],"about":[{"href":"https:\/\/lifevery.biz.ua\/index.php?rest_route=\/wp\/v2\/types\/post"}],"author":[{"embeddable":true,"href":"https:\/\/lifevery.biz.ua\/index.php?rest_route=\/wp\/v2\/users\/1"}],"replies":[{"embeddable":true,"href":"https:\/\/lifevery.biz.ua\/index.php?rest_route=%2Fwp%2Fv2%2Fcomments&post=1073"}],"version-history":[{"count":1,"href":"https:\/\/lifevery.biz.ua\/index.php?rest_route=\/wp\/v2\/posts\/1073\/revisions"}],"predecessor-version":[{"id":1075,"href":"https:\/\/lifevery.biz.ua\/index.php?rest_route=\/wp\/v2\/posts\/1073\/revisions\/1075"}],"wp:featuredmedia":[{"embeddable":true,"href":"https:\/\/lifevery.biz.ua\/index.php?rest_route=\/wp\/v2\/media\/1074"}],"wp:attachment":[{"href":"https:\/\/lifevery.biz.ua\/index.php?rest_route=%2Fwp%2Fv2%2Fmedia&parent=1073"}],"wp:term":[{"taxonomy":"category","embeddable":true,"href":"https:\/\/lifevery.biz.ua\/index.php?rest_route=%2Fwp%2Fv2%2Fcategories&post=1073"},{"taxonomy":"post_tag","embeddable":true,"href":"https:\/\/lifevery.biz.ua\/index.php?rest_route=%2Fwp%2Fv2%2Ftags&post=1073"}],"curies":[{"name":"wp","href":"https:\/\/api.w.org\/{rel}","templated":true}]}}