{"id":10681,"date":"2026-04-25T07:36:40","date_gmt":"2026-04-25T07:36:40","guid":{"rendered":"https:\/\/lifevery.biz.ua\/?p=10681"},"modified":"2026-04-25T07:36:40","modified_gmt":"2026-04-25T07:36:40","slug":"nawrocki-podpisal-ustawe-tysiace-polakow-czekaja-dodatkowe-swiadczenia","status":"publish","type":"post","link":"https:\/\/lifevery.biz.ua\/?p=10681","title":{"rendered":"Nawrocki podpisa\u0142 ustaw\u0119. Tysi\u0105ce Polak\u00f3w czekaj\u0105 dodatkowe \u015bwiadczenia"},"content":{"rendered":"\n<p>Karol Nawrocki, fot. Rex Features\/East News<br>Wielu Polak\u00f3w czeka\u0142o na ten moment od dawna i wreszcie si\u0119 doczekali. Prezydent Karol Nawrocki podpisa\u0142 d\u0142ugo wyczekiwan\u0105 ustaw\u0119, kt\u00f3ra mo\u017ce oznacza\u0107 dodatkowe \u015bwiadczenia dla tysi\u0119cy os\u00f3b w ca\u0142ym kraju. To jednak nie koniec decyzji \u2013 tego samego dnia z\u0142o\u017cy\u0142 podpis tak\u017ce pod dwoma innymi ustawami, kt\u00f3re r\u00f3wnie\u017c mog\u0105 mie\u0107 znaczenie dla obywateli.<\/p>\n\n\n\n<p>Nawrocki podpisuje trzy ustawy. Komunikat Kancelarii Prezydenta<br>Zmiany dla opozycjonist\u00f3w PRL. Nowe wsparcie dla represjonowanych<br>Bialacki u Nawrockiego. W\u0105tek praw cz\u0142owieka i kontekst polityczny<br>Nawrocki podpisuje trzy ustawy. Komunikat Kancelarii Prezydenta<br>Rzecznik Kancelarii Prezydenta Rafa\u0142 Le\u015bkiewicz poinformowa\u0142 za po\u015brednictwem platformy X, \u017ce 22 kwietnia 2026 roku prezydent Karol Nawrocki z\u0142o\u017cy\u0142 podpisy pod trzema ustawami przyj\u0119tymi wcze\u015bniej przez parlament. W\u015br\u00f3d nich znalaz\u0142y si\u0119 akty prawne o r\u00f3\u017cnym charakterze \u2013 od zmian w przepisach dotycz\u0105cych os\u00f3b represjonowanych, przez umowy mi\u0119dzynarodowe, a\u017c po kwestie zwi\u0105zane z mi\u0119dzynarodowym wymiarem sprawiedliwo\u015bci.<\/p>\n\n\n\n<p>Jak przekazano, podpisane zosta\u0142y:&nbsp;<\/p>\n\n\n\n<p>ustawa z dnia 13 marca 2026 r. o zmianie ustawy o dzia\u0142aczach opozycji antykomunistycznej oraz osobach represjonowanych z powod\u00f3w politycznych (nr druku sejmowego 1651),\u00a0<br>ustawa dotycz\u0105ca ratyfikacji umowy o wzajemnej pomocy prawnej mi\u0119dzy Polsk\u0105 a Republik\u0105 Indonezji (nr druku 2161),\u00a0<br>ustawa o ratyfikacji poprawek do Rzymskiego Statutu Mi\u0119dzynarodowego Trybuna\u0142u Karnego (nr druku 2164).\u00a0<br>Ka\u017cda z nich ma inny zakres, ale wszystkie przesz\u0142y pe\u0142n\u0105 \u015bcie\u017ck\u0119 legislacyjn\u0105 przed ostatecznym podpisem prezydenta.<br><\/p>\n\n\n\n<p>Bialacki u Nawrockiego. W\u0105tek praw cz\u0142owieka i kontekst polityczny<br>W tle decyzji prezydenta pojawi\u0142 si\u0119 r\u00f3wnie\u017c w\u0105tek mi\u0119dzynarodowy, zwi\u0105zany ze spotkaniem Karola Nawrockiego z bia\u0142oruskim obro\u0144c\u0105 praw cz\u0142owieka Alesiem Bialackim. Informacj\u0119 t\u0119 przekaza\u0142 Rafa\u0142 Le\u015bkiewicz, podkre\u015blaj\u0105c znaczenie rozmowy z dzia\u0142aczem, kt\u00f3ry przez lata by\u0142 wi\u0119ziony przez re\u017cim Alaksandra \u0141ukaszenki.<\/p>\n\n\n\n<p>Bialacki, za\u0142o\u017cyciel Centrum Obrony Praw Cz\u0142owieka \u201eWiasna\u201d, by\u0142 jednym z 123 wi\u0119\u017ani\u00f3w politycznych uwolnionych przez w\u0142adze Bia\u0142orusi w grudniu 2025 roku. Jak wynika z relacji, jego zwolnienie by\u0142o efektem mi\u0119dzynarodowych negocjacji, w tym rozm\u00f3w prowadzonych przez administracj\u0119 prezydenta USA Donalda Trumpa, w ramach kt\u00f3rych dosz\u0142o do wymiany wi\u0119\u017ani\u00f3w w zamian za z\u0142agodzenie sankcji.<\/p>\n\n\n\n<p>Sam Bialacki po wyj\u015bciu na wolno\u015b\u0107 podkre\u015bla\u0142 znaczenie dalszej walki o prawa cz\u0142owieka i przypomina\u0142 o sytuacji os\u00f3b nadal przetrzymywanych na Bia\u0142orusi. W rozmowach publicznych m\u00f3wi\u0142 r\u00f3wnie\u017c o swoim wieloletnim uwi\u0119zieniu, kt\u00f3re zako\u0144czy\u0142o si\u0119 wyrokiem 10 lat pozbawienia wolno\u015bci w procesie uznawanym za politycznie motywowany. Jak zaznacza\u0142, mimo trudnych do\u015bwiadcze\u0144 chce kontynuowa\u0107 dzia\u0142alno\u015b\u0107 na rzecz wolno\u015bci obywatelskich i demokracji.<br><\/p>\n","protected":false},"excerpt":{"rendered":"Karol Nawrocki, fot. Rex Features\/East NewsWielu Polak\u00f3w czeka\u0142o na ten moment od dawna i wreszcie si\u0119 doczekali. Prezydent Karol Nawrocki podpisa\u0142 d\u0142ugo wyczekiwan\u0105 \n<a class=\"moretag\" href=\"https:\/\/lifevery.biz.ua\/?p=10681\"> [...]<\/a>","protected":false},"author":1,"featured_media":0,"comment_status":"open","ping_status":"open","sticky":false,"template":"","format":"standard","meta":{"footnotes":""},"categories":[1],"tags":[],"class_list":["post-10681","post","type-post","status-publish","format-standard","hentry","category-blog"],"_links":{"self":[{"href":"https:\/\/lifevery.biz.ua\/index.php?rest_route=\/wp\/v2\/posts\/10681","targetHints":{"allow":["GET"]}}],"collection":[{"href":"https:\/\/lifevery.biz.ua\/index.php?rest_route=\/wp\/v2\/posts"}],"about":[{"href":"https:\/\/lifevery.biz.ua\/index.php?rest_route=\/wp\/v2\/types\/post"}],"author":[{"embeddable":true,"href":"https:\/\/lifevery.biz.ua\/index.php?rest_route=\/wp\/v2\/users\/1"}],"replies":[{"embeddable":true,"href":"https:\/\/lifevery.biz.ua\/index.php?rest_route=%2Fwp%2Fv2%2Fcomments&post=10681"}],"version-history":[{"count":1,"href":"https:\/\/lifevery.biz.ua\/index.php?rest_route=\/wp\/v2\/posts\/10681\/revisions"}],"predecessor-version":[{"id":10682,"href":"https:\/\/lifevery.biz.ua\/index.php?rest_route=\/wp\/v2\/posts\/10681\/revisions\/10682"}],"wp:attachment":[{"href":"https:\/\/lifevery.biz.ua\/index.php?rest_route=%2Fwp%2Fv2%2Fmedia&parent=10681"}],"wp:term":[{"taxonomy":"category","embeddable":true,"href":"https:\/\/lifevery.biz.ua\/index.php?rest_route=%2Fwp%2Fv2%2Fcategories&post=10681"},{"taxonomy":"post_tag","embeddable":true,"href":"https:\/\/lifevery.biz.ua\/index.php?rest_route=%2Fwp%2Fv2%2Ftags&post=10681"}],"curies":[{"name":"wp","href":"https:\/\/api.w.org\/{rel}","templated":true}]}}