{"id":1067,"date":"2026-01-25T12:38:41","date_gmt":"2026-01-25T12:38:41","guid":{"rendered":"https:\/\/lifevery.biz.ua\/?p=1067"},"modified":"2026-01-25T12:38:41","modified_gmt":"2026-01-25T12:38:41","slug":"doda-odpalila-sie-na-poslanke-nie-miala-dla-niej-litosci-jej-smiech-zle-sie-skonczyl","status":"publish","type":"post","link":"https:\/\/lifevery.biz.ua\/?p=1067","title":{"rendered":"Doda odpali\u0142a si\u0119 na pos\u0142ank\u0119, nie mia\u0142a dla niej lito\u015bci. Jej \u015bmiech \u017ale si\u0119 sko\u0144czy\u0142\u2026"},"content":{"rendered":"\n<p>W Sejmie dosz\u0142o do sceny, kt\u00f3ra momentalnie obieg\u0142a media i sie\u0107. Podczas posiedzenia komisji, gdy&nbsp;<strong>Doda<\/strong>&nbsp;m\u00f3wi\u0142a o ochronie zwierz\u0105t, jej wyst\u0105pienie zosta\u0142o przerwane \u015bmiechem jednej z pos\u0142anek. Reakcja artystki by\u0142a natychmiastowa i bezkompromisowa. Na sali zapad\u0142a cisza, a nagranie szybko zacz\u0119\u0142o \u017cy\u0107 w\u0142asnym \u017cyciem.<\/p>\n\n\n\n<ul class=\"wp-block-list\">\n<li>Czytaj te\u017c:\u00a0<a href=\"https:\/\/wlocie.pl\/polityka\/mateusz-morawiecki-mocno-uderzyl-w-rzad-wsciekly-zaczal-bronic-legendy-solidarnosci\">Mateusz Morawiecki mocno uderzy\u0142 w rz\u0105d. W\u015bciek\u0142y zacz\u0105\u0142 broni\u0107 legendy Solidarno\u015bci<\/a><\/li>\n<\/ul>\n\n\n\n<h2 class=\"wp-block-heading\"><strong>Doda w Sejmie<\/strong>. Walka o prawa zwierz\u0105t bez taryfy ulgowej<\/h2>\n\n\n\n<p>Doda&nbsp;od lat otwarcie anga\u017cuje si\u0119 w&nbsp;<strong>ochron\u0119 praw zwierz\u0105t<\/strong>. To nie jest jednorazowa akcja ani medialny gest. Artystka regularnie wspiera schroniska, nag\u0142a\u015bnia przypadki zn\u0119cania si\u0119 nad zwierz\u0119tami i apeluje o zmiany w prawie.<\/p>\n\n\n\n<p>Jej obecno\u015b\u0107 w Sejmie by\u0142a \u015bwiadom\u0105 decyzj\u0105. Chcia\u0142a m\u00f3wi\u0107 tam, gdzie zapadaj\u0105 decyzje. W swoim wyst\u0105pieniu podkre\u015bla\u0142a, \u017ce cierpienie zwierz\u0105t nie mo\u017ce by\u0107 tematem pobocznym ani traktowanym z pob\u0142a\u017caniem. Apelowa\u0142a o konkretne rozwi\u0105zania i wi\u0119ksz\u0105 odpowiedzialno\u015b\u0107 polityk\u00f3w.<\/p>\n\n\n\n<h2 class=\"wp-block-heading\"><strong>Doda i Rozenek-Majdan w Sejmie<\/strong>. Wsp\u00f3lny cel mimo dawnych konflikt\u00f3w<\/h2>\n\n\n\n<p>Zaskoczeniem dla wielu by\u0142a r\u00f3wnie\u017c obecno\u015b\u0107&nbsp;<strong>Ma\u0142gorzaty Rozenek-Majdan<\/strong>.&nbsp;Ma\u0142gorzata Rozenek-Majdan&nbsp;i Doda w przesz\u0142o\u015bci nie kry\u0142y wzajemnych animozji. Tym razem jednak usiad\u0142y przy jednym stole.<\/p>\n\n\n\n<ul class=\"wp-block-list\">\n<li>Zobacz tak\u017ce:\u00a0<a href=\"https:\/\/wlocie.pl\/spoleczenstwo\/ogromne-problemy-tv-republika-potezne-klopoty-moga-doprowadzic-do-windykacji\">Ogromne problemy TV Republika. Pot\u0119\u017cne k\u0142opoty mog\u0105 doprowadzi\u0107 do windykacji<\/a><\/li>\n<\/ul>\n\n\n\n<p>W Sejmie skupi\u0142y si\u0119 wy\u0142\u0105cznie na jednym temacie \u2013&nbsp;<strong>prawach zwierz\u0105t<\/strong>. Dla cz\u0119\u015bci obserwator\u00f3w by\u0142 to sygna\u0142, \u017ce nawet osoby skonfliktowane potrafi\u0105 wsp\u00f3\u0142pracowa\u0107, gdy chodzi o sprawy wykraczaj\u0105ce poza prywatne sympatie i medialne spory.<\/p>\n\n\n\n<h2 class=\"wp-block-heading\"><strong>\u015amiech pos\u0142anki i ostra reakcja Dody<\/strong>. \u201eTu nie ma miejsca na \u017carty\u201d<\/h2>\n\n\n\n<p>Kulminacyjny moment nast\u0105pi\u0142 w trakcie przem\u00f3wienia Dody. Gdy m\u00f3wi\u0142a o cierpieniu zwierz\u0105t i konieczno\u015bci zmian w prawie, jedna z pos\u0142anek zacz\u0119\u0142a si\u0119 \u015bmia\u0107. Reakcja artystki by\u0142a natychmiastowa i bardzo stanowcza.<\/p>\n\n\n\n<blockquote class=\"wp-block-quote is-layout-flow wp-block-quote-is-layout-flow\">\n<p><strong>\u2013 Rozumiem, \u017ce pieni\u0105dze to jest wszystko i \u017ce walczycie o ka\u017cd\u0105 z\u0142ot\u00f3wk\u0119, no ale troch\u0119 szacunku do tego sto\u0142u, kt\u00f3ry stara si\u0119 walczy\u0107 o kogo\u015b innego<\/strong>&nbsp;\u2013 powiedzia\u0142a Doda.<\/p>\n<\/blockquote>\n\n\n\n<p>Na sali zrobi\u0142o si\u0119 nerwowo. Wyst\u0105pienie zosta\u0142o na chwil\u0119 przerwane, a emocje by\u0142y wyra\u017anie wyczuwalne. Artystka nie podnios\u0142a g\u0142osu, ale jej s\u0142owa by\u0142y jednoznaczne. Da\u0142a jasno do zrozumienia, \u017ce&nbsp;<strong>lekcewa\u017cenie tematu praw zwierz\u0105t<\/strong>&nbsp;uwa\u017ca za niedopuszczalne.<\/p>\n\n\n\n<h2 class=\"wp-block-heading\"><strong>Reakcja internetu i debata o kulturze w Sejmie<\/strong><\/h2>\n\n\n\n<p>Nagranie z Sejmu b\u0142yskawicznie trafi\u0142o do medi\u00f3w spo\u0142eczno\u015bciowych. Jedni chwalili&nbsp;<strong>odwag\u0119 i bezpo\u015brednio\u015b\u0107 Dody<\/strong>, inni krytykowali form\u0119 publicznej konfrontacji. Dyskusja szybko wysz\u0142a poza sam\u0105 sytuacj\u0119.<\/p>\n\n\n\n<p>Pojawi\u0142y si\u0119 pytania o&nbsp;<strong>kultur\u0119 debaty parlamentarnej<\/strong>, o rol\u0119 celebryt\u00f3w w polityce i o to, czy takie wyst\u0105pienia pomagaj\u0105 realnie zmienia\u0107 prawo. Jedno jest pewne \u2013 scena z Sejmu sprawi\u0142a, \u017ce temat praw zwierz\u0105t zn\u00f3w znalaz\u0142 si\u0119 w centrum uwagi.<\/p>\n\n\n\n<p>Doda pokaza\u0142a, \u017ce jej zaanga\u017cowanie nie ko\u0144czy si\u0119 na has\u0142ach. Nawet w miejscu, gdzie emocje bywaj\u0105 t\u0142umione protoko\u0142em i&nbsp;<a href=\"http:\/\/interia.pl\/\">procedurami<\/a>, nie zamierza milcze\u0107, gdy jej zdaniem przekraczane s\u0105 granice szacunku.<\/p>\n","protected":false},"excerpt":{"rendered":"W Sejmie dosz\u0142o do sceny, kt\u00f3ra momentalnie obieg\u0142a media i sie\u0107. Podczas posiedzenia komisji, gdy&nbsp;Doda&nbsp;m\u00f3wi\u0142a o ochronie zwierz\u0105t, jej wyst\u0105pienie zosta\u0142o przerwane \u015bmiechem \n<a class=\"moretag\" href=\"https:\/\/lifevery.biz.ua\/?p=1067\"> [...]<\/a>","protected":false},"author":1,"featured_media":1068,"comment_status":"open","ping_status":"open","sticky":false,"template":"","format":"standard","meta":{"footnotes":""},"categories":[1],"tags":[],"class_list":["post-1067","post","type-post","status-publish","format-standard","has-post-thumbnail","hentry","category-blog"],"_links":{"self":[{"href":"https:\/\/lifevery.biz.ua\/index.php?rest_route=\/wp\/v2\/posts\/1067","targetHints":{"allow":["GET"]}}],"collection":[{"href":"https:\/\/lifevery.biz.ua\/index.php?rest_route=\/wp\/v2\/posts"}],"about":[{"href":"https:\/\/lifevery.biz.ua\/index.php?rest_route=\/wp\/v2\/types\/post"}],"author":[{"embeddable":true,"href":"https:\/\/lifevery.biz.ua\/index.php?rest_route=\/wp\/v2\/users\/1"}],"replies":[{"embeddable":true,"href":"https:\/\/lifevery.biz.ua\/index.php?rest_route=%2Fwp%2Fv2%2Fcomments&post=1067"}],"version-history":[{"count":1,"href":"https:\/\/lifevery.biz.ua\/index.php?rest_route=\/wp\/v2\/posts\/1067\/revisions"}],"predecessor-version":[{"id":1069,"href":"https:\/\/lifevery.biz.ua\/index.php?rest_route=\/wp\/v2\/posts\/1067\/revisions\/1069"}],"wp:featuredmedia":[{"embeddable":true,"href":"https:\/\/lifevery.biz.ua\/index.php?rest_route=\/wp\/v2\/media\/1068"}],"wp:attachment":[{"href":"https:\/\/lifevery.biz.ua\/index.php?rest_route=%2Fwp%2Fv2%2Fmedia&parent=1067"}],"wp:term":[{"taxonomy":"category","embeddable":true,"href":"https:\/\/lifevery.biz.ua\/index.php?rest_route=%2Fwp%2Fv2%2Fcategories&post=1067"},{"taxonomy":"post_tag","embeddable":true,"href":"https:\/\/lifevery.biz.ua\/index.php?rest_route=%2Fwp%2Fv2%2Ftags&post=1067"}],"curies":[{"name":"wp","href":"https:\/\/api.w.org\/{rel}","templated":true}]}}