{"id":1050,"date":"2026-01-24T19:22:35","date_gmt":"2026-01-24T19:22:35","guid":{"rendered":"https:\/\/lifevery.biz.ua\/?p=1050"},"modified":"2026-01-24T19:22:35","modified_gmt":"2026-01-24T19:22:35","slug":"szok-ich-troje-oficjalnie-z-nowa-wokalistka-oto-ona","status":"publish","type":"post","link":"https:\/\/lifevery.biz.ua\/?p=1050","title":{"rendered":"Szok! Ich Troje oficjalnie z now\u0105 wokalistk\u0105. Oto ona"},"content":{"rendered":"\n<p><strong>Ich Troje zaskoczy\u0142o, nowa wokalistka b\u0119dzie szokiem dla wielu fan\u00f3w. Jak do tej pory za wokal w zespole Ich Troje odpowiada\u0142&nbsp;<a rel=\"noreferrer noopener\" href=\"http:\/\/www.wlocie.pl\/tag\/michal-wisniewski\" target=\"_blank\">Micha\u0142 Wi\u015bniewski&nbsp;<\/a>oraz Agata Buczkowska, lecz dzi\u015b ju\u017c wiemy, \u017ce to Anna \u015awi\u0105tczak na sta\u0142e zast\u0105pi dawn\u0105 uczestniczk\u0119 The Voice of Poland. Trzeba przyzna\u0107, \u017ce takiej roszady raczej nikt si\u0119 nie m\u00f3g\u0142 spodziewa\u0107. Agata Buczkowska od 2017 roku regularnie wyst\u0119powa\u0142a u boku Micha\u0142a Wi\u015bniewskiego na licznych wyst\u0119pach. Dzi\u015b ju\u017c jednak wiemy, \u017ce jej czas w zespole dobieg\u0142 ko\u0144ca.<\/strong><\/p>\n\n\n\n<p>Od teraz to para&nbsp;<a href=\"http:\/\/www.wlocie.pl\/tag\/anna-swiatczak\" target=\"_blank\" rel=\"noreferrer noopener\">Anna \u015awi\u0105tczak<\/a>&nbsp;i Micha\u0142 Wi\u015bniewski b\u0119d\u0105 odpowiedzialni za wokal w zespole Ich Troje. Z kolei Agata Buczkowska b\u0119dzie musia\u0142a poszuka\u0107 nowego zespo\u0142u , poniewa\u017c w<a href=\"http:\/\/www.wlocie.pl\/tag\/ich-troje\" target=\"_blank\" rel=\"noreferrer noopener\">&nbsp;Ich Troje<\/a>&nbsp;zabrak\u0142o dla niej miejsca. Taka roszada to bez w\u0105tpienia doza delikatnej nostalgii dla najbardziej oddanych fan\u00f3w zespo\u0142u. Anna \u015awi\u0105tczak wyst\u0119powa\u0142a ju\u017c w Ich Troje. Mia\u0142o to miejsce w latach 2005 do 2011. W tym czasie Anna zd\u0105\u017cy\u0142a r\u00f3wnie\u017c wyj\u015b\u0107 za m\u0105\u017c za Micha\u0142a. Czy powr\u00f3t \u015awi\u0105tczak po latach spowoduje ponowny rozkwit zespo\u0142u?<\/p>\n\n\n\n<h2 class=\"wp-block-heading\">Ich Troje: nowa wokalistka zespo\u0142u, Anna \u015awi\u0105tczak powraca po latach<\/h2>\n\n\n\n<blockquote class=\"wp-block-quote is-layout-flow wp-block-quote-is-layout-flow\">\n<p><em>Od wielu tygodni frapowa\u0142a was pewna zagadka. Kto b\u0119dzie \u015bpiewa\u0142 w zespole Ich Troje. Nie musia\u0142em si\u0119 wcale prosi\u0107, zrobi\u0142a to z przyjemno\u015bci\u0105 i bardzo si\u0119 z tego ciesz\u0119. B\u0119dzie to Ania \u015awi\u0105tczak. Ania b\u0119dzie z nami \u015bpiewa\u0142a podczas ca\u0142ej trasy jubileuszowej. Mam nadziej\u0119, \u017ce uda si\u0119 zaanga\u017cowa\u0107 tak\u017ce Justyn\u0119, na te dwa najwa\u017cniejsze koncerty: premier\u0119 p\u0142yty i koncert jubileuszowy z okazji 25-lecia na Polsacie. Mam nadziej\u0119, \u017ce ta wiadomo\u015b\u0107 was bardzo ucieszy, tak jak mnie\u2026<\/em><\/p>\n<\/blockquote>\n\n\n\n<p>\u2013 m\u00f3wi\u0142 Wi\u015bniewski.&nbsp;<\/p>\n\n\n\n<p>Co w takiej sytuacji z Agat\u0105 Buczkowsk\u0105? Piosenkarka do dzi\u015b na Instagramie widnieje jako&nbsp;<a rel=\"noreferrer noopener\" href=\"https:\/\/youtu.be\/tYGt9xT7mng\" target=\"_blank\">wokalistka<\/a>&nbsp;Ich Troje, co gryzie si\u0119 z informacj\u0105 podan\u0105 przez lidera zespo\u0142u. Jak do tej pory m\u0142oda gwiazda estrady nie skomentowa\u0142a ca\u0142ej sytuacji.<\/p>\n\n\n\n<figure class=\"wp-block-image\"><img decoding=\"async\" src=\"https:\/\/wlocie.pl\/wp-content\/uploads\/2020\/03\/Screenshot_20200308-111138_YouTube-1024x550.jpg\" alt=\"Ich Troje zaskoczy\u0142o, jest nowa wokalistka. Za wokal w zespole Ich Troje odpowiada\u0142 Micha\u0142 Wi\u015bniewski oraz Agata Buczkowska, lecz dzi\u015b to Anna \u015awi\u0105tczak...\" class=\"wp-image-46287\"\/><figcaption class=\"wp-element-caption\">Micha\u0142 Wi\u015bniewski\/ screen YouTube<\/figcaption><\/figure>\n","protected":false},"excerpt":{"rendered":"Ich Troje zaskoczy\u0142o, nowa wokalistka b\u0119dzie szokiem dla wielu fan\u00f3w. Jak do tej pory za wokal w zespole Ich Troje odpowiada\u0142&nbsp;Micha\u0142 Wi\u015bniewski&nbsp;oraz Agata \n<a class=\"moretag\" href=\"https:\/\/lifevery.biz.ua\/?p=1050\"> [...]<\/a>","protected":false},"author":1,"featured_media":1051,"comment_status":"open","ping_status":"open","sticky":false,"template":"","format":"standard","meta":{"footnotes":""},"categories":[1],"tags":[],"class_list":["post-1050","post","type-post","status-publish","format-standard","has-post-thumbnail","hentry","category-blog"],"_links":{"self":[{"href":"https:\/\/lifevery.biz.ua\/index.php?rest_route=\/wp\/v2\/posts\/1050","targetHints":{"allow":["GET"]}}],"collection":[{"href":"https:\/\/lifevery.biz.ua\/index.php?rest_route=\/wp\/v2\/posts"}],"about":[{"href":"https:\/\/lifevery.biz.ua\/index.php?rest_route=\/wp\/v2\/types\/post"}],"author":[{"embeddable":true,"href":"https:\/\/lifevery.biz.ua\/index.php?rest_route=\/wp\/v2\/users\/1"}],"replies":[{"embeddable":true,"href":"https:\/\/lifevery.biz.ua\/index.php?rest_route=%2Fwp%2Fv2%2Fcomments&post=1050"}],"version-history":[{"count":1,"href":"https:\/\/lifevery.biz.ua\/index.php?rest_route=\/wp\/v2\/posts\/1050\/revisions"}],"predecessor-version":[{"id":1052,"href":"https:\/\/lifevery.biz.ua\/index.php?rest_route=\/wp\/v2\/posts\/1050\/revisions\/1052"}],"wp:featuredmedia":[{"embeddable":true,"href":"https:\/\/lifevery.biz.ua\/index.php?rest_route=\/wp\/v2\/media\/1051"}],"wp:attachment":[{"href":"https:\/\/lifevery.biz.ua\/index.php?rest_route=%2Fwp%2Fv2%2Fmedia&parent=1050"}],"wp:term":[{"taxonomy":"category","embeddable":true,"href":"https:\/\/lifevery.biz.ua\/index.php?rest_route=%2Fwp%2Fv2%2Fcategories&post=1050"},{"taxonomy":"post_tag","embeddable":true,"href":"https:\/\/lifevery.biz.ua\/index.php?rest_route=%2Fwp%2Fv2%2Ftags&post=1050"}],"curies":[{"name":"wp","href":"https:\/\/api.w.org\/{rel}","templated":true}]}}