{"id":1043,"date":"2026-01-24T19:19:41","date_gmt":"2026-01-24T19:19:41","guid":{"rendered":"https:\/\/lifevery.biz.ua\/?p=1043"},"modified":"2026-01-24T19:19:41","modified_gmt":"2026-01-24T19:19:41","slug":"syn-slynnej-europoslanki-potracony-na-pasach-dramatyczne-wiesci-obiegly-kraj","status":"publish","type":"post","link":"https:\/\/lifevery.biz.ua\/?p=1043","title":{"rendered":"Syn s\u0142ynnej europos\u0142anki potr\u0105cony na pasach. Dramatyczne wie\u015bci obieg\u0142y kraj"},"content":{"rendered":"\n<p><strong>Jednego dnia na przej\u015bciach dla pieszych na Lubelszczy\u017anie zgin\u0119\u0142y dwie kobiety. Kilka dni wcze\u015bniej w tym samym regionie o w\u0142os od \u015bmierci by\u0142 Konrad Wcis\u0142o, lubelski radny i syn europos\u0142anki Marty Wcis\u0142o. Dzi\u015b m\u00f3wi wprost o strachu, b\u00f3lu i o tym, jak kruche jest bezpiecze\u0144stwo pieszych.<\/strong><\/p>\n\n\n\n<h2 class=\"wp-block-heading\">Fatalny pi\u0105tek na lubelskich drogach<\/h2>\n\n\n\n<p>Pi\u0105tek 12 grudnia zapisa\u0142 si\u0119 czarnymi zg\u0142oskami w policyjnych statystykach Lubelszczyzny. Wczesnym rankiem w Ciecierzynie pod Lublinem kierowca samochodu osobowego potr\u0105ci\u0142&nbsp;<strong>40-letni\u0105 kobiet\u0119<\/strong>, kt\u00f3ra przechodzi\u0142a przez&nbsp;<strong>oznakowane przej\u015bcie dla pieszych<\/strong>. Pomimo szybkiej interwencji s\u0142u\u017cb, kobieta zmar\u0142a w wyniku odniesionych obra\u017ce\u0144.<\/p>\n\n\n\n<p>Kilka godzin p\u00f3\u017aniej dosz\u0142o do kolejnej tragedii. Na drodze krajowej nr 17 w Suchodo\u0142ach&nbsp;<strong>39-letni kierowca busa nie ust\u0105pi\u0142 pierwsze\u0144stwa 84-letniej seniorce<\/strong>, znajduj\u0105cej si\u0119 na&nbsp;<strong>oznakowanym i o\u015bwietlonym przej\u015bciu<\/strong>. Kobieta zosta\u0142a przewieziona do szpitala w stanie ci\u0119\u017ckim. Jej \u017cycia nie uda\u0142o si\u0119 uratowa\u0107.<\/p>\n\n\n\n<p>Dwie \u015bmierci w jeden dzie\u0144. Ten sam region. Ten sam schemat. I, jak si\u0119 okazuje, to nie by\u0142y odosobnione zdarzenia.<\/p>\n\n\n\n<h2 class=\"wp-block-heading\">Szcz\u0119\u015bcie Konrada Wcis\u0142o w nieszcz\u0119\u015bciu<\/h2>\n\n\n\n<p>Kilka dni wcze\u015bniej, w \u015brod\u0119, na al. Sp\u00f3\u0142dzielczo\u015bci Pracy w Lublinie dosz\u0142o do potr\u0105cenia&nbsp;<strong>Konrada Wcis\u0142o<\/strong>, radnego miasta Lublin. M\u0119\u017cczyzna przechodzi\u0142 przez jezdni\u0119, gdy kierowca nadje\u017cd\u017caj\u0105cy z prawej strony przepu\u015bci\u0142 jednego pieszego, ale w niego ju\u017c uderzy\u0142.<\/p>\n\n\n\n<blockquote class=\"wp-block-quote is-layout-flow wp-block-quote-is-layout-flow\">\n<p>\u2013&nbsp;<strong>Wjecha\u0142 we mnie jak w powietrze<\/strong>&nbsp;\u2013 relacjonowa\u0142 Wcis\u0142o po wyj\u015bciu ze szpitala.<\/p>\n<\/blockquote>\n\n\n\n<p>Uderzenie nast\u0105pi\u0142o prawym bokiem samochodu. Kierowca nie zatrzyma\u0142 si\u0119. Odjecha\u0142 z miejsca zdarzenia, nie udzielaj\u0105c pomocy. Radny zapami\u0119ta\u0142 jedynie, \u017ce auto by\u0142o zwi\u0105zane z us\u0142ugami przewozowymi realizowanymi przez popularn\u0105 aplikacj\u0119.<\/p>\n\n\n\n<h2 class=\"wp-block-heading\">T\u0142umaczenia kierowcy i konsekwencje wypadku<\/h2>\n\n\n\n<p>Dzi\u0119ki relacjom \u015bwiadk\u00f3w policja szybko ustali\u0142a sprawc\u0119.&nbsp;<strong>21-letni mieszkaniec Lublina<\/strong>&nbsp;zosta\u0142 zatrzymany i przyzna\u0142 si\u0119 do spowodowania wypadku. Jednocze\u015bnie t\u0142umaczy\u0142, \u017ce&nbsp;<strong>nie mia\u0142 \u015bwiadomo\u015bci, i\u017c potr\u0105ci\u0142 cz\u0142owieka<\/strong>.<\/p>\n\n\n\n<p>Us\u0142ysza\u0142 zarzut, jednak nie trafi\u0142 do aresztu. Zastosowano wobec niego&nbsp;<strong>doz\u00f3r policyjny<\/strong>.<\/p>\n\n\n\n<p>Stan Konrada Wcis\u0142o tymczasem wcale nie poprawia si\u0119. Radny wyszed\u0142 ze szpitala, ale jego codzienno\u015b\u0107 wype\u0142nia b\u00f3l i strach. Ma&nbsp;<strong>skr\u0119cony bark<\/strong>, nosi&nbsp;<strong>gips od pasa po szyj\u0119<\/strong>, zmaga si\u0119 z&nbsp;<strong>klaustrofobi\u0105<\/strong>, a na ciele wci\u0105\u017c widoczne s\u0105 rozleg\u0142e siniaki. Jak sam przyznaje, dolegliwo\u015bci s\u0105 coraz bardziej uci\u0105\u017cliwe.<\/p>\n\n\n\n<blockquote class=\"wp-block-quote is-layout-flow wp-block-quote-is-layout-flow\">\n<p>\u2013&nbsp;<strong>Sam sta\u0142em si\u0119 przyk\u0142adem tego, \u017ce naprawd\u0119 warto dba\u0107 o bezpiecze\u0144stwo, o pieszych<\/strong>&nbsp;\u2013 m\u00f3wi dzi\u015b.<\/p>\n<\/blockquote>\n\n\n\n<p>Radny, kt\u00f3ry wielokrotnie sk\u0142ada\u0142 interpelacje w sprawie poprawy bezpiecze\u0144stwa, monta\u017cu fotoradar\u00f3w i do\u015bwietlania przej\u015b\u0107, teraz sam do\u015bwiadczy\u0142, jak niewiele potrzeba, by znale\u017a\u0107 si\u0119 o krok od tragedii.<\/p>\n\n\n\n<h2 class=\"wp-block-heading\">Piesi na drogach Lubelszczyzny. Krucha granica \u017cycia<\/h2>\n\n\n\n<p>Pi\u0105tkowe tragedie i wcze\u015bniejszy wypadek z udzia\u0142em Konrada Wcis\u0142o tworz\u0105 sp\u00f3jny, niepokoj\u0105cy obraz.&nbsp;<strong>Oznakowane przej\u015bcia, \u015bwiat\u0142a, pierwsze\u0144stwo \u2013 to wci\u0105\u017c za ma\u0142o<\/strong>, gdy zabraknie uwagi, wyobra\u017ani i odpowiedzialno\u015bci kierowc\u00f3w.<\/p>\n\n\n\n<p>Dla dw\u00f3ch kobiet ten dzie\u0144 okaza\u0142 si\u0119 ostatnim. Dla lubelskiego radnego \u2013 bolesnym ostrze\u017ceniem. Dla wszystkich innych powinien by\u0107 sygna\u0142em alarmowym.<\/p>\n","protected":false},"excerpt":{"rendered":"Jednego dnia na przej\u015bciach dla pieszych na Lubelszczy\u017anie zgin\u0119\u0142y dwie kobiety. Kilka dni wcze\u015bniej w tym samym regionie o w\u0142os od \u015bmierci by\u0142 \n<a class=\"moretag\" href=\"https:\/\/lifevery.biz.ua\/?p=1043\"> [...]<\/a>","protected":false},"author":1,"featured_media":1048,"comment_status":"open","ping_status":"open","sticky":false,"template":"","format":"standard","meta":{"footnotes":""},"categories":[1],"tags":[],"class_list":["post-1043","post","type-post","status-publish","format-standard","has-post-thumbnail","hentry","category-blog"],"_links":{"self":[{"href":"https:\/\/lifevery.biz.ua\/index.php?rest_route=\/wp\/v2\/posts\/1043","targetHints":{"allow":["GET"]}}],"collection":[{"href":"https:\/\/lifevery.biz.ua\/index.php?rest_route=\/wp\/v2\/posts"}],"about":[{"href":"https:\/\/lifevery.biz.ua\/index.php?rest_route=\/wp\/v2\/types\/post"}],"author":[{"embeddable":true,"href":"https:\/\/lifevery.biz.ua\/index.php?rest_route=\/wp\/v2\/users\/1"}],"replies":[{"embeddable":true,"href":"https:\/\/lifevery.biz.ua\/index.php?rest_route=%2Fwp%2Fv2%2Fcomments&post=1043"}],"version-history":[{"count":1,"href":"https:\/\/lifevery.biz.ua\/index.php?rest_route=\/wp\/v2\/posts\/1043\/revisions"}],"predecessor-version":[{"id":1049,"href":"https:\/\/lifevery.biz.ua\/index.php?rest_route=\/wp\/v2\/posts\/1043\/revisions\/1049"}],"wp:featuredmedia":[{"embeddable":true,"href":"https:\/\/lifevery.biz.ua\/index.php?rest_route=\/wp\/v2\/media\/1048"}],"wp:attachment":[{"href":"https:\/\/lifevery.biz.ua\/index.php?rest_route=%2Fwp%2Fv2%2Fmedia&parent=1043"}],"wp:term":[{"taxonomy":"category","embeddable":true,"href":"https:\/\/lifevery.biz.ua\/index.php?rest_route=%2Fwp%2Fv2%2Fcategories&post=1043"},{"taxonomy":"post_tag","embeddable":true,"href":"https:\/\/lifevery.biz.ua\/index.php?rest_route=%2Fwp%2Fv2%2Ftags&post=1043"}],"curies":[{"name":"wp","href":"https:\/\/api.w.org\/{rel}","templated":true}]}}