{"id":1036,"date":"2026-01-24T19:02:47","date_gmt":"2026-01-24T19:02:47","guid":{"rendered":"https:\/\/lifevery.biz.ua\/?p=1036"},"modified":"2026-01-24T19:02:47","modified_gmt":"2026-01-24T19:02:47","slug":"maryla-rodowicz-o-zwolnieniu-jej-z-tvp-bo-spiewala-za-rzadow-pis-u","status":"publish","type":"post","link":"https:\/\/lifevery.biz.ua\/?p=1036","title":{"rendered":"Maryla Rodowicz o zwolnieniu jej z TVP. Bo \u015bpiewa\u0142a za rz\u0105d\u00f3w PiS-u?"},"content":{"rendered":"\n<p>Maryla Rodowicz opowiedzia\u0142a, w jaki spos\u00f3b zosta\u0142a zwolniona z TVP. Przetrwa\u0142a w telewizji publicznej wszystkie rz\u0105dy pocz\u0105wszy od zamierzch\u0142ych czas\u00f3w PRL-u. Dopiero teraz telewizja jej si\u0119 pozby\u0142a. Pozosta\u0142o jej ogl\u0105danie festiwalu w Opolu w telewizorze.<\/p>\n\n\n\n<figure class=\"wp-block-image\"><img decoding=\"async\" src=\"https:\/\/wideoportal.tv\/static\/files\/inline_images\/161\/inline__1585505_3974.jpg\" alt=\"\"\/><\/figure>\n\n\n\n<p>Podczas tegorocznego festiwalu w Opolu nie pojawi\u0142o si\u0119 wi\u0119kszo\u015b\u0107 artyst\u00f3w, kt\u00f3rzy wyst\u0119powali w TVP za rz\u0105d\u00f3w PiS-u. W gronie wykluczonych znalaz\u0142a si\u0119&nbsp;<a href=\"https:\/\/wideoportal.tv\/tag\/maryla-rodowicz\/\"><strong>Maryla Rodowicz<\/strong><\/a>, kt\u00f3ra ju\u017c wcze\u015bniej straci\u0142a posad\u0119 trenerki w &#8220;The Voice Senior&#8221;.<\/p>\n\n\n\n<h2 class=\"wp-block-heading\"><strong>Maryla Rodowicz o zwolnieniu jej z TVP. Bo \u015bpiewa\u0142a za rz\u0105d\u00f3w PiS-u?<\/strong><\/h2>\n\n\n\n<p>W rozmowie z &#8220;Faktem&#8221; ujawni\u0142a, w jaki spos\u00f3b TVP zako\u0144czy\u0142a z ni\u0105 wsp\u00f3\u0142prac\u0119. Artystka otrzyma\u0142a li\u015bcik z kr\u00f3tkim podzi\u0119kowaniem.<\/p>\n\n\n\n<blockquote class=\"wp-block-quote is-layout-flow wp-block-quote-is-layout-flow\">\n<p><strong>Przys\u0142ano mi do domu kwiaty i tak\u0105 wydrukowan\u0105 karteczk\u0119. Nawet nie pofatygowano si\u0119 o odr\u0119czny podpis. Na karteczce napisano, \u017ce dzi\u0119kuj\u0105 za moj\u0105 energi\u0119. Jednym s\u0142owem, niezbyt elegancko. To oczywi\u015bcie kwestia kultury, bo przecie\u017c mo\u017cna by\u0142o cho\u0107 zadzwoni\u0107. No, ale nowi mo\u017ce te\u017c b\u0119d\u0105 mieli t\u0119 energi\u0119 co ja &#8211; stwierdzi\u0142a z przek\u0105sem.<\/strong><\/p>\n\n\n\n<p>Reklama<\/p>\n<\/blockquote>\n\n\n\n<p>Maryla Rodowicz ca\u0142kiem niedawno obawia\u0142a si\u0119 utraty pracy w TVP. W 2023 roku udzieli\u0142a wywiadu, w kt\u00f3rym skrytykowa\u0142a publiczn\u0105 telewizj\u0119 oraz rz\u0105dz\u0105c\u0105 w\u00f3wczas parti\u0119.<\/p>\n\n\n\n<blockquote class=\"wp-block-quote is-layout-flow wp-block-quote-is-layout-flow\">\n<p><strong>TVP to jest re\u017cimowa, rz\u0105dowa telewizja. Arty\u015bci bojkotuj\u0105 festiwal w Opolu. Jest ma\u0142y sk\u0142ad, w k\u00f3\u0142ko te same nazwiska, na sylwestrowym koncercie te\u017c. Mi brakuje tej ca\u0142ej nowej generacji, tego m\u0142odego rzutu. (&#8230;) To jest przykra sytuacja, \u017ce rz\u0105dz\u0105cy doprowadzili do podzia\u0142\u00f3w. Jak mo\u017cna by\u0107 parti\u0105 wiod\u0105c\u0105 i tak dzieli\u0107 ludzi?! Dlatego bym chcia\u0142a, \u017ceby przegrali wybory &#8211; powiedzia\u0142a w\u00f3wczas w rozmowie z Plotkiem.<\/strong><\/p>\n\n\n\n<p>Reklama<\/p>\n<\/blockquote>\n\n\n\n<p><strong><a href=\"https:\/\/wideoportal.tv\/artykul\/ujawniono-dlaczego-maryli\/1585187\">SPRAWD\u0179: Ujawniono dlaczego Maryli Rodowicz nie zaproszono do Opola. Pow\u00f3d szokuje<\/a><\/strong><\/p>\n\n\n\n<p>Nie ukrywa\u0142a, \u017ce po wywiadzie, kt\u00f3ry zyska\u0142 du\u017cy rozg\u0142os, na dywaniku w TVP znalaz\u0142 si\u0119 jej menad\u017cer. W ko\u0144cu wszystko sko\u0144czy\u0142o si\u0119 dla artystki dobrze. Dzisiaj uwa\u017ca, \u017ce festiwal w Opolu nie by\u0142 &#8220;polityczny&#8221;. Zaznaczy\u0142a przy tym, \u017ce przetrwa\u0142a ka\u017cd\u0105 w\u0142adz\u0119. Dlaczego wi\u0119c teraz nie otrzyma\u0142a zaproszenia do uczestniczenia w imprezie?<\/p>\n\n\n\n<blockquote class=\"wp-block-quote is-layout-flow wp-block-quote-is-layout-flow\">\n<p><strong>Nie mam \u017calu, ale pierwszy raz mam wra\u017cenie, \u017ce jest bardziej politycznie ni\u017c kiedykolwiek. Dla mnie Opole nigdy nie by\u0142o polityczne, \u015bpiewa\u0142am za Gierka, za Gomu\u0142ki, a teraz jestem &#8220;be&#8221;. Bo co? Bo \u015bpiewa\u0142am za minionej w\u0142adzy? Wi\u0119c teraz jestem wykluczona? Niech b\u0119dzie, ale lubi\u0119 Opole i b\u0119d\u0119 ogl\u0105da\u0107, jestem ciekawa i aran\u017cacji, i kreacji gwiazd. To m\u00f3j zaw\u00f3d i ogl\u0105danie takich festiwali zawsze jest dla mnie fascynuj\u0105ce. Nawet jak nie wyst\u0119puj\u0119 &#8211; zapewni\u0142a.<\/strong><\/p>\n\n\n\n<p>Reklama<\/p>\n<\/blockquote>\n\n\n\n<figure class=\"wp-block-image\"><img decoding=\"async\" src=\"https:\/\/wideoportal.tv\/static\/files\/inline_images\/161\/inline__1585505_7132.jpg\" alt=\"\"\/><\/figure>\n\n\n\n<figure class=\"wp-block-image\"><img decoding=\"async\" src=\"https:\/\/wideoportal.tv\/static\/files\/inline_images\/161\/inline__1585505_8064.jpg\" alt=\"\"\/><\/figure>\n\n\n\n<figure class=\"wp-block-image\"><img decoding=\"async\" src=\"https:\/\/wideoportal.tv\/static\/files\/inline_images\/161\/inline__1585505_3875.jpg\" alt=\"\"\/><\/figure>\n\n\n\n<p><em>fot. Instagram, KAPiF<\/em><\/p>\n","protected":false},"excerpt":{"rendered":"Maryla Rodowicz opowiedzia\u0142a, w jaki spos\u00f3b zosta\u0142a zwolniona z TVP. Przetrwa\u0142a w telewizji publicznej wszystkie rz\u0105dy pocz\u0105wszy od zamierzch\u0142ych czas\u00f3w PRL-u. Dopiero teraz \n<a class=\"moretag\" href=\"https:\/\/lifevery.biz.ua\/?p=1036\"> [...]<\/a>","protected":false},"author":1,"featured_media":1037,"comment_status":"open","ping_status":"open","sticky":false,"template":"","format":"standard","meta":{"footnotes":""},"categories":[1],"tags":[],"class_list":["post-1036","post","type-post","status-publish","format-standard","has-post-thumbnail","hentry","category-blog"],"_links":{"self":[{"href":"https:\/\/lifevery.biz.ua\/index.php?rest_route=\/wp\/v2\/posts\/1036","targetHints":{"allow":["GET"]}}],"collection":[{"href":"https:\/\/lifevery.biz.ua\/index.php?rest_route=\/wp\/v2\/posts"}],"about":[{"href":"https:\/\/lifevery.biz.ua\/index.php?rest_route=\/wp\/v2\/types\/post"}],"author":[{"embeddable":true,"href":"https:\/\/lifevery.biz.ua\/index.php?rest_route=\/wp\/v2\/users\/1"}],"replies":[{"embeddable":true,"href":"https:\/\/lifevery.biz.ua\/index.php?rest_route=%2Fwp%2Fv2%2Fcomments&post=1036"}],"version-history":[{"count":1,"href":"https:\/\/lifevery.biz.ua\/index.php?rest_route=\/wp\/v2\/posts\/1036\/revisions"}],"predecessor-version":[{"id":1038,"href":"https:\/\/lifevery.biz.ua\/index.php?rest_route=\/wp\/v2\/posts\/1036\/revisions\/1038"}],"wp:featuredmedia":[{"embeddable":true,"href":"https:\/\/lifevery.biz.ua\/index.php?rest_route=\/wp\/v2\/media\/1037"}],"wp:attachment":[{"href":"https:\/\/lifevery.biz.ua\/index.php?rest_route=%2Fwp%2Fv2%2Fmedia&parent=1036"}],"wp:term":[{"taxonomy":"category","embeddable":true,"href":"https:\/\/lifevery.biz.ua\/index.php?rest_route=%2Fwp%2Fv2%2Fcategories&post=1036"},{"taxonomy":"post_tag","embeddable":true,"href":"https:\/\/lifevery.biz.ua\/index.php?rest_route=%2Fwp%2Fv2%2Ftags&post=1036"}],"curies":[{"name":"wp","href":"https:\/\/api.w.org\/{rel}","templated":true}]}}