{"id":1027,"date":"2026-01-24T18:53:32","date_gmt":"2026-01-24T18:53:32","guid":{"rendered":"https:\/\/lifevery.biz.ua\/?p=1027"},"modified":"2026-01-24T18:53:32","modified_gmt":"2026-01-24T18:53:32","slug":"krzysztof-rutkowski-o-nieprzychylnosci-internautow-to-sa-zlosliwi-ludzie-ktorzy-nic-nie-osiagneli-tylko-w-wideoportalu","status":"publish","type":"post","link":"https:\/\/lifevery.biz.ua\/?p=1027","title":{"rendered":"Krzysztof Rutkowski o nieprzychylno\u015bci internaut\u00f3w: To s\u0105 z\u0142o\u015bliwi ludzie, kt\u00f3rzy nic nie osi\u0105gn\u0119li [TYLKO W WIDEOPORTALU]"},"content":{"rendered":"\n<p>Kontrowersyjny detektyw i jego \u017cona zmagaj\u0105 si\u0119 z wieloma negatywnymi opiniami na sw\u00f3j temat. Krzysztof Rutkowski uwa\u017ca, \u017ce hejterzy s\u0105 hipokrytami, za\u015b ich zawistne wpisy zemszcz\u0105 si\u0119 na nich samych. W pewnym momencie celebryta nawi\u0105za\u0142 do zasady panuj\u0105cej w&#8230; oddzia\u0142ach radzieckiej milicji.<\/p>\n\n\n\n<figure class=\"wp-block-image\"><img decoding=\"async\" src=\"https:\/\/wideoportal.tv\/static\/files\/inline_images\/161\/inline__1723278_4001.jpg\" alt=\"\"\/><\/figure>\n\n\n\n<p>Krzysztof i Maja Rutkowscy na imprezach show-biznesowych zawsze zwracaj\u0105 na siebie uwag\u0119 swoim intryguj\u0105cym wygl\u0105dem. Niedawno&nbsp;<a href=\"https:\/\/wideoportal.tv\/tag\/krzysztof-rutkowski\/\"><strong>Krzysztof Rutkowski<\/strong><\/a>&nbsp;pozby\u0142 si\u0119 swojej charakterystycznej &#8220;kwadratowej&#8221; fryzury i teraz prezentuje teraz bujn\u0105, czarn\u0105 czupryn\u0119. Podczas Gali Plejady pa\u0144stwo Rutkowscy ucharakteryzowani byli na postaci z serialu &#8220;Wikingowie&#8221; &#8211; Maja z tajemniczymi rysunkami na twarzy, za\u015b Krzysztof z dum\u0105 pokazywa\u0142 misternie zapleciony warkocz.<\/p>\n\n\n\n<h2 class=\"wp-block-heading\"><strong>Krzysztof Rutkowski o nieprzychylno\u015bci internaut\u00f3w: To s\u0105 z\u0142o\u015bliwi ludzie, kt\u00f3rzy nic nie osi\u0105gn\u0119li [TYLKO W WIDEOPORTALU]<\/strong><\/h2>\n\n\n\n<p>Co s\u0105dz\u0105 o licznych negatywnych komentarzach na sw\u00f3j temat, kt\u00f3rych pe\u0142no jest w internecie?<\/p>\n\n\n\n<p>Reklama<\/p>\n\n\n\n<blockquote class=\"wp-block-quote is-layout-flow wp-block-quote-is-layout-flow\">\n<p><strong>To s\u0105 z\u0142o\u015bliwi ludzie, kt\u00f3rzy nic nie osi\u0105gn\u0119li w \u017cyciu i po prostu swoj\u0105 \u017c\u00f3\u0142\u0107 wylewaj\u0105 &#8211; stwierdzi\u0142a wprost&nbsp;<a href=\"https:\/\/wideoportal.tv\/tag\/maja-rutkowski\/\">Maja Rutkowski<\/a>, dodaj\u0105c, \u017ce sama nie spotyka si\u0119 z negatywnymi opiniami na sw\u00f3j temat.<\/strong><\/p>\n<\/blockquote>\n\n\n\n<p>Krzysztof Rutkowski rozgryz\u0142 prawdziwe intencje hejter\u00f3w. Uwa\u017ca, \u017ce nienawistne wpisy na jego temat obr\u00f3c\u0105 si\u0119 przeciwko ich autorom.<\/p>\n\n\n\n<blockquote class=\"wp-block-quote is-layout-flow wp-block-quote-is-layout-flow\">\n<p><strong>Zazdro\u015b\u0107 jest emocj\u0105, kt\u00f3ra nie jest taka najgorsza, poniewa\u017c zazdro\u015b\u0107 jest emocj\u0105 podziwu. Natomiast nienawi\u015b\u0107, zawi\u015b\u0107, \u017cyczenie wszystkiego co najgorsze odbija si\u0119 bardzo \u017ale dla tych, kt\u00f3rzy to robi\u0105. Ja nie czytam w og\u00f3le komentarze, tak\u017ce hejterzy, no przykro mi bardzo, ja nawet nie wiem co wy piszecie, bo to mnie nie interesuje. Natomiast niejednokrotnie Maja zapoznaje si\u0119 z tym, ja w og\u00f3le si\u0119 tym nie przejmuj\u0119, ja robi\u0119 swoje. Dla mnie najwa\u017cniejsze jest, \u017ceby tak jak powiedzia\u0142em, stworzy\u0142em mark\u0119 premium i tego si\u0119 trzymam i tak ma by\u0107 &#8211; stwierdzi\u0142 w rozmowie z Wideoportalem.<\/strong><\/p>\n\n\n\n<p>Reklama<\/p>\n<\/blockquote>\n\n\n\n<p>Wytkn\u0105\u0142 hejterom hipokryzj\u0119 &#8211; najpierw siej\u0105 w sieci nienawi\u015b\u0107, lecz ca\u0142kowicie zmieniaj\u0105 podej\u015bcie, kiedy stan\u0105 przed detektywem twarz\u0105 w twarz.<\/p>\n\n\n\n<blockquote class=\"wp-block-quote is-layout-flow wp-block-quote-is-layout-flow\">\n<p><strong>A czy kto\u015b m\u00f3wi dobrze, czy m\u00f3wi \u017ale. A jak m\u00f3wi \u017ale, to zapytam go, dlaczego m\u00f3wi \u017ale, powiedz mi to w twarz. To jest najgorsze, \u017ce ten hejter, kt\u00f3ry czyta gdzie\u015b jad\u0105c autobusem jaki\u015b artyku\u0142 na temat Rutkowskiego, \u017ce to \u015bwinia, to taki. Ale wyjdzie z samochodu, przepraszam, wyjdzie z autobusu, podje\u017cd\u017ca gdzie\u015b na na miejsce, gdzie spotyka mnie w stacji paliw i podchodzi do mnie i si\u0119 pyta, czy mog\u0119, panie Krzysztofie, zrobi\u0107 sobie ze mn\u0105 zdj\u0119cie. Powiedzcie, to jest taka gwa\u0142towna zmiana pogl\u0105d\u00f3w? Nie, to jest takie uzale\u017cnienie dla wielu ludzi od tego, \u017ceby tylko niszczy\u0107, \u017ceby tylko psu\u0107. To jest taki pier\u015bcie\u0144, kt\u00f3ry ich otacza, pier\u015bcie\u0144 nienawi\u015bci, pier\u015bcie\u0144 z\u0142o\u015bci.<\/strong><\/p>\n\n\n\n<p>Reklama<\/p>\n<\/blockquote>\n\n\n\n<p><strong><a href=\"https:\/\/wideoportal.tv\/artykul\/krzysztof-rutkowski-ujawnil-n1592977\">SPRAWD\u0179: Krzysztof Rutkowski ujawni\u0142 prawd\u0119 o wizycie w agencji Dagmary Ka\u017amierskiej: Ona stanie si\u0119 [jak] pokrzywdzona<\/a><\/strong><\/p>\n\n\n\n<p>Krzysztof Rutkowski zapewni\u0142, \u017ce konstruktywna krytyka dzia\u0142a na niego motywuj\u0105co i sk\u0142ania do czynienia dobrych rzeczy.<\/p>\n\n\n\n<blockquote class=\"wp-block-quote is-layout-flow wp-block-quote-is-layout-flow\">\n<p><strong>Ci ludzie trac\u0105 wszystko sami dla siebie, nie dla nas, poniewa\u017c nawet je\u017celi s\u0105 s\u0142owa krytyki, to one motywuj\u0105 do tego, \u017ceby by\u0107 lepszym, s\u0142owa krytyki prowadz\u0105 do doskona\u0142o\u015bci, natomiast my si\u0119 w og\u00f3le tym nie przejmujemy. Robimy swoje, staramy si\u0119 robi\u0107 to jak najlepiej potrafimy, pomaga\u0107 tym, kt\u00f3rym trzeba pomaga\u0107 i \u017cyjemy dalej. Najbardziej zazdroszcz\u0105 nam u\u015bmiechu, szcz\u0119\u015bcia, tego &#8220;magic&#8221;, kt\u00f3ry mamy &#8211; stwierdzi\u0142.<\/strong><\/p>\n\n\n\n<p>Reklama<\/p>\n<\/blockquote>\n\n\n\n<blockquote class=\"wp-block-quote is-layout-flow wp-block-quote-is-layout-flow\">\n<p><strong>Chocia\u017c oni twierdz\u0105, \u017ce ten u\u015bmiech te\u017c jest fa\u0142szywy i przez to pod publik\u0119 &#8211; doda\u0142a jego \u017cona Maja.<\/strong><\/p>\n<\/blockquote>\n\n\n\n<p>Na koniec nieoczekiwanie nawi\u0105za\u0142 do zasady funkcjonuj\u0105cej w oddzia\u0142ach OMON-u &#8211; radzieckiej i rosyjskiej milicji prewencyjnej dzia\u0142aj\u0105cej w celu kontrolowania i powstrzymywania demonstracji i akt\u00f3w chuliga\u0144stwa, a tak\u017ce reagowania na sytuacje kryzysowe zwi\u0105zane z brutalnymi przest\u0119pstwami.<\/p>\n\n\n\n<blockquote class=\"wp-block-quote is-layout-flow wp-block-quote-is-layout-flow\">\n<p><strong>Jest jedno \u015bwietne, jedna \u015bwietna zasada \u017co\u0142nierzy OMON-u. Sorry, \u017ce si\u0119 powo\u0142uj\u0119 na nich, ale to jest historyczna zasada. Widzimy czasami r\u00f3wnie\u017c pewne materia\u0142y z tamtych lat, gdzie powiedzmy, wpojenie w ciebie i w twoj\u0105 psychik\u0119, zasady &#8211; bohaterem jeste\u015b dot\u0105d, dop\u00f3ki si\u0119 nim czujesz i nikt ci\u0119 nie z\u0142amie &#8211; to jest pewien sukces &#8211; podsumowa\u0142.<\/strong><\/p>\n\n\n\n<p>Reklama<\/p>\n<\/blockquote>\n\n\n\n<figure class=\"wp-block-image\"><img decoding=\"async\" src=\"https:\/\/wideoportal.tv\/static\/files\/inline_images\/161\/inline__1723278_9010.jpg\" alt=\"\"\/><\/figure>\n\n\n\n<p><em>Maja i Krzysztof Rutkowski, fot. KAPiF<\/em><\/p>\n\n\n\n<figure class=\"wp-block-image\"><img decoding=\"async\" src=\"https:\/\/wideoportal.tv\/static\/files\/inline_images\/161\/inline__1723278_7329.jpg\" alt=\"\"\/><\/figure>\n\n\n\n<p><em>Maja i Krzysztof Rutkowski, fot. KAPiF<\/em><\/p>\n\n\n\n<figure class=\"wp-block-image\"><img decoding=\"async\" src=\"https:\/\/wideoportal.tv\/static\/files\/inline_images\/161\/inline__1723278_5408.jpg\" alt=\"\"\/><\/figure>\n\n\n\n<p><em>Maja i Krzysztof Rutkowski, fot. KAPiF<\/em><\/p>\n\n\n\n<figure class=\"wp-block-image\"><img decoding=\"async\" src=\"https:\/\/wideoportal.tv\/static\/files\/inline_images\/161\/inline__1723278_7705.jpg\" alt=\"\"\/><\/figure>\n\n\n\n<p><em>Maja i Krzysztof Rutkowski, fot. KAPiF<\/em><\/p>\n","protected":false},"excerpt":{"rendered":"Kontrowersyjny detektyw i jego \u017cona zmagaj\u0105 si\u0119 z wieloma negatywnymi opiniami na sw\u00f3j temat. Krzysztof Rutkowski uwa\u017ca, \u017ce hejterzy s\u0105 hipokrytami, za\u015b ich \n<a class=\"moretag\" href=\"https:\/\/lifevery.biz.ua\/?p=1027\"> [...]<\/a>","protected":false},"author":1,"featured_media":1028,"comment_status":"open","ping_status":"open","sticky":false,"template":"","format":"standard","meta":{"footnotes":""},"categories":[1],"tags":[],"class_list":["post-1027","post","type-post","status-publish","format-standard","has-post-thumbnail","hentry","category-blog"],"_links":{"self":[{"href":"https:\/\/lifevery.biz.ua\/index.php?rest_route=\/wp\/v2\/posts\/1027","targetHints":{"allow":["GET"]}}],"collection":[{"href":"https:\/\/lifevery.biz.ua\/index.php?rest_route=\/wp\/v2\/posts"}],"about":[{"href":"https:\/\/lifevery.biz.ua\/index.php?rest_route=\/wp\/v2\/types\/post"}],"author":[{"embeddable":true,"href":"https:\/\/lifevery.biz.ua\/index.php?rest_route=\/wp\/v2\/users\/1"}],"replies":[{"embeddable":true,"href":"https:\/\/lifevery.biz.ua\/index.php?rest_route=%2Fwp%2Fv2%2Fcomments&post=1027"}],"version-history":[{"count":1,"href":"https:\/\/lifevery.biz.ua\/index.php?rest_route=\/wp\/v2\/posts\/1027\/revisions"}],"predecessor-version":[{"id":1029,"href":"https:\/\/lifevery.biz.ua\/index.php?rest_route=\/wp\/v2\/posts\/1027\/revisions\/1029"}],"wp:featuredmedia":[{"embeddable":true,"href":"https:\/\/lifevery.biz.ua\/index.php?rest_route=\/wp\/v2\/media\/1028"}],"wp:attachment":[{"href":"https:\/\/lifevery.biz.ua\/index.php?rest_route=%2Fwp%2Fv2%2Fmedia&parent=1027"}],"wp:term":[{"taxonomy":"category","embeddable":true,"href":"https:\/\/lifevery.biz.ua\/index.php?rest_route=%2Fwp%2Fv2%2Fcategories&post=1027"},{"taxonomy":"post_tag","embeddable":true,"href":"https:\/\/lifevery.biz.ua\/index.php?rest_route=%2Fwp%2Fv2%2Ftags&post=1027"}],"curies":[{"name":"wp","href":"https:\/\/api.w.org\/{rel}","templated":true}]}}