{"id":1024,"date":"2026-01-24T18:51:28","date_gmt":"2026-01-24T18:51:28","guid":{"rendered":"https:\/\/lifevery.biz.ua\/?p=1024"},"modified":"2026-01-24T18:51:28","modified_gmt":"2026-01-24T18:51:28","slug":"malgorzata-rozenek-wystapi-w-tancu-z-gwiazdami-nigdy-nie-mialam-zlych-stosunkow-z-dyrektorem-miszczakiem-tylko-w-wideoportalu","status":"publish","type":"post","link":"https:\/\/lifevery.biz.ua\/?p=1024","title":{"rendered":"Ma\u0142gorzata Rozenek wyst\u0105pi w Ta\u0144cu z Gwiazdami? Nigdy nie mia\u0142am z\u0142ych stosunk\u00f3w z dyrektorem Miszczakiem [TYLKO W WIDEOPORTALU]"},"content":{"rendered":"\n<p><a href=\"https:\/\/wideoportal.tv\/tag\/malgorzata-rozenek\/\"><strong>Ma\u0142gorzata Rozenek<\/strong><\/a>&nbsp;prowadzi programy telewizyjne ju\u017c od 13 lat. Do tej pory wszystkie pozycje prezenterki mo\u017cna by\u0142o ogl\u0105da\u0107 na kana\u0142ach telewizji TVN. Jej medialna kariera zacz\u0119\u0142a si\u0119 od &#8220;Perfekcyjnej Pani Domu&#8221;. Spor\u0105 ogl\u0105dalno\u015bci\u0105 cieszy\u0142 si\u0119 r\u00f3wnie\u017c &#8220;Projekt Lady&#8221;, w kt\u00f3rym celebrytka by\u0142a jednak postaci\u0105 drugoplanow\u0105.<\/p>\n\n\n\n<h2 class=\"wp-block-heading\"><strong>Ma\u0142gorzata Rozenek wyst\u0105pi w Ta\u0144cu z Gwiazdami? Nigdy nie mia\u0142am z\u0142ych stosunk\u00f3w z dyrektorem Miszczakiem [TYLKO W WIDEOPORTALU]<\/strong><\/h2>\n\n\n\n<p>Spo\u015br\u00f3d wielu produkcji jest jeszcze jedna, kt\u00f3ra przynios\u0142a Ma\u0142gorzacie Rozenek, a tak\u017ce jej m\u0119\u017cowi Rados\u0142awowi Majdanowi rozg\u0142os. To &#8220;Azja Express&#8221;, reality show, w kt\u00f3rym widzowie zobaczyli, \u017ce nie jest osob\u0105 sztywn\u0105 i protekcjonaln\u0105, ale to swojska babka, kobieta z krwi i ko\u015bci. I w\u0142a\u015bnie na powr\u00f3t tego programu czeka.<\/p>\n\n\n\n<p>Reklama<\/p>\n\n\n\n<p>My\u015bli jednak o nowych telewizyjnych wyzwaniach. Nie ukrywa, \u017ce chcia\u0142aby wyst\u0105pi\u0107 w &#8220;Ta\u0144cu z gwiazdami&#8221;.<\/p>\n\n\n\n<blockquote class=\"wp-block-quote is-layout-flow wp-block-quote-is-layout-flow\">\n<p><strong>Troch\u0119 \u017ca\u0142uj\u0119, \u017ce TVN straci\u0142 &#8220;Taniec z gwiazdami&#8221;, czyli my, to tam jest dom tego programu i mam nadziej\u0119, \u017ce kiedy\u015b wr\u00f3ci na anten\u0119 TVN &#8211; przyzna\u0142a w rozmowie z Wideoportalem.<\/strong><\/p>\n<\/blockquote>\n\n\n\n<p>Ma\u0142gorzata Rozenek by\u0142a ju\u017c blisko wzi\u0119cia udzia\u0142u w jednej z poprzednich edycji, mimo i\u017c program jest obecnie nadawany w konkurencyjnym Polsacie.<\/p>\n\n\n\n<blockquote class=\"wp-block-quote is-layout-flow wp-block-quote-is-layout-flow\">\n<p><strong>Tak, to jest jedna z tych plotek, w kt\u00f3rej by\u0142o wi\u0119cej prawdy ni\u017c plotki. Ja bardzo lubi\u0119 ta\u0144czy\u0107, bardzo lubi\u0119 ruch, bardzo lubi\u0119 ekspresj\u0119, uwielbiam dyscyplin\u0119, kt\u00f3r\u0105 niesie ze sob\u0105 taniec, wielogodzinne pr\u00f3by i my\u015bl\u0119, \u017ce to jest format, w kt\u00f3rym bym si\u0119 \u015bwietnie odnalaz\u0142a.<\/strong><\/p>\n\n\n\n<p>Reklama<\/p>\n<\/blockquote>\n\n\n\n<p>Zadeklarowa\u0142a jednocze\u015bnie lojalno\u015b\u0107 wobec telewizji TVN, kt\u00f3ra zapewni\u0142a jej popularno\u015b\u0107. Bierze pod uwag\u0119 udzia\u0142 w &#8220;Ta\u0144cu z gwiazdami&#8221; pod warunkiem, \u017ce program wr\u00f3ci do jej rodzimej stacji.<\/p>\n\n\n\n<blockquote class=\"wp-block-quote is-layout-flow wp-block-quote-is-layout-flow\">\n<p><strong>Jestem bardzo szcz\u0119\u015bliwa z miejsca, w kt\u00f3rym jestem w stacji TVN i gdyby &#8220;Taniec z gwiazdami&#8221; wr\u00f3ci\u0142 do TVN-u, na pewno bym w nim wyst\u0105pi\u0142a. Jestem regularnie zapraszana do edycji, natomiast moje serce jest niebiesko-\u017c\u00f3\u0142te \u2013 zapewni\u0142a, nawi\u0105zuj\u0105c do logo TVN-u.<\/strong><\/p>\n<\/blockquote>\n\n\n\n<p><strong><a href=\"https:\/\/wideoportal.tv\/artykul\/malgorzata-rozenek-pobiera-n1653442\">SPRAWD\u0179: Ma\u0142gorzata Rozenek pobiera 800 plus. Zaskakuj\u0105ce, co robi z otrzymywanymi pieni\u0119dzmi<\/a><\/strong><\/p>\n\n\n\n<p>Reklama<\/p>\n\n\n\n<p>Jak donosi\u0142y media, Polsat w pewnym momencie zrezygnowa\u0142 z rozm\u00f3w z celebrytk\u0105, poniewa\u017c zbyt d\u0142ugo si\u0119 waha\u0142a. Edward Miszczak wypowiedzia\u0142 si\u0119 na jej temat w zdecydowanie krytycznym tonie.<\/p>\n\n\n\n<blockquote class=\"wp-block-quote is-layout-flow wp-block-quote-is-layout-flow\">\n<p><strong>Ma\u0142gorzata Rozenek mia\u0142a zata\u0144czy\u0107 w &#8220;Ta\u0144cu z gwiazdami&#8221;. Ja jeszcze wtedy by\u0142em w TVN-nie i zostawi\u0142a ten Polsat w ci\u0105gu dw\u00f3ch minut. Wybra\u0142a inn\u0105 karier\u0119, kt\u00f3ra nigdzie jej nie zaprowadzi\u0142a &#8211; stwierdzi\u0142 w rozmowie z &#8220;Super Expressem&#8221;.<\/strong><\/p>\n<\/blockquote>\n\n\n\n<p>Ma\u0142gorzata Rozenek zapewni\u0142a, \u017ce nigdy nie mia\u0142a z\u0142ych relacji z Edwardem Miszczakiem. Uwa\u017ca, \u017ce konflikt pomi\u0119dzy nimi jest sztucznie kreowany.<\/p>\n\n\n\n<p>Reklama<\/p>\n\n\n\n<p>Jak zareagowa\u0142a na pytanie o Dod\u0119? Zobaczcie w powy\u017cszym wideo.<\/p>\n\n\n\n<figure class=\"wp-block-image\"><img decoding=\"async\" src=\"https:\/\/wideoportal.tv\/static\/files\/inline_images\/161\/inline__1723640_1295.jpg\" alt=\"\"\/><\/figure>\n\n\n\n<p><em>Ma\u0142gorzata Rozenek-Majdan, fot. KAPiF<\/em><\/p>\n\n\n\n<figure class=\"wp-block-image\"><img decoding=\"async\" src=\"https:\/\/wideoportal.tv\/static\/files\/inline_images\/161\/inline__1723640_3683.jpg\" alt=\"\"\/><\/figure>\n\n\n\n<p><em>Ma\u0142gorzata Rozenek-Majdan, fot. KAPiF<\/em><\/p>\n\n\n\n<figure class=\"wp-block-image\"><img decoding=\"async\" src=\"https:\/\/wideoportal.tv\/static\/files\/inline_images\/161\/inline__1723640_3200.jpg\" alt=\"\"\/><\/figure>\n\n\n\n<p><em>Edward Miszczak, fot. KAPiF<\/em><\/p>\n","protected":false},"excerpt":{"rendered":"Ma\u0142gorzata Rozenek&nbsp;prowadzi programy telewizyjne ju\u017c od 13 lat. Do tej pory wszystkie pozycje prezenterki mo\u017cna by\u0142o ogl\u0105da\u0107 na kana\u0142ach telewizji TVN. Jej medialna \n<a class=\"moretag\" href=\"https:\/\/lifevery.biz.ua\/?p=1024\"> [...]<\/a>","protected":false},"author":1,"featured_media":1025,"comment_status":"open","ping_status":"open","sticky":false,"template":"","format":"standard","meta":{"footnotes":""},"categories":[1],"tags":[],"class_list":["post-1024","post","type-post","status-publish","format-standard","has-post-thumbnail","hentry","category-blog"],"_links":{"self":[{"href":"https:\/\/lifevery.biz.ua\/index.php?rest_route=\/wp\/v2\/posts\/1024","targetHints":{"allow":["GET"]}}],"collection":[{"href":"https:\/\/lifevery.biz.ua\/index.php?rest_route=\/wp\/v2\/posts"}],"about":[{"href":"https:\/\/lifevery.biz.ua\/index.php?rest_route=\/wp\/v2\/types\/post"}],"author":[{"embeddable":true,"href":"https:\/\/lifevery.biz.ua\/index.php?rest_route=\/wp\/v2\/users\/1"}],"replies":[{"embeddable":true,"href":"https:\/\/lifevery.biz.ua\/index.php?rest_route=%2Fwp%2Fv2%2Fcomments&post=1024"}],"version-history":[{"count":1,"href":"https:\/\/lifevery.biz.ua\/index.php?rest_route=\/wp\/v2\/posts\/1024\/revisions"}],"predecessor-version":[{"id":1026,"href":"https:\/\/lifevery.biz.ua\/index.php?rest_route=\/wp\/v2\/posts\/1024\/revisions\/1026"}],"wp:featuredmedia":[{"embeddable":true,"href":"https:\/\/lifevery.biz.ua\/index.php?rest_route=\/wp\/v2\/media\/1025"}],"wp:attachment":[{"href":"https:\/\/lifevery.biz.ua\/index.php?rest_route=%2Fwp%2Fv2%2Fmedia&parent=1024"}],"wp:term":[{"taxonomy":"category","embeddable":true,"href":"https:\/\/lifevery.biz.ua\/index.php?rest_route=%2Fwp%2Fv2%2Fcategories&post=1024"},{"taxonomy":"post_tag","embeddable":true,"href":"https:\/\/lifevery.biz.ua\/index.php?rest_route=%2Fwp%2Fv2%2Ftags&post=1024"}],"curies":[{"name":"wp","href":"https:\/\/api.w.org\/{rel}","templated":true}]}}