{"id":1012,"date":"2026-01-24T18:39:15","date_gmt":"2026-01-24T18:39:15","guid":{"rendered":"https:\/\/lifevery.biz.ua\/?p=1012"},"modified":"2026-01-24T18:39:15","modified_gmt":"2026-01-24T18:39:15","slug":"doda-oskarzona-o-ocieplanie-wizerunku-wyciagacie-ze-komus-w-me-dalam-zaluje-ze-nie-mocniej","status":"publish","type":"post","link":"https:\/\/lifevery.biz.ua\/?p=1012","title":{"rendered":"Doda oskar\u017cona o ocieplanie wizerunku: WYCI\u0104GACIE, \u017bE KOMU\u015a W M***\u0118 DA\u0141AM, \u017bA\u0141UJ\u0118, \u017bE NIE MOCNIEJ"},"content":{"rendered":"\n<p>Doda ostatnio po\u015bwi\u0119ca si\u0119 ratowaniu ps\u00f3w w schroniskach. Pojawi\u0142y si\u0119 jednak g\u0142osy twierdz\u0105ce, \u017ce kontrowersyjna piosenkarka usilnie stara si\u0119 poprawi\u0107 sw\u00f3j zszargany wizerunek. Jest o tym przekonany Jan \u015apiewak. Doda w pe\u0142nych emocji s\u0142owach odnios\u0142a si\u0119 do krytyki. &#8220;Jak b\u0119dziecie mnie tak obra\u017ca\u0107, i b\u0119dziecie mnie tak n\u0119ka\u0107 i nachodzi\u0107, to po prostu p*****\u0119 to wszystko i pojad\u0119 na wakacje&#8221; &#8211; stwierdzi\u0142a w z\u0142o\u015bci.<\/p>\n\n\n\n<figure class=\"wp-block-image\"><img decoding=\"async\" src=\"https:\/\/wideoportal.tv\/static\/files\/inline_images\/161\/inline__1783901_7538.jpg\" alt=\"\"\/><\/figure>\n\n\n\n<p>Dla wielu os\u00f3b&nbsp;<a href=\"https:\/\/wideoportal.tv\/tag\/doda-dorota-rabczewska\/\"><strong>Doda<\/strong><\/a>&nbsp;to piosenkarka, showmanka i skandalistka. Teraz da\u0142a pozna\u0107 si\u0119 od innej strony &#8211; zaanga\u017cowa\u0142a si\u0119 w walk\u0119 o prawa ps\u00f3w \u017ale traktowanych w jednym ze schronisk dla zwierz\u0105t. Pojawi\u0142a si\u0119 nawet podczas obrad parlamentarnej Komisji Nadzwyczajnej ds. Ochrony Zwierz\u0105t, gdzie zasiad\u0142a naprzeciwko Ma\u0142gorzaty Rozenek-Majdan.<\/p>\n\n\n\n<h2 class=\"wp-block-heading\"><strong>Doda oskar\u017cona o ocieplanie wizerunku: WYCI\u0104GACIE, \u017bE KOMU\u015a W M***\u0118 DA\u0141AM, \u017bA\u0141UJ\u0118, \u017bE NIE MOCNIEJ<\/strong><\/h2>\n\n\n\n<p>Nie wszyscy wierz\u0105 w dobre intencje gwiazdy. Dzia\u0142acz spo\u0142eczny Jakub \u015apiewak uwa\u017ca, \u017ce Doda chce ociepli\u0107 sw\u00f3j mocno nadszarpni\u0119ty wizerunek.<\/p>\n\n\n\n<blockquote class=\"wp-block-quote is-layout-flow wp-block-quote-is-layout-flow\">\n<p><strong>Dzi\u015b Doda robi medialno-polityczne tournee, nag\u0142a\u015bniaj\u0105c patologie w schroniskach. I tak &#8211; to realny, bardzo powa\u017cny problem, kt\u00f3rym od lat zajmuj\u0105 si\u0119 organizacje i spo\u0142ecznicy. Zazwyczaj po cichu, bez kamer i braw. Tymczasem Doda jest fetowana, zapraszana do medi\u00f3w i salon\u00f3w, a nikt nie pami\u0119ta o szanta\u017cach, pobiciach ani o 60 mln z\u0142, kt\u00f3re wyparowa\u0142y z jej firmy. I to w\u0142a\u015bnie pokazuje, jak \u0142atwo dzi\u015b zamieni\u0107 g\u0142o\u015bne i ci\u0119\u017ckie zarzuty w moralne rozgrzeszenie. To sytuacja, w kt\u00f3rej kto\u015b g\u0142o\u015bno pokazuje swoj\u0105 &#8220;pomoc&#8221;, ale robi to g\u0142\u00f3wnie po to, \u017ceby poprawi\u0107 sobie wizerunek albo przykry\u0107 kontrowersje &#8211; napisa\u0142 w mediach spo\u0142eczno\u015bciowych.<\/strong><\/p>\n<\/blockquote>\n\n\n\n<blockquote class=\"instagram-media\" data-instgrm-captioned data-instgrm-permalink=\"https:\/\/www.instagram.com\/p\/DTxE_V-CMit\/?utm_source=ig_embed&amp;utm_campaign=loading\" data-instgrm-version=\"14\" style=\" background:#FFF; border:0; border-radius:3px; box-shadow:0 0 1px 0 rgba(0,0,0,0.5),0 1px 10px 0 rgba(0,0,0,0.15); margin: 1px; max-width:540px; min-width:326px; padding:0; width:99.375%; width:-webkit-calc(100% - 2px); width:calc(100% - 2px);\"><div style=\"padding:16px;\"> <a href=\"https:\/\/www.instagram.com\/p\/DTxE_V-CMit\/?utm_source=ig_embed&amp;utm_campaign=loading\" style=\" background:#FFFFFF; line-height:0; padding:0 0; text-align:center; text-decoration:none; width:100%;\" target=\"_blank\"> <div style=\" display: flex; flex-direction: row; align-items: center;\"> <div style=\"background-color: #F4F4F4; border-radius: 50%; flex-grow: 0; height: 40px; margin-right: 14px; width: 40px;\"><\/div> <div style=\"display: flex; flex-direction: column; flex-grow: 1; justify-content: center;\"> <div style=\" background-color: #F4F4F4; border-radius: 4px; flex-grow: 0; height: 14px; margin-bottom: 6px; width: 100px;\"><\/div> <div style=\" background-color: #F4F4F4; border-radius: 4px; flex-grow: 0; height: 14px; width: 60px;\"><\/div><\/div><\/div><div style=\"padding: 19% 0;\"><\/div> <div style=\"display:block; height:50px; margin:0 auto 12px; width:50px;\"><svg width=\"50px\" height=\"50px\" viewBox=\"0 0 60 60\" version=\"1.1\" xmlns=\"https:\/\/www.w3.org\/2000\/svg\" xmlns:xlink=\"https:\/\/www.w3.org\/1999\/xlink\"><g stroke=\"none\" stroke-width=\"1\" fill=\"none\" fill-rule=\"evenodd\"><g transform=\"translate(-511.000000, -20.000000)\" fill=\"#000000\"><g><path d=\"M556.869,30.41 C554.814,30.41 553.148,32.076 553.148,34.131 C553.148,36.186 554.814,37.852 556.869,37.852 C558.924,37.852 560.59,36.186 560.59,34.131 C560.59,32.076 558.924,30.41 556.869,30.41 M541,60.657 C535.114,60.657 530.342,55.887 530.342,50 C530.342,44.114 535.114,39.342 541,39.342 C546.887,39.342 551.658,44.114 551.658,50 C551.658,55.887 546.887,60.657 541,60.657 M541,33.886 C532.1,33.886 524.886,41.1 524.886,50 C524.886,58.899 532.1,66.113 541,66.113 C549.9,66.113 557.115,58.899 557.115,50 C557.115,41.1 549.9,33.886 541,33.886 M565.378,62.101 C565.244,65.022 564.756,66.606 564.346,67.663 C563.803,69.06 563.154,70.057 562.106,71.106 C561.058,72.155 560.06,72.803 558.662,73.347 C557.607,73.757 556.021,74.244 553.102,74.378 C549.944,74.521 548.997,74.552 541,74.552 C533.003,74.552 532.056,74.521 528.898,74.378 C525.979,74.244 524.393,73.757 523.338,73.347 C521.94,72.803 520.942,72.155 519.894,71.106 C518.846,70.057 518.197,69.06 517.654,67.663 C517.244,66.606 516.755,65.022 516.623,62.101 C516.479,58.943 516.448,57.996 516.448,50 C516.448,42.003 516.479,41.056 516.623,37.899 C516.755,34.978 517.244,33.391 517.654,32.338 C518.197,30.938 518.846,29.942 519.894,28.894 C520.942,27.846 521.94,27.196 523.338,26.654 C524.393,26.244 525.979,25.756 528.898,25.623 C532.057,25.479 533.004,25.448 541,25.448 C548.997,25.448 549.943,25.479 553.102,25.623 C556.021,25.756 557.607,26.244 558.662,26.654 C560.06,27.196 561.058,27.846 562.106,28.894 C563.154,29.942 563.803,30.938 564.346,32.338 C564.756,33.391 565.244,34.978 565.378,37.899 C565.522,41.056 565.552,42.003 565.552,50 C565.552,57.996 565.522,58.943 565.378,62.101 M570.82,37.631 C570.674,34.438 570.167,32.258 569.425,30.349 C568.659,28.377 567.633,26.702 565.965,25.035 C564.297,23.368 562.623,22.342 560.652,21.575 C558.743,20.834 556.562,20.326 553.369,20.18 C550.169,20.033 549.148,20 541,20 C532.853,20 531.831,20.033 528.631,20.18 C525.438,20.326 523.257,20.834 521.349,21.575 C519.376,22.342 517.703,23.368 516.035,25.035 C514.368,26.702 513.342,28.377 512.574,30.349 C511.834,32.258 511.326,34.438 511.181,37.631 C511.035,40.831 511,41.851 511,50 C511,58.147 511.035,59.17 511.181,62.369 C511.326,65.562 511.834,67.743 512.574,69.651 C513.342,71.625 514.368,73.296 516.035,74.965 C517.703,76.634 519.376,77.658 521.349,78.425 C523.257,79.167 525.438,79.673 528.631,79.82 C531.831,79.965 532.853,80.001 541,80.001 C549.148,80.001 550.169,79.965 553.369,79.82 C556.562,79.673 558.743,79.167 560.652,78.425 C562.623,77.658 564.297,76.634 565.965,74.965 C567.633,73.296 568.659,71.625 569.425,69.651 C570.167,67.743 570.674,65.562 570.82,62.369 C570.966,59.17 571,58.147 571,50 C571,41.851 570.966,40.831 570.82,37.631\"><\/path><\/g><\/g><\/g><\/svg><\/div><div style=\"padding-top: 8px;\"> <div style=\" color:#3897f0; font-family:Arial,sans-serif; font-size:14px; font-style:normal; font-weight:550; line-height:18px;\">\u041f\u043e\u0441\u043c\u043e\u0442\u0440\u0435\u0442\u044c \u044d\u0442\u0443 \u043f\u0443\u0431\u043b\u0438\u043a\u0430\u0446\u0438\u044e \u0432 Instagram<\/div><\/div><div style=\"padding: 12.5% 0;\"><\/div> <div style=\"display: flex; flex-direction: row; margin-bottom: 14px; align-items: center;\"><div> <div style=\"background-color: #F4F4F4; border-radius: 50%; height: 12.5px; width: 12.5px; transform: translateX(0px) translateY(7px);\"><\/div> <div style=\"background-color: #F4F4F4; height: 12.5px; transform: rotate(-45deg) translateX(3px) translateY(1px); width: 12.5px; flex-grow: 0; margin-right: 14px; margin-left: 2px;\"><\/div> <div style=\"background-color: #F4F4F4; border-radius: 50%; height: 12.5px; width: 12.5px; transform: translateX(9px) translateY(-18px);\"><\/div><\/div><div style=\"margin-left: 8px;\"> <div style=\" background-color: #F4F4F4; border-radius: 50%; flex-grow: 0; height: 20px; width: 20px;\"><\/div> <div style=\" width: 0; height: 0; border-top: 2px solid transparent; border-left: 6px solid #f4f4f4; border-bottom: 2px solid transparent; transform: translateX(16px) translateY(-4px) rotate(30deg)\"><\/div><\/div><div style=\"margin-left: auto;\"> <div style=\" width: 0px; border-top: 8px solid #F4F4F4; border-right: 8px solid transparent; transform: translateY(16px);\"><\/div> <div style=\" background-color: #F4F4F4; flex-grow: 0; height: 12px; width: 16px; transform: translateY(-4px);\"><\/div> <div style=\" width: 0; height: 0; border-top: 8px solid #F4F4F4; border-left: 8px solid transparent; transform: translateY(-4px) translateX(8px);\"><\/div><\/div><\/div> <div style=\"display: flex; flex-direction: column; flex-grow: 1; justify-content: center; margin-bottom: 24px;\"> <div style=\" background-color: #F4F4F4; border-radius: 4px; flex-grow: 0; height: 14px; margin-bottom: 6px; width: 224px;\"><\/div> <div style=\" background-color: #F4F4F4; border-radius: 4px; flex-grow: 0; height: 14px; width: 144px;\"><\/div><\/div><\/a><p style=\" color:#c9c8cd; font-family:Arial,sans-serif; font-size:14px; line-height:17px; margin-bottom:0; margin-top:8px; overflow:hidden; padding:8px 0 7px; text-align:center; text-overflow:ellipsis; white-space:nowrap;\"><a href=\"https:\/\/www.instagram.com\/p\/DTxE_V-CMit\/?utm_source=ig_embed&amp;utm_campaign=loading\" style=\" color:#c9c8cd; font-family:Arial,sans-serif; font-size:14px; font-style:normal; font-weight:normal; line-height:17px; text-decoration:none;\" target=\"_blank\">\u041f\u0443\u0431\u043b\u0438\u043a\u0430\u0446\u0438\u044f \u043e\u0442 Jan S\u0301piewak (@janekspiewak)<\/a><\/p><\/div><\/blockquote>\n<script async src=\"\/\/www.instagram.com\/embed.js\"><\/script>\n\n\n\n<p>W ostatnim czasie pojawi\u0142o si\u0119 wiele materia\u0142\u00f3w wideo na YouTubie, w kt\u00f3rych ukazano przesz\u0142o\u015b\u0107 Dody w negatywnym \u015bwietle. Z najwi\u0119kszym odzewem spotka\u0142y si\u0119 szokuj\u0105ce wywiady udzielane przez jej drugiego m\u0119\u017ca Emila St\u0119pnia oraz reporta\u017c Kuby W\u0105tora &#8220;Doda: Zmy\u015blone \u017cycie i kariera. K\u0142amstwa, afery, tajemnice&#8221;. Wokalistka w nagraniu umieszczonym na Instagramie nie kryje oburzenia.<\/p>\n\n\n\n<blockquote class=\"wp-block-quote is-layout-flow wp-block-quote-is-layout-flow\">\n<p><strong>Kochani, jak chcecie mnie obra\u017ca\u0107 i podawa\u0107 w w\u0105tpliwo\u015b\u0107 \u017ce to, co robi\u0119 od dw\u00f3ch tygodni, \u017ce moje intencje s\u0105 takie obrzydliwe, okrutne i niedobre, to obra\u017cajcie mnie w bardziej pomys\u0142owy spos\u00f3b. Wyci\u0105gacie rzeczy sprzed dekady, \u017ce komu\u015b w mord\u0119 da\u0142am. Naprawd\u0119 \u017ca\u0142uj\u0119 tylko, \u017ce nie da\u0142am mocniej w niekt\u00f3rych przypadkach. (\u2026) Ja te\u017c mam swoje nerwy. Jak b\u0119dziecie mnie tak obra\u017ca\u0107, i b\u0119dziecie mnie tak n\u0119ka\u0107 i nachodzi\u0107, to po prostu p*****\u0119 to wszystko i pojad\u0119 na wakacje, jak 99 procent gwiazd. Te\u017c mam swoj\u0105 wytrzyma\u0142o\u015b\u0107 psychiczn\u0105. Zaznaczam, \u017ce ps\u00f3w nie obchodzi, kto im pomaga i kto im ociepla budy w\u0142asnor\u0119cznie &#8211; stwierdzi\u0142a.<\/strong><\/p>\n\n\n\n<p>Reklama<\/p>\n<\/blockquote>\n\n\n\n<p>Zapewni\u0142a, \u017ce ma na swoim koncie wiele dobrych uczynk\u00f3w, znacznie wi\u0119cej ni\u017c osoby, kt\u00f3re j\u0105 krytykuj\u0105.<\/p>\n\n\n\n<blockquote class=\"wp-block-quote is-layout-flow wp-block-quote-is-layout-flow\">\n<p><strong>Wystarczy, \u017ce mnie psy lubi\u0105 i jestem szcz\u0119\u015bliwa. Niech wszyscy ci hejtuj\u0105cy zrobi\u0105 po\u0142ow\u0119 tego dobrego co ja przez ca\u0142e swoje \u017cycie. To wtedy b\u0119d\u0105 mieli prawo wypowiada\u0107 si\u0119 na m\u00f3j temat.&nbsp;<\/strong><\/p>\n<\/blockquote>\n\n\n\n<p><strong><a href=\"https:\/\/wideoportal.tv\/artykul\/doda-ostro-o-serii-nieprzychylnych-n1774183\">SPRAWD\u0179: Doda ostro o serii nieprzychylnych materia\u0142\u00f3w wideo: CHC\u0104 ZNISZCZY\u0106 MOJ\u0104 KARIER\u0118!<\/a><\/strong><\/p>\n\n\n\n<p>Doda poruszy\u0142a r\u00f3wnie\u017c temat WO\u015aP i Jurka Owsiaka, z kt\u00f3rym ma na pie\u0144ku od wielu lat. Zaapelowa\u0142a do szefa Orkiestry o wycofanie si\u0119 z tegorocznego &#8220;\u015awiate\u0142ka do nieba&#8221; organizowanego na b\u0142oniach PGE Narodowego, aby fajerwerki nie wystraszy\u0142y zwierz\u0105t.<\/p>\n\n\n\n<p>Reklama<\/p>\n\n\n\n<blockquote class=\"wp-block-quote is-layout-flow wp-block-quote-is-layout-flow\">\n<p><strong>I przy okazji dowiedzia\u0142am si\u0119, co szczerze to mi si\u0119 w g\u0142owie nie mie\u015bci, \u017ce do tej pory nie uda\u0142o si\u0119 przekona\u0107 Owsiaka, do tego, \u017ceby nie strzela\u0142 \u015bwiate\u0142ka do nieba. Jurek, pomaga\u0142am ci przez pierwsze 20 lat, od 13 roku \u017cycia, a\u017c nam si\u0119 drugi rozesz\u0142y i si\u0119 por\u00f3\u017cnili\u015bmy wiadomo w jakiej kwestii, ale nie mo\u017cesz dawa\u0107 jednym \u017cycie, by odbiera\u0107 drugim. Ju\u017c daj spok\u00f3j, nie strzelaj w tym roku &#8211; przekaza\u0142a.<\/strong><\/p>\n<\/blockquote>\n\n\n\n<p>W tym przypadku Doda jest w b\u0142\u0119dzie, poniewa\u017c od 2024 &#8220;\u015awiate\u0142ko do nieba&#8221; w Warszawie ma form\u0119 bezg\u0142o\u015bnych pokaz\u00f3w laserowych. Doda jest uprzedzona w stosunku do WO\u015aP od dawna. Podczas jednego z fina\u0142\u00f3w Jurek Owsiak nie zainterweniowa\u0142, kiedy piosenkarka nie zosta\u0142a wpuszczona do studia TVN-u. Szef Orkiestry przeprosi\u0142 Dod\u0119, twierdz\u0105c, \u017ce nie wiedzia\u0142 o zaistnia\u0142ej sytuacji.<\/p>\n\n\n\n<p>Reklama<\/p>\n\n\n\n<figure class=\"wp-block-image\"><img decoding=\"async\" src=\"https:\/\/wideoportal.tv\/static\/files\/inline_images\/161\/inline__1783901_5796.jpg\" alt=\"\"\/><\/figure>\n\n\n\n<p><em>Doda, fot. KAPiF<\/em><\/p>\n\n\n\n<figure class=\"wp-block-image\"><img decoding=\"async\" src=\"https:\/\/wideoportal.tv\/static\/files\/inline_images\/161\/inline__1783901_6242.jpg\" alt=\"\"\/><\/figure>\n\n\n\n<p><em>Doda, fot. KAPiF<\/em><\/p>\n\n\n\n<figure class=\"wp-block-image\"><img decoding=\"async\" src=\"https:\/\/wideoportal.tv\/static\/files\/inline_images\/161\/inline__1783901_5073.jpg\" alt=\"\"\/><\/figure>\n\n\n\n<p><em>Doda, fot. KAPiF<\/em><\/p>\n\n\n\n<figure class=\"wp-block-image\"><img decoding=\"async\" src=\"https:\/\/wideoportal.tv\/static\/files\/inline_images\/161\/inline__1783901_9878.jpg\" alt=\"\"\/><\/figure>\n\n\n\n<p><em>Doda, fot. Instagram<\/em><\/p>\n\n\n\n<figure class=\"wp-block-image\"><img decoding=\"async\" src=\"https:\/\/wideoportal.tv\/static\/files\/inline_images\/161\/inline__1783901_2623.jpg\" alt=\"\"\/><\/figure>\n\n\n\n<p><em>Doda, fot. Instagram<\/em><\/p>\n\n\n\n<figure class=\"wp-block-image\"><img decoding=\"async\" src=\"https:\/\/wideoportal.tv\/static\/files\/inline_images\/161\/inline__1783901_6335.png\" alt=\"\"\/><\/figure>\n\n\n\n<p><em>Doda, fot. Instagram<\/em><\/p>\n\n\n\n<figure class=\"wp-block-image\"><img decoding=\"async\" src=\"https:\/\/wideoportal.tv\/static\/files\/inline_images\/161\/inline__1783901_5062.jpg\" alt=\"\"\/><\/figure>\n\n\n\n<p><em>Doda, Ma\u0142gorzata Rozenek-Majdan, fot. Tomasz Jastrz\u0119bowski\/REPORTER<\/em><\/p>\n\n\n\n<figure class=\"wp-block-image\"><img decoding=\"async\" src=\"https:\/\/wideoportal.tv\/static\/files\/inline_images\/161\/inline__1783901_7433.jpg\" alt=\"\"\/><\/figure>\n\n\n\n<p><em>Jerzy Owsiak, Doda, fot. KAPiF<\/em><\/p>\n","protected":false},"excerpt":{"rendered":"Doda ostatnio po\u015bwi\u0119ca si\u0119 ratowaniu ps\u00f3w w schroniskach. Pojawi\u0142y si\u0119 jednak g\u0142osy twierdz\u0105ce, \u017ce kontrowersyjna piosenkarka usilnie stara si\u0119 poprawi\u0107 sw\u00f3j zszargany wizerunek. \n<a class=\"moretag\" href=\"https:\/\/lifevery.biz.ua\/?p=1012\"> [...]<\/a>","protected":false},"author":1,"featured_media":1013,"comment_status":"open","ping_status":"open","sticky":false,"template":"","format":"standard","meta":{"footnotes":""},"categories":[1],"tags":[],"class_list":["post-1012","post","type-post","status-publish","format-standard","has-post-thumbnail","hentry","category-blog"],"_links":{"self":[{"href":"https:\/\/lifevery.biz.ua\/index.php?rest_route=\/wp\/v2\/posts\/1012","targetHints":{"allow":["GET"]}}],"collection":[{"href":"https:\/\/lifevery.biz.ua\/index.php?rest_route=\/wp\/v2\/posts"}],"about":[{"href":"https:\/\/lifevery.biz.ua\/index.php?rest_route=\/wp\/v2\/types\/post"}],"author":[{"embeddable":true,"href":"https:\/\/lifevery.biz.ua\/index.php?rest_route=\/wp\/v2\/users\/1"}],"replies":[{"embeddable":true,"href":"https:\/\/lifevery.biz.ua\/index.php?rest_route=%2Fwp%2Fv2%2Fcomments&post=1012"}],"version-history":[{"count":1,"href":"https:\/\/lifevery.biz.ua\/index.php?rest_route=\/wp\/v2\/posts\/1012\/revisions"}],"predecessor-version":[{"id":1014,"href":"https:\/\/lifevery.biz.ua\/index.php?rest_route=\/wp\/v2\/posts\/1012\/revisions\/1014"}],"wp:featuredmedia":[{"embeddable":true,"href":"https:\/\/lifevery.biz.ua\/index.php?rest_route=\/wp\/v2\/media\/1013"}],"wp:attachment":[{"href":"https:\/\/lifevery.biz.ua\/index.php?rest_route=%2Fwp%2Fv2%2Fmedia&parent=1012"}],"wp:term":[{"taxonomy":"category","embeddable":true,"href":"https:\/\/lifevery.biz.ua\/index.php?rest_route=%2Fwp%2Fv2%2Fcategories&post=1012"},{"taxonomy":"post_tag","embeddable":true,"href":"https:\/\/lifevery.biz.ua\/index.php?rest_route=%2Fwp%2Fv2%2Ftags&post=1012"}],"curies":[{"name":"wp","href":"https:\/\/api.w.org\/{rel}","templated":true}]}}